{"id":120714,"date":"2017-08-28T20:38:18","date_gmt":"2017-08-28T22:38:18","guid":{"rendered":"http:\/\/aconteceunovale.com.br\/portal\/?p=120714"},"modified":"2017-08-28T20:38:18","modified_gmt":"2017-08-28T22:38:18","slug":"mpf-diz-a-camara-dos-vereadores-de-bh-que-escola-sem-partido-e-inconstitucional","status":"publish","type":"post","link":"https:\/\/aconteceunovale.com.br\/portal\/?p=120714","title":{"rendered":"MPF diz \u00e0 C\u00e2mara dos Vereadores de BH que Escola sem Partido \u00e9 inconstitucional"},"content":{"rendered":"<p>O Minist\u00e9rio P\u00fablico Federal (MPF) anunciou hoje (28\/08\/2017) que encaminhou \u00e0 C\u00e2mara Municipal de Belo Horizonte of\u00edcios alertando para a inconstitucionalidade do projeto Escola sem Partido. A proposta est\u00e1 em tramita\u00e7\u00e3o no legislativo da capital mineira desde junho, por meio do Projeto de Lei (PL) 274\/2017.<\/p>\n<p>No seu artigo 3\u00ba, o PL determina que o professor n\u00e3o pode se aproveitar da audi\u00eancia cativa de seus alunos para promover pr\u00f3prios interesses, opini\u00f5es, concep\u00e7\u00f5es ou prefer\u00eancias ideol\u00f3gicas, religiosas, morais, pol\u00edticas e partid\u00e1rias. Outra veda\u00e7\u00e3o ao docente \u00e9 a de incitar alunos a participar de manifesta\u00e7\u00f5es, atos p\u00fablicos e passeatas.<\/p>\n<p>O projeto tamb\u00e9m estabelece, em seu artigo 2\u00ba, que o Poder P\u00fablico &#8220;n\u00e3o imiscuir\u00e1 na orienta\u00e7\u00e3o sexual dos alunos nem permitir\u00e1 qualquer pr\u00e1tica capaz de comprometer o desenvolvimento de sua personalidade em harmonia com a respectiva identidade biol\u00f3gica de sexo, sendo vedada, especialmente, aplica\u00e7\u00e3o dos postulados da teoria ou ideologia de g\u00eanero&#8221;.<\/p>\n<p>Os of\u00edcios do MPF foram enviados ao presidente da C\u00e2mara Municipal, Henrique Braga (PSDB), e aos vereadores Autair Gomes (PSC) e Arnaldo Godoy (PT), respectivamente presidentes da Comiss\u00e3o de Legisla\u00e7\u00e3o e Justi\u00e7a e da Comiss\u00e3o de Educa\u00e7\u00e3o, Ci\u00eancia, Tecnologia, Cultura, Desporto, Lazer e Turismo. Outro documento tratando do mesmo assunto foi destinado \u00e0 Secretaria Municipal de Educa\u00e7\u00e3o.<\/p>\n<p>o MPF lembra aos destinat\u00e1rios que o Supremo Tribunal Federal (STF) concedeu em mar\u00e7o uma liminar suspendendo lei similar aprovada no estado de Alagoas. Os of\u00edcios trazem trechos da decis\u00e3o assinada pelo ministro Lu\u00eds Roberto Barroso.<\/p>\n<p>&#8220;A ideia de neutralidade pol\u00edtica e ideol\u00f3gica \u00e9 antag\u00f4nica \u00e0 de prote\u00e7\u00e3o ao pluralismo de ideias e de concep\u00e7\u00f5es pedag\u00f3gicas e \u00e0 promo\u00e7\u00e3o da toler\u00e2ncia, tal como previstas na Lei de Diretrizes e Bases&#8221;, resgistra o despacho.<\/p>\n<p>Barroso tamb\u00e9m afirma que os pais n\u00e3o podem pretender limitar o universo informacional de seus filhos e nem exigir que escola censure qualquer conte\u00fado, pois seria uma viola\u00e7\u00e3o ao pluralismo e ao direito de aprender.<\/p>\n<p>Nos documentos enviados, o MPF destaca tamb\u00e9m que h\u00e1 v\u00edcios de origem no projeto, pois somente a Uni\u00e3o poderia legislar sobre diretrizes e bases da educa\u00e7\u00e3o, sendo que estados e munic\u00edpios n\u00e3o poderiam sequer complementar as normas federais. Os of\u00edcios foram assinados pelos procuradores dos direitos do cidad\u00e3o Helder Magno da Silva e Edmundo Antonio Dias e datam de 22 de agosto.<\/p>\n<p><strong>Tramita\u00e7\u00e3o<\/strong><\/p>\n<p>O Escola Sem Partido foi apresentado por um conjunto de 21 vereadores, inclusive Autair Gomes, que \u00e9 um dos destinat\u00e1rios dos of\u00edcios do MPF. Na justificativa, os signat\u00e1rios da proposta afirmam que ela \u00e9 necess\u00e1ria porque &#8220;professores e autores de livros did\u00e1ticos v\u00eam-se utilizando de suas aulas e de suas obras para tentar obter a ades\u00e3o dos estudantes a determinadas correntes pol\u00edticas e ideol\u00f3gicas&#8221;.<\/p>\n<p>Em 18 de julho, a Comiss\u00e3o de Legisla\u00e7\u00e3o e Justi\u00e7a aprovou relat\u00f3rio do vereador Iran Melo (PR). O parecer aponta para a constitucionalidade, a legalidade e a regimentalidade do projeto. De acordo com o relator, &#8220;o Programa Escola sem Partido visa proteger a liberdade de c\u00e1tedra, a fim de que aluno possa receber do professor o conte\u00fado de informa\u00e7\u00f5es, conhecimento, arte e saberes adequados ao seu pleno desenvolvimento individual, social e cultural&#8221;.<\/p>\n<p>Iran Melo tamb\u00e9m afirma em seu relat\u00f3rio que a iniciativa permitir\u00e1 que o professor possa exercer o seu of\u00edcio sem press\u00f5es indevidas de grupos pol\u00edtico-partid\u00e1rios e argumenta que a liberdade de express\u00e3o n\u00e3o \u00e9 absoluta, encontrando limites na legisla\u00e7\u00e3o.<\/p>\n<p>&#8220;No contexto da rela\u00e7\u00e3o catedr\u00e1tica entre aluno e professor, \u00e9 preciso obtemperar o exerc\u00edcio dos direitos e garantias fundamentais, inclusive as liberdades, com o exerc\u00edcio das fun\u00e7\u00f5es de magist\u00e9rio&#8221;, escreveu. Para Iran Melo, se aprovado, o projeto de lei permitiria o exerc\u00edcio dos controles estatal, familiar e social das a\u00e7\u00f5es ou omiss\u00f5es dos \u00f3rg\u00e3os e institui\u00e7\u00f5es de ensino e dos professores, de forma a exigir o cumprimento das normas constitucionais, inclusive a que veda a partidariza\u00e7\u00e3o pol\u00edtica do sistema de ensino.<\/p>\n<p>Atualmente o projeto tramita na Comiss\u00e3o de Educa\u00e7\u00e3o, Ci\u00eancia, Tecnologia, Cultura, Desporto, Lazer e Turismo. H\u00e1 duas semanas, foi aprovada proposta do relator Gilson Reis (PCdoB) para encaminhar \u00e0 Secretaria Municipal de Educa\u00e7\u00e3o uma lista de quatro perguntas que avaliam as implica\u00e7\u00f5es do projeto.<\/p>\n<p><strong>VER PRIMEIRO<\/strong><\/p>\n<p>Receba as not\u00edcias do Aconteceu no Vale em primeira m\u00e3o. Clique em curtir no endere\u00e7o <a href=\"https:\/\/www.facebook.com\/aconteceunovale\" target=\"_blank\"><font color=\"red\">www.facebook.com\/aconteceunovale<\/font><\/a> ou no box abaixo:<\/p>\n<div class=\"fb-like\" data-href=\"https:\/\/www.facebook.com\/aconteceunovale\" data-width=\"120\" data-layout=\"standard\" data-action=\"like\" data-size=\"small\" data-show-faces=\"true\" data-share=\"true\"><\/div>\n<p><\/br><\/p>\n<p><em>(Fonte: Ag\u00eancia Brasil)<\/em><\/p>\n","protected":false},"excerpt":{"rendered":"<p>O Minist\u00e9rio P\u00fablico Federal (MPF) anunciou hoje (28\/08\/2017) que encaminhou \u00e0 C\u00e2mara Municipal de Belo Horizonte of\u00edcios alertando para a inconstitucionalidade do projeto Escola sem Partido. A proposta est\u00e1 em tramita\u00e7\u00e3o no legislativo da capital mineira desde junho, por meio do Projeto de Lei (PL) 274\/2017. No seu artigo 3\u00ba, o PL determina que o [&hellip;]<\/p>\n","protected":false},"author":1,"featured_media":114832,"comment_status":"open","ping_status":"closed","sticky":false,"template":"","format":"standard","meta":{"amp_status":"","footnotes":""},"categories":[123,40240],"tags":[194,1017,129106,129315,158556,158551,158550,129102,122864,158552,158553,131,5667,18887,158549,158554,158555],"class_list":["post-120714","post","type-post","status-publish","format-standard","has-post-thumbnail","hentry","category-gerais","category-politica-2","tag-belo-horizonte","tag-bh","tag-camara-de-belo-horizonte","tag-camara-de-bh","tag-camara-de-vereadores-de-belo-horizonte","tag-camara-de-vereadores-de-bh","tag-camara-dos-vereadores-de-bh","tag-camara-municipal-de-belo-horizonte","tag-escola-sem-partido","tag-escola-sem-partido-e-inconstitucional","tag-inconstitucionalidade-do-projeto-escola-sem-partido","tag-minas-gerais","tag-ministerio-publico-federal","tag-mpf","tag-mpf-diz-a-camara-dos-vereadores-de-bh-que-escola-sem-partido-e-inconstitucional","tag-pl-2742017","tag-projeto-de-lei-2742017"],"_links":{"self":[{"href":"https:\/\/aconteceunovale.com.br\/portal\/index.php?rest_route=\/wp\/v2\/posts\/120714","targetHints":{"allow":["GET"]}}],"collection":[{"href":"https:\/\/aconteceunovale.com.br\/portal\/index.php?rest_route=\/wp\/v2\/posts"}],"about":[{"href":"https:\/\/aconteceunovale.com.br\/portal\/index.php?rest_route=\/wp\/v2\/types\/post"}],"author":[{"embeddable":true,"href":"https:\/\/aconteceunovale.com.br\/portal\/index.php?rest_route=\/wp\/v2\/users\/1"}],"replies":[{"embeddable":true,"href":"https:\/\/aconteceunovale.com.br\/portal\/index.php?rest_route=%2Fwp%2Fv2%2Fcomments&post=120714"}],"version-history":[{"count":0,"href":"https:\/\/aconteceunovale.com.br\/portal\/index.php?rest_route=\/wp\/v2\/posts\/120714\/revisions"}],"wp:featuredmedia":[{"embeddable":true,"href":"https:\/\/aconteceunovale.com.br\/portal\/index.php?rest_route=\/wp\/v2\/media\/114832"}],"wp:attachment":[{"href":"https:\/\/aconteceunovale.com.br\/portal\/index.php?rest_route=%2Fwp%2Fv2%2Fmedia&parent=120714"}],"wp:term":[{"taxonomy":"category","embeddable":true,"href":"https:\/\/aconteceunovale.com.br\/portal\/index.php?rest_route=%2Fwp%2Fv2%2Fcategories&post=120714"},{"taxonomy":"post_tag","embeddable":true,"href":"https:\/\/aconteceunovale.com.br\/portal\/index.php?rest_route=%2Fwp%2Fv2%2Ftags&post=120714"}],"curies":[{"name":"wp","href":"https:\/\/api.w.org\/{rel}","templated":true}]}}