{"id":120711,"date":"2017-08-28T20:31:00","date_gmt":"2017-08-28T22:31:00","guid":{"rendered":"http:\/\/aconteceunovale.com.br\/portal\/?p=120711"},"modified":"2017-08-28T20:31:00","modified_gmt":"2017-08-28T22:31:00","slug":"gasolina-fica-mais-cara-a-partir-desta-terca-feira","status":"publish","type":"post","link":"https:\/\/aconteceunovale.com.br\/portal\/?p=120711","title":{"rendered":"Gasolina fica mais cara a partir desta ter\u00e7a-feira"},"content":{"rendered":"<p>A partir de amanh\u00e3 (29\/08\/2017), o pre\u00e7o da gasolina nas refinarias sofrer\u00e1 um aumento de 1,1% e o do diesel de 0,4%. O an\u00fancio foi feito hoje (28) pela Petrobras e segue a nova pol\u00edtica de ajuste de pre\u00e7o, que tem como base o pre\u00e7o de paridade de importa\u00e7\u00e3o.<\/p>\n<p>O ajuste anterior havia sido anunciado no s\u00e1bado (26), com aumento de 1,2% na gasolina e diminui\u00e7\u00e3o de 0,7% no diesel. A nova pol\u00edtica foi adotada no come\u00e7o de julho e, desde ent\u00e3o, os reajustes s\u00e3o feitos quase que diariamente. Os percentuais podem ser acompanhados no\u00a0<span style=\"text-decoration: underline;\"><span style=\"color: #ff0000;\"><a href=\"http:\/\/www.petrobras.com.br\/pt\/produtos-e-servicos\/composicao-de-precos-de-venda-as-distribuidoras\/\" target=\"_blank\"><span style=\"color: #ff0000; text-decoration: underline;\">site\u00a0da Petrobras<\/span><\/a><\/span><\/span>.<\/p>\n<p><strong>VER PRIMEIRO<\/strong><\/p>\n<p>Receba as not\u00edcias do Aconteceu no Vale em primeira m\u00e3o. Clique em curtir no endere\u00e7o <a href=\"https:\/\/www.facebook.com\/aconteceunovale\" target=\"_blank\"><font color=\"red\">www.facebook.com\/aconteceunovale<\/font><\/a> ou no box abaixo:<\/p>\n<div class=\"fb-like\" data-href=\"https:\/\/www.facebook.com\/aconteceunovale\" data-width=\"120\" data-layout=\"standard\" data-action=\"like\" data-size=\"small\" data-show-faces=\"true\" data-share=\"true\"><\/div>\n<p><\/br><\/p>\n<p><em>(Fonte: Ag\u00eancia Brasil)<\/em><\/p>\n","protected":false},"excerpt":{"rendered":"<p>A partir de amanh\u00e3 (29\/08\/2017), o pre\u00e7o da gasolina nas refinarias sofrer\u00e1 um aumento de 1,1% e o do diesel de 0,4%. O an\u00fancio foi feito hoje (28) pela Petrobras e segue a nova pol\u00edtica de ajuste de pre\u00e7o, que tem como base o pre\u00e7o de paridade de importa\u00e7\u00e3o. O ajuste anterior havia sido anunciado [&hellip;]<\/p>\n","protected":false},"author":1,"featured_media":99194,"comment_status":"open","ping_status":"closed","sticky":false,"template":"","format":"standard","meta":{"amp_status":"","footnotes":""},"categories":[6],"tags":[32704,21580,61373,36463,158546,158547,5499,158548,123141,123140],"class_list":["post-120711","post","type-post","status-publish","format-standard","has-post-thumbnail","hentry","category-br","tag-alcool","tag-aumento-da-gasolina","tag-aumento-do-preco-da-gasolina","tag-gasolina","tag-gasolina-fica-mais-cara-a-partir-de-amanha-nas-refinarias","tag-gasolina-fica-mais-cara-a-partir-desta-terca-feira","tag-petrobras","tag-reajuste-da-gasolina","tag-reajuste-do-preco-da-gasolina","tag-refinarias"],"_links":{"self":[{"href":"https:\/\/aconteceunovale.com.br\/portal\/index.php?rest_route=\/wp\/v2\/posts\/120711","targetHints":{"allow":["GET"]}}],"collection":[{"href":"https:\/\/aconteceunovale.com.br\/portal\/index.php?rest_route=\/wp\/v2\/posts"}],"about":[{"href":"https:\/\/aconteceunovale.com.br\/portal\/index.php?rest_route=\/wp\/v2\/types\/post"}],"author":[{"embeddable":true,"href":"https:\/\/aconteceunovale.com.br\/portal\/index.php?rest_route=\/wp\/v2\/users\/1"}],"replies":[{"embeddable":true,"href":"https:\/\/aconteceunovale.com.br\/portal\/index.php?rest_route=%2Fwp%2Fv2%2Fcomments&post=120711"}],"version-history":[{"count":0,"href":"https:\/\/aconteceunovale.com.br\/portal\/index.php?rest_route=\/wp\/v2\/posts\/120711\/revisions"}],"wp:featuredmedia":[{"embeddable":true,"href":"https:\/\/aconteceunovale.com.br\/portal\/index.php?rest_route=\/wp\/v2\/media\/99194"}],"wp:attachment":[{"href":"https:\/\/aconteceunovale.com.br\/portal\/index.php?rest_route=%2Fwp%2Fv2%2Fmedia&parent=120711"}],"wp:term":[{"taxonomy":"category","embeddable":true,"href":"https:\/\/aconteceunovale.com.br\/portal\/index.php?rest_route=%2Fwp%2Fv2%2Fcategories&post=120711"},{"taxonomy":"post_tag","embeddable":true,"href":"https:\/\/aconteceunovale.com.br\/portal\/index.php?rest_route=%2Fwp%2Fv2%2Ftags&post=120711"}],"curies":[{"name":"wp","href":"https:\/\/api.w.org\/{rel}","templated":true}]}}