{"id":120609,"date":"2017-08-25T23:16:57","date_gmt":"2017-08-26T01:16:57","guid":{"rendered":"http:\/\/aconteceunovale.com.br\/portal\/?p=120609"},"modified":"2017-08-25T23:16:57","modified_gmt":"2017-08-26T01:16:57","slug":"incendio-destroi-parte-do-telhado-de-uma-casa-no-municipio-de-periquito-no-leste-de-minas","status":"publish","type":"post","link":"https:\/\/aconteceunovale.com.br\/portal\/?p=120609","title":{"rendered":"Inc\u00eandio destr\u00f3i parte do telhado de uma casa no munic\u00edpio de Periquito, no Leste de Minas"},"content":{"rendered":"<p>Um inc\u00eandio destruiu o telhado de uma casa no Distrito de Pedra Corrida, munic\u00edpio de Periquito, na noite dessa quinta-feira (24\/08\/2017). Segundo a Pol\u00edcia Militar, o fogo teve in\u00edcio em um dos quartos da casa e rapidamente se espalhou para os demais c\u00f4modos. <\/p>\n<p>Um caminh\u00e3o-pipa, que prestava servi\u00e7o na cidade, foi utilizado para combater as chamas at\u00e9 a chegada dos bombeiros. Ningu\u00e9m ficou ferido.<\/p>\n<p>O Corpo de Bombeiros orientou os moradores a deixarem o im\u00f3vel porque havia risco de desabamento. As causas do inc\u00eandio s\u00e3o desconhecidas.<\/p>\n<p><img decoding=\"async\" src=\"http:\/\/aconteceunovale.com.br\/portal\/wp-content\/uploads\/2017\/08\/casa_periquito.jpeg\" alt=\"\" \/><em>Causas do inc\u00eandio s\u00e3o desconhecidas (Foto: Corpo de Bombeiros\/Divulga\u00e7\u00e3o)<\/em><br \/>\n<\/br><\/p>\n<p><strong>VER PRIMEIRO<\/strong><\/p>\n<p>Receba as not\u00edcias do Aconteceu no Vale em primeira m\u00e3o. Clique em curtir no endere\u00e7o <a href=\"https:\/\/www.facebook.com\/aconteceunovale\" target=\"_blank\"><font color=\"red\">www.facebook.com\/aconteceunovale<\/font><\/a> ou no box abaixo:<\/p>\n<div class=\"fb-like\" data-href=\"https:\/\/www.facebook.com\/aconteceunovale\" data-width=\"120\" data-layout=\"standard\" data-action=\"like\" data-size=\"small\" data-show-faces=\"true\" data-share=\"true\"><\/div>\n<p><\/br><\/p>\n<p><em>(Fonte: G1 Vales)<\/em><\/p>\n","protected":false},"excerpt":{"rendered":"<p>Um inc\u00eandio destruiu o telhado de uma casa no Distrito de Pedra Corrida, munic\u00edpio de Periquito, na noite dessa quinta-feira (24\/08\/2017). Segundo a Pol\u00edcia Militar, o fogo teve in\u00edcio em um dos quartos da casa e rapidamente se espalhou para os demais c\u00f4modos. Um caminh\u00e3o-pipa, que prestava servi\u00e7o na cidade, foi utilizado para combater as [&hellip;]<\/p>\n","protected":false},"author":1,"featured_media":120610,"comment_status":"open","ping_status":"closed","sticky":false,"template":"","format":"standard","meta":{"amp_status":"","footnotes":""},"categories":[121],"tags":[158328,158329,158330,87850,1670],"class_list":["post-120609","post","type-post","status-publish","format-standard","has-post-thumbnail","hentry","category-leste","tag-incendio-destroi-parte-do-telhado-de-uma-casa-no-municipio-de-periquito","tag-incendio-em-periquito","tag-incendio-pedra-corrida","tag-pedra-corrida","tag-periquito"],"_links":{"self":[{"href":"https:\/\/aconteceunovale.com.br\/portal\/index.php?rest_route=\/wp\/v2\/posts\/120609","targetHints":{"allow":["GET"]}}],"collection":[{"href":"https:\/\/aconteceunovale.com.br\/portal\/index.php?rest_route=\/wp\/v2\/posts"}],"about":[{"href":"https:\/\/aconteceunovale.com.br\/portal\/index.php?rest_route=\/wp\/v2\/types\/post"}],"author":[{"embeddable":true,"href":"https:\/\/aconteceunovale.com.br\/portal\/index.php?rest_route=\/wp\/v2\/users\/1"}],"replies":[{"embeddable":true,"href":"https:\/\/aconteceunovale.com.br\/portal\/index.php?rest_route=%2Fwp%2Fv2%2Fcomments&post=120609"}],"version-history":[{"count":0,"href":"https:\/\/aconteceunovale.com.br\/portal\/index.php?rest_route=\/wp\/v2\/posts\/120609\/revisions"}],"wp:featuredmedia":[{"embeddable":true,"href":"https:\/\/aconteceunovale.com.br\/portal\/index.php?rest_route=\/wp\/v2\/media\/120610"}],"wp:attachment":[{"href":"https:\/\/aconteceunovale.com.br\/portal\/index.php?rest_route=%2Fwp%2Fv2%2Fmedia&parent=120609"}],"wp:term":[{"taxonomy":"category","embeddable":true,"href":"https:\/\/aconteceunovale.com.br\/portal\/index.php?rest_route=%2Fwp%2Fv2%2Fcategories&post=120609"},{"taxonomy":"post_tag","embeddable":true,"href":"https:\/\/aconteceunovale.com.br\/portal\/index.php?rest_route=%2Fwp%2Fv2%2Ftags&post=120609"}],"curies":[{"name":"wp","href":"https:\/\/api.w.org\/{rel}","templated":true}]}}