{"id":120607,"date":"2017-08-25T23:11:59","date_gmt":"2017-08-26T01:11:59","guid":{"rendered":"http:\/\/aconteceunovale.com.br\/portal\/?p=120607"},"modified":"2017-08-25T23:11:59","modified_gmt":"2017-08-26T01:11:59","slug":"tres-pessoas-sao-baleadas-em-governador-valadares-e-coronel-fabriciano","status":"publish","type":"post","link":"https:\/\/aconteceunovale.com.br\/portal\/?p=120607","title":{"rendered":"Tr\u00eas pessoas s\u00e3o baleadas em Governador Valadares e Coronel Fabriciano"},"content":{"rendered":"<p>Um jovem de 20 anos foi socorrido pela ambul\u00e2ncia do Corpo de Bombeiros na noite dessa quinta-feira (24) com duas marcas de tiro no bairro Nossa Senhora de F\u00e1tima, em Governador Valadares. Segundo informa\u00e7\u00f5es dos Bombeiros o rapaz estava caido no ch\u00e3o e com ferimento de tiro na perna esquerda e no abdomem.<\/p>\n<p>Ele foi atendido no local encaminhado para o Hospital Municipal de Governador Valadares. A Pol\u00edcia Militar foi acionada para apurar as causas do crime.At\u00e9 o momento ningu\u00e9m foi preso.<\/p>\n<p><strong>Tentativa de homic\u00eddio em Coronel Fabriciano<\/strong><\/p>\n<p>Um homem de 36 anos tamb\u00e9m foi baleado na tarde dessa quinta-feira (24) em Coronel Fabriciano em uma tentativa de homic\u00eddio no bairro Santa Terezinha. Segundo a Pol\u00edcia Militar a v\u00edtima ele estava com um ferimento de bala nas costas.<\/p>\n<p>De acordo com a PM, o motivo do crime seria um desacordo comercial entre Gil Torres e outro homem, de 35 anos. Em depoimento a v\u00edtima contou a PM que ouviu cerca de 6 tiros. Ele foi encaminhado para o Hospital Dr. Jos\u00e9 Maria Moraes, em Coronel Fabriciano. O autor fugiu do local e a pol\u00edcia tenta localiza-lo.<\/p>\n<p><strong>Ferido durante assalto a \u00f4nibus coletivo em Coronel Fabriciano<\/strong><\/p>\n<p>Bandidos assaltaram um \u00f4nibus coletivo na noite de quarta-feira (23), no bairro Caladinho, em Coronel Fabriciano. Durante o roubo, uma pessoa foi baleada de rasp\u00e3o pr\u00f3ximo a regi\u00e3o da cabe\u00e7a.<\/p>\n<p>De acordo com a PM, os autores entraram armados dentro do coletivo e anunciaram o assalto. Dentro do \u00f4nibus haviam cerca de 20 passageiros e todos tiveram celulares e os objetos pessoais roubados.<\/p>\n<p>Ainda segundo a pol\u00edcia, um dos passageiros reagiram o assalto e foi baleado de rasp\u00e3o, pr\u00f3ximo a cabe\u00e7a. Logo ap\u00f3s o crime os bandidos desceram do ve\u00edculo e fugiram sentindo ao bairro Caladinho de Cima.<\/p>\n<p>A v\u00edtima baleada foi socorrida pelo Corpo de Bombeiros e levada a um hospital de Ipatinga. O estado de sa\u00fade dela n\u00e3o foi divulgado.<\/p>\n<p><strong>VER PRIMEIRO<\/strong><\/p>\n<p>Receba as not\u00edcias do Aconteceu no Vale em primeira m\u00e3o. Clique em curtir no endere\u00e7o <a href=\"https:\/\/www.facebook.com\/aconteceunovale\" target=\"_blank\"><font color=\"red\">www.facebook.com\/aconteceunovale<\/font><\/a> ou no box abaixo:<\/p>\n<div class=\"fb-like\" data-href=\"https:\/\/www.facebook.com\/aconteceunovale\" data-width=\"120\" data-layout=\"standard\" data-action=\"like\" data-size=\"small\" data-show-faces=\"true\" data-share=\"true\"><\/div>\n<p><\/br><\/p>\n<p><em>(Com informa\u00e7\u00f5es do G1 Vales)<\/em><\/p>\n","protected":false},"excerpt":{"rendered":"<p>Um jovem de 20 anos foi socorrido pela ambul\u00e2ncia do Corpo de Bombeiros na noite dessa quinta-feira (24) com duas marcas de tiro no bairro Nossa Senhora de F\u00e1tima, em Governador Valadares. Segundo informa\u00e7\u00f5es dos Bombeiros o rapaz estava caido no ch\u00e3o e com ferimento de tiro na perna esquerda e no abdomem. Ele foi [&hellip;]<\/p>\n","protected":false},"author":1,"featured_media":71442,"comment_status":"open","ping_status":"closed","sticky":false,"template":"","format":"standard","meta":{"amp_status":"","footnotes":""},"categories":[121],"tags":[75262,158326,78680,1524,158325,247,75263,158327],"class_list":["post-120607","post","type-post","status-publish","format-standard","has-post-thumbnail","hentry","category-leste","tag-assalto-coronel-fabriciano","tag-baleado-coronel-fabriciano","tag-baleado-em-governador-valadares","tag-coronel-fabriciano","tag-ferido-durante-assalto-a-onibus-coletivo-em-coronel-fabriciano","tag-governador-valadares","tag-roubo-coronel-fabriciano","tag-tres-pessoas-sao-baleadas-em-governador-valadares-e-coronel-fabriciano"],"_links":{"self":[{"href":"https:\/\/aconteceunovale.com.br\/portal\/index.php?rest_route=\/wp\/v2\/posts\/120607","targetHints":{"allow":["GET"]}}],"collection":[{"href":"https:\/\/aconteceunovale.com.br\/portal\/index.php?rest_route=\/wp\/v2\/posts"}],"about":[{"href":"https:\/\/aconteceunovale.com.br\/portal\/index.php?rest_route=\/wp\/v2\/types\/post"}],"author":[{"embeddable":true,"href":"https:\/\/aconteceunovale.com.br\/portal\/index.php?rest_route=\/wp\/v2\/users\/1"}],"replies":[{"embeddable":true,"href":"https:\/\/aconteceunovale.com.br\/portal\/index.php?rest_route=%2Fwp%2Fv2%2Fcomments&post=120607"}],"version-history":[{"count":0,"href":"https:\/\/aconteceunovale.com.br\/portal\/index.php?rest_route=\/wp\/v2\/posts\/120607\/revisions"}],"wp:featuredmedia":[{"embeddable":true,"href":"https:\/\/aconteceunovale.com.br\/portal\/index.php?rest_route=\/wp\/v2\/media\/71442"}],"wp:attachment":[{"href":"https:\/\/aconteceunovale.com.br\/portal\/index.php?rest_route=%2Fwp%2Fv2%2Fmedia&parent=120607"}],"wp:term":[{"taxonomy":"category","embeddable":true,"href":"https:\/\/aconteceunovale.com.br\/portal\/index.php?rest_route=%2Fwp%2Fv2%2Fcategories&post=120607"},{"taxonomy":"post_tag","embeddable":true,"href":"https:\/\/aconteceunovale.com.br\/portal\/index.php?rest_route=%2Fwp%2Fv2%2Ftags&post=120607"}],"curies":[{"name":"wp","href":"https:\/\/api.w.org\/{rel}","templated":true}]}}