{"id":120605,"date":"2017-08-25T23:01:58","date_gmt":"2017-08-26T01:01:58","guid":{"rendered":"http:\/\/aconteceunovale.com.br\/portal\/?p=120605"},"modified":"2017-08-25T23:01:58","modified_gmt":"2017-08-26T01:01:58","slug":"vereador-que-tomou-posse-preso-e-algemado-e-cassado-pela-camara-de-caratinga","status":"publish","type":"post","link":"https:\/\/aconteceunovale.com.br\/portal\/?p=120605","title":{"rendered":"Vereador que tomou posse preso e algemado \u00e9 cassado pela C\u00e2mara de Caratinga"},"content":{"rendered":"<p>A C\u00e2mara Municipal de Caratinga decidiu pela cassa\u00e7\u00e3o do mandato do Vereador Ronilson Marc\u00edlio Alves (PTC) por quebra de decoro parlamentar, durante sess\u00e3o extraordin\u00e1ria realizada nessa quinta-feira (24). Ronilson tomou posse preso e algemado em janeiro deste ano e no m\u00eas de maio, foi condenado pelo Tribunal de Justi\u00e7a de Minas Gerais, a cinco anos e quatro meses de pris\u00e3o em regime semiaberto por extors\u00e3o. A senten\u00e7a do processo criminal tamb\u00e9m pediu a perda do mandato.<\/p>\n<p>A vota\u00e7\u00e3o do relat\u00f3rio final da Comiss\u00e3o Parlamentar Processante (CPP) foi aberta \u00e0s 21h30, e durou cerca de quatro horas. Dos 17 parlamentares da casa, 13 votaram a favor e houve tr\u00eas absten\u00e7\u00f5es. Somente o suplente Ronaldo da Milla (PSB), que tomou posse no lugar de Ronilson, n\u00e3o participou da vota\u00e7\u00e3o.<\/p>\n<p>O advogado de defesa do parlamentar, D\u00e1rio Jos\u00e9 Soares J\u00fanior, informou ao G1 que Ronilson continua no regime semiaberto, trabalhando durante o dia em uma farm\u00e1cia da cidade e dormindo na Associa\u00e7\u00e3o de Prote\u00e7\u00e3o e Assist\u00eancia aos Condenados (Apac). Sobre o julgamento na c\u00e2mara, a defesa disse que ainda vai avaliar se houve irregularidades no processo para decidir se vai ou n\u00e3o recorrer da decis\u00e3o.<\/p>\n<p><img decoding=\"async\" src=\"http:\/\/aconteceunovale.com.br\/portal\/wp-content\/uploads\/2017\/01\/vereador_caratinga_2.jpg\" alt=\"\" \/><em>Vereador tomou posse algemado (Foto: Reprodu\u00e7\u00e3o\/Super Canal)<\/em><br \/>\n<\/br><\/p>\n<p><strong>Entenda o caso<\/strong><\/p>\n<p>Ronilson Marc\u00edlio Alves (PTC) foi reeleito vereador pela terceira vez em outubro do ano passado, e tomou posse algemado na C\u00e2mara Municipal em janeiro deste ano. Na \u00e9poca, a pol\u00edcia informou que ele estava preso por extors\u00e3o, mas n\u00e3o deu detalhes do caso porque o processo seguia em segredo de Justi\u00e7a.<\/p>\n<p>Em maio deste ano, ele foi condenado; segundo a a\u00e7\u00e3o, o pol\u00edtico cobrou R$ 200 mil para n\u00e3o divulgar um v\u00eddeo \u00edntimo envolvendo um padre da cidade. Outras tr\u00eas pessoas que participaram do crime tamb\u00e9m foram condenadas, entre elas, o homem que aparecia tendo rela\u00e7\u00e3o \u00edntima com o religioso.<\/p>\n<p>Ainda segundo a Justi\u00e7a, o primeiro contato do parlamentar com o padre foi no in\u00edcio de novembro de 2016, quando ele ligou para o religioso dizendo que um homem estava com o v\u00eddeo e tinha inten\u00e7\u00e3o de divulg\u00e1-lo ou repass\u00e1-lo a terceiros. Na ocasi\u00e3o, Ronilson teria se oferecido para intermediar a negocia\u00e7\u00e3o da entrega do material ao padre, o que para a Justi\u00e7a era uma forma de camuflar a participa\u00e7\u00e3o dele no esquema.<\/p>\n<p>Segundo o processo, o padre marcou um encontro com os envolvidos e acionou \u00e0 pol\u00edcia. Os quatro homens foram presos em flagrante e a PM apreendeu os v\u00eddeos usados para extorquir o religioso.<\/p>\n<p><strong>VER PRIMEIRO<\/strong><\/p>\n<p>Receba as not\u00edcias do Aconteceu no Vale em primeira m\u00e3o. Clique em curtir no endere\u00e7o <a href=\"https:\/\/www.facebook.com\/aconteceunovale\" target=\"_blank\"><font color=\"red\">www.facebook.com\/aconteceunovale<\/font><\/a> ou no box abaixo:<\/p>\n<div class=\"fb-like\" data-href=\"https:\/\/www.facebook.com\/aconteceunovale\" data-width=\"120\" data-layout=\"standard\" data-action=\"like\" data-size=\"small\" data-show-faces=\"true\" data-share=\"true\"><\/div>\n<p><\/br><\/p>\n<p><em>(Fonte: G1 Vales)<\/em><\/p>\n","protected":false},"excerpt":{"rendered":"<p>A C\u00e2mara Municipal de Caratinga decidiu pela cassa\u00e7\u00e3o do mandato do Vereador Ronilson Marc\u00edlio Alves (PTC) por quebra de decoro parlamentar, durante sess\u00e3o extraordin\u00e1ria realizada nessa quinta-feira (24). Ronilson tomou posse preso e algemado em janeiro deste ano e no m\u00eas de maio, foi condenado pelo Tribunal de Justi\u00e7a de Minas Gerais, a cinco anos [&hellip;]<\/p>\n","protected":false},"author":1,"featured_media":106105,"comment_status":"open","ping_status":"closed","sticky":false,"template":"","format":"standard","meta":{"amp_status":"","footnotes":""},"categories":[121,40240],"tags":[134341,134343,158323,134335,237,1018,134339,134338,134333,134336,134332,158324,134340,148546,134778,134334,158322,134342,134337,134331],"class_list":["post-120605","post","type-post","status-publish","format-standard","has-post-thumbnail","hentry","category-leste","category-politica-2","tag-algemado-e-com-uniforme-do-sistema-prisional","tag-algemado-e-com-uniforme-do-sistema-prisional-vereador-reeleito-toma-posse-em-caratinga","tag-camara-de-caratinga","tag-camara-municipal-de-caratinga","tag-caratinga","tag-destaque","tag-empossado-vereador-preso","tag-prisao-de-vereador-em-caratinga","tag-ptb","tag-ronilson-alves","tag-ronilson-marcilio-alves","tag-vereador-cassado-em-caratinga","tag-vereador-com-uniforme-do-sistema-prisional","tag-vereador-de-caratinga-e-condenado-e-perde-mandato-por-ameacar-divulgar-video-intimo-de-padre","tag-vereador-preso-de-caratinga-vai-receber-salario","tag-vereador-preso-em-caratinga","tag-vereador-que-tomou-posse-preso-e-algemado-e-cassado-pela-camara-de-caratinga","tag-vereador-reeleito-toma-posse-em-caratinga","tag-vereador-ronilson-alves","tag-vereador-ronilson-marcilio-alves"],"_links":{"self":[{"href":"https:\/\/aconteceunovale.com.br\/portal\/index.php?rest_route=\/wp\/v2\/posts\/120605","targetHints":{"allow":["GET"]}}],"collection":[{"href":"https:\/\/aconteceunovale.com.br\/portal\/index.php?rest_route=\/wp\/v2\/posts"}],"about":[{"href":"https:\/\/aconteceunovale.com.br\/portal\/index.php?rest_route=\/wp\/v2\/types\/post"}],"author":[{"embeddable":true,"href":"https:\/\/aconteceunovale.com.br\/portal\/index.php?rest_route=\/wp\/v2\/users\/1"}],"replies":[{"embeddable":true,"href":"https:\/\/aconteceunovale.com.br\/portal\/index.php?rest_route=%2Fwp%2Fv2%2Fcomments&post=120605"}],"version-history":[{"count":0,"href":"https:\/\/aconteceunovale.com.br\/portal\/index.php?rest_route=\/wp\/v2\/posts\/120605\/revisions"}],"wp:featuredmedia":[{"embeddable":true,"href":"https:\/\/aconteceunovale.com.br\/portal\/index.php?rest_route=\/wp\/v2\/media\/106105"}],"wp:attachment":[{"href":"https:\/\/aconteceunovale.com.br\/portal\/index.php?rest_route=%2Fwp%2Fv2%2Fmedia&parent=120605"}],"wp:term":[{"taxonomy":"category","embeddable":true,"href":"https:\/\/aconteceunovale.com.br\/portal\/index.php?rest_route=%2Fwp%2Fv2%2Fcategories&post=120605"},{"taxonomy":"post_tag","embeddable":true,"href":"https:\/\/aconteceunovale.com.br\/portal\/index.php?rest_route=%2Fwp%2Fv2%2Ftags&post=120605"}],"curies":[{"name":"wp","href":"https:\/\/api.w.org\/{rel}","templated":true}]}}