{"id":120595,"date":"2017-08-25T22:19:57","date_gmt":"2017-08-26T00:19:57","guid":{"rendered":"http:\/\/aconteceunovale.com.br\/portal\/?p=120595"},"modified":"2017-08-25T22:21:47","modified_gmt":"2017-08-26T00:21:47","slug":"suspeito-de-caca-predatoria-e-preso-com-armas-no-municipio-de-montes-claros","status":"publish","type":"post","link":"https:\/\/aconteceunovale.com.br\/portal\/?p=120595","title":{"rendered":"Suspeito de ca\u00e7a predat\u00f3ria \u00e9 preso com armas no munic\u00edpio de Montes Claros"},"content":{"rendered":"<p>Um homem de 64 anos foi detido por posse ilegal de arma no Povoado de S\u00e3o Pedro da Gar\u00e7a, munic\u00edpio de Montes Claros, nessa quinta-feira (24\/08\/2017). A Pol\u00edcia Militar de Meio Ambiente chegou ao local depois de den\u00fancia de ca\u00e7a predat\u00f3ria e apreendeu uma cartucheira e uma espingarda desmontada. O idoso foi encaminhado \u00e0 delegacia, juntamente com o material.<\/p>\n<p>Em Padre Carvalho, um homem de 53 anos tamb\u00e9m foi preso com uma espingarda de fabrica\u00e7\u00e3o caseira e muni\u00e7\u00f5es. Ele disse \u00e0 pol\u00edcia que n\u00e3o pratica ca\u00e7a ilegal e foi conduzido \u00e0 delegacia de Salinas para esclarecimentos. A arma foi apreendida.<\/p>\n<p><img decoding=\"async\" src=\"http:\/\/aconteceunovale.com.br\/portal\/wp-content\/uploads\/2017\/08\/armas_moc.jpg\" alt=\"\" \/><em>Pol\u00edcia apreendeu duas armas em S\u00e3o Pedro da Gar\u00e7a (Foto: Pol\u00edcia Militar\/Divulga\u00e7\u00e3o)<\/em><br \/>\n<\/br><\/p>\n<h3>Envolvidos em homic\u00eddios por acerto de contas<\/h3>\n<p>Tr\u00eas jovens, de 16, 18 e 20 anos, foram detidos por envolvimento em homic\u00eddios e tentativas na regi\u00e3o do Bairro Vila Telma, em Montes Claros. Eles foram encontrados no Bairro Doutor Jo\u00e3o Alves, na noite dessa quarta-feira (23); a PM apreendeu quatro armas e muni\u00e7\u00f5es.<\/p>\n<p>\u201cTanto as v\u00edtimas como os suspeitos s\u00e3o de fac\u00e7\u00f5es rivais e disputam o tr\u00e1fico de drogas. Por isso, a nossa suspeita \u00e9 de que as tentativas e at\u00e9 homic\u00eddios estejam relacionados ao acerto de contas entre eles\u201d, explica o Tenente Frederico Lessa.<\/p>\n<p>A pol\u00edcia chegou at\u00e9 os suspeitos depois de levantamentos das Patrulhas de Execu\u00e7\u00e3o Penal e de Prote\u00e7\u00e3o \u00e0 Vida. O menor foi abordado pr\u00f3ximo a um lote vago, onde a pol\u00edcia encontrou uma arma escondida.<\/p>\n<p>\u201cQuando prendemos os dois maiores e falamos que t\u00ednhamos encontrado o adolescente com a arma, os homens disseram que ele era respons\u00e1vel apenas por guard\u00e1-las. Continuamos as buscas, e eles nos indicaram a casa, usada s\u00f3 para fins de tr\u00e1fico, onde estavam outros tr\u00eas rev\u00f3lveres, que eram usados nos crimes\u201d, detalha.<\/p>\n<p>Os detidos t\u00eam passagens pela pol\u00edcia. De acordo com o oficial, o rapaz, de 18 anos, j\u00e1 foi detido, quando era adolescente, carregando o corpo de um menor em um carrinho de m\u00e3o, no Bairro Major Prates; o crime foi em 2014. Al\u00e9m deste homic\u00eddio, ele tem passagens por recepta\u00e7\u00e3o. O outro rapaz, de 20, tem passagens por homic\u00eddio, tr\u00e1fico de drogas, recepta\u00e7\u00e3o, roubo e amea\u00e7a.<\/p>\n<p>Na delegacia, os dois homens foram autuados por corrup\u00e7\u00e3o de menores e por porte de arma de fogo, nas modalidades de fornecimento e oculta\u00e7\u00e3o. Eles foram levados para o Pres\u00eddio Regional. O adolescente foi apreendido por porte de arma de fogo e ser\u00e1 apresentando ao Minist\u00e9rio P\u00fablico, segundo a PC.<\/p>\n<p><img decoding=\"async\" src=\"http:\/\/aconteceunovale.com.br\/portal\/wp-content\/uploads\/2017\/08\/armas_moc_2.jpg\" alt=\"\" \/><em>Pol\u00edcia apreendeu quatro armas (Foto: Pol\u00edcia Militar\/Divulga\u00e7\u00e3o)<\/em><br \/>\n<\/br><\/p>\n<p><strong>VER PRIMEIRO<\/strong><\/p>\n<p>Receba as not\u00edcias do Aconteceu no Vale em primeira m\u00e3o. Clique em curtir no endere\u00e7o <a href=\"https:\/\/www.facebook.com\/aconteceunovale\" target=\"_blank\"><font color=\"red\">www.facebook.com\/aconteceunovale<\/font><\/a> ou no box abaixo:<\/p>\n<div class=\"fb-like\" data-href=\"https:\/\/www.facebook.com\/aconteceunovale\" data-width=\"120\" data-layout=\"standard\" data-action=\"like\" data-size=\"small\" data-show-faces=\"true\" data-share=\"true\"><\/div>\n<p><\/br><\/p>\n<p><em>(Fonte: G1 Grande Minas)<\/em><\/p>\n","protected":false},"excerpt":{"rendered":"<p>Um homem de 64 anos foi detido por posse ilegal de arma no Povoado de S\u00e3o Pedro da Gar\u00e7a, munic\u00edpio de Montes Claros, nessa quinta-feira (24\/08\/2017). A Pol\u00edcia Militar de Meio Ambiente chegou ao local depois de den\u00fancia de ca\u00e7a predat\u00f3ria e apreendeu uma cartucheira e uma espingarda desmontada. O idoso foi encaminhado \u00e0 delegacia, [&hellip;]<\/p>\n","protected":false},"author":1,"featured_media":120596,"comment_status":"open","ping_status":"closed","sticky":false,"template":"","format":"standard","meta":{"amp_status":"","footnotes":""},"categories":[1236],"tags":[158309,8896,210,877,158306,89234,57790,158307,158308],"class_list":["post-120595","post","type-post","status-publish","format-standard","has-post-thumbnail","hentry","category-norte_de_minas","tag-caca-montes-claros","tag-homicidios-em-montes-claros","tag-montes-claros","tag-padre-carvalho","tag-policia-apreendeu-duas-armas-em-sao-pedro-da-garca","tag-preso-montes-claros","tag-presos-em-montes-claros","tag-sao-pedro-da-garca","tag-suspeito-de-caca-predatoria-e-preso-com-armas-no-municipio-de-montes-claros"],"_links":{"self":[{"href":"https:\/\/aconteceunovale.com.br\/portal\/index.php?rest_route=\/wp\/v2\/posts\/120595","targetHints":{"allow":["GET"]}}],"collection":[{"href":"https:\/\/aconteceunovale.com.br\/portal\/index.php?rest_route=\/wp\/v2\/posts"}],"about":[{"href":"https:\/\/aconteceunovale.com.br\/portal\/index.php?rest_route=\/wp\/v2\/types\/post"}],"author":[{"embeddable":true,"href":"https:\/\/aconteceunovale.com.br\/portal\/index.php?rest_route=\/wp\/v2\/users\/1"}],"replies":[{"embeddable":true,"href":"https:\/\/aconteceunovale.com.br\/portal\/index.php?rest_route=%2Fwp%2Fv2%2Fcomments&post=120595"}],"version-history":[{"count":0,"href":"https:\/\/aconteceunovale.com.br\/portal\/index.php?rest_route=\/wp\/v2\/posts\/120595\/revisions"}],"wp:featuredmedia":[{"embeddable":true,"href":"https:\/\/aconteceunovale.com.br\/portal\/index.php?rest_route=\/wp\/v2\/media\/120596"}],"wp:attachment":[{"href":"https:\/\/aconteceunovale.com.br\/portal\/index.php?rest_route=%2Fwp%2Fv2%2Fmedia&parent=120595"}],"wp:term":[{"taxonomy":"category","embeddable":true,"href":"https:\/\/aconteceunovale.com.br\/portal\/index.php?rest_route=%2Fwp%2Fv2%2Fcategories&post=120595"},{"taxonomy":"post_tag","embeddable":true,"href":"https:\/\/aconteceunovale.com.br\/portal\/index.php?rest_route=%2Fwp%2Fv2%2Ftags&post=120595"}],"curies":[{"name":"wp","href":"https:\/\/api.w.org\/{rel}","templated":true}]}}