{"id":120593,"date":"2017-08-25T22:08:48","date_gmt":"2017-08-26T00:08:48","guid":{"rendered":"http:\/\/aconteceunovale.com.br\/portal\/?p=120593"},"modified":"2017-08-25T22:08:48","modified_gmt":"2017-08-26T00:08:48","slug":"acusados-de-matar-policial-em-cristalia-sao-condenados","status":"publish","type":"post","link":"https:\/\/aconteceunovale.com.br\/portal\/?p=120593","title":{"rendered":"Acusados de matar policial em Crist\u00e1lia s\u00e3o condenados"},"content":{"rendered":"<p>Os dois acusados de matar um policial civil, em Crist\u00e1lia, foram condenados inicialmente em regime fechado. Eles foram julgados no f\u00f3rum de Gr\u00e3o Mogol, nessa quinta-feira (24); a sess\u00e3o come\u00e7ou pela manh\u00e3 e a senten\u00e7a foi dada por volta das 20h. O investigador Fabr\u00edcio Heron de Oliveira, de 37 anos, foi morto com um tiro em outubro de 2016, durante as comemora\u00e7\u00f5es das elei\u00e7\u00f5es municipais.<\/p>\n<p>Segundo o Minist\u00e9rio P\u00fablico, Rafael Aparecido Pereira Fonseca (o \u201cRafinha\u201d), de 27 anos, foi condenado a 14 anos de reclus\u00e3o por homic\u00eddio qualificado; e Ant\u00f4nio Carlos Teixeira Batista (conhecido como \u201cNenzim Coveiro\u201d), de 26, foi condenado a 16 anos de reclus\u00e3o por homic\u00eddio qualificado e a 3 anos e 6 meses por posse ilegal de arma fogo.<\/p>\n<p>Os dois foram encaminhados ao Pres\u00eddio Regional de Montes Claros, onde j\u00e1 estavam presos desde outubro de 2016.<\/p>\n<p><img decoding=\"async\" src=\"http:\/\/aconteceunovale.com.br\/portal\/wp-content\/uploads\/2016\/10\/presos_cristalia.jpg\" alt=\"\" \/><em>Homens foram condenados pela morte do policial (Foto: Divulga\u00e7\u00e3o\/PCMG)<\/em><br \/>\n<\/br><\/p>\n<p><strong>Entenda o caso<\/strong><\/p>\n<p>Na \u00e9poca, a Pol\u00edcia Militar informou que o investigador estava perto do carro dele quando foi atingido por um tiro que acertou o bra\u00e7o e t\u00f3rax. De acordo com a Delegacia de Homic\u00eddios, os dois indiciados sabiam que a v\u00edtima era policial e o crime ocorreu durante uma discuss\u00e3o. O motivo da briga n\u00e3o foi esclarecido.<\/p>\n<p>Fabr\u00edcio Heron de Oliveira tinha 37 anos e era natural de Crist\u00e1lia. Ele estava na Pol\u00edcia Civil desde 2000 e trabalhava como investigador em Montes Claros.<\/p>\n<p><img decoding=\"async\" src=\"http:\/\/aconteceunovale.com.br\/portal\/wp-content\/uploads\/2016\/10\/pc_cristalia.jpg\" alt=\"\" \/><em>Fabr\u00edcio Heron era de Crist\u00e1lia e trabalhava em Montes Claros (Foto: Facebook\/Reprodu\u00e7\u00e3o)<\/em><br \/>\n<\/br><\/p>\n<p><em>(Fonte: G1 Grande Minas)<\/em><\/p>\n","protected":false},"excerpt":{"rendered":"<p>Os dois acusados de matar um policial civil, em Crist\u00e1lia, foram condenados inicialmente em regime fechado. Eles foram julgados no f\u00f3rum de Gr\u00e3o Mogol, nessa quinta-feira (24); a sess\u00e3o come\u00e7ou pela manh\u00e3 e a senten\u00e7a foi dada por volta das 20h. O investigador Fabr\u00edcio Heron de Oliveira, de 37 anos, foi morto com um tiro [&hellip;]<\/p>\n","protected":false},"author":1,"featured_media":98457,"comment_status":"open","ping_status":"closed","sticky":false,"template":"","format":"standard","meta":{"amp_status":"","footnotes":""},"categories":[1236],"tags":[158305,158304,119161,158302,158303,1715,1018,118752,118749,119164,1153,210,118751,119162,119166,118754,118753,118750,9414,119163,119165],"class_list":["post-120593","post","type-post","status-publish","format-standard","has-post-thumbnail","hentry","category-norte_de_minas","tag-acusados-de-matar-policial-em-cristalia-sao-condenados","tag-antonio-carlos-teixeira","tag-antonio-carlos-teixeira-batista","tag-condenados-por-matar-pc-em-cristalia","tag-condenados-por-morte-de-policial-em-cristalia","tag-cristalia","tag-destaque","tag-fabricio-heron","tag-fabricio-heron-de-oliveira","tag-fabricio-heron-oliveira","tag-grao-mogol","tag-montes-claros","tag-morte-de-policial-em-cristalia","tag-nenzim-coveiro","tag-policia-civil-prende-suspeitos-de-matar-investigador-em-cristalia","tag-policial-civil-e-assassinado-durante-comemoracao-politica-em-cristalia","tag-policial-civil-e-assassinado-durante-comemoracao-politica-em-municipio-do-norte-de-minas","tag-policial-morto-em-cristalia","tag-presidio-regional-de-montes-claros","tag-rafael-aparecido-pereira-fonseca","tag-suspeitos-de-matar-o-investigador-de-policia-fabricio-heron-oliveira"],"_links":{"self":[{"href":"https:\/\/aconteceunovale.com.br\/portal\/index.php?rest_route=\/wp\/v2\/posts\/120593","targetHints":{"allow":["GET"]}}],"collection":[{"href":"https:\/\/aconteceunovale.com.br\/portal\/index.php?rest_route=\/wp\/v2\/posts"}],"about":[{"href":"https:\/\/aconteceunovale.com.br\/portal\/index.php?rest_route=\/wp\/v2\/types\/post"}],"author":[{"embeddable":true,"href":"https:\/\/aconteceunovale.com.br\/portal\/index.php?rest_route=\/wp\/v2\/users\/1"}],"replies":[{"embeddable":true,"href":"https:\/\/aconteceunovale.com.br\/portal\/index.php?rest_route=%2Fwp%2Fv2%2Fcomments&post=120593"}],"version-history":[{"count":0,"href":"https:\/\/aconteceunovale.com.br\/portal\/index.php?rest_route=\/wp\/v2\/posts\/120593\/revisions"}],"wp:featuredmedia":[{"embeddable":true,"href":"https:\/\/aconteceunovale.com.br\/portal\/index.php?rest_route=\/wp\/v2\/media\/98457"}],"wp:attachment":[{"href":"https:\/\/aconteceunovale.com.br\/portal\/index.php?rest_route=%2Fwp%2Fv2%2Fmedia&parent=120593"}],"wp:term":[{"taxonomy":"category","embeddable":true,"href":"https:\/\/aconteceunovale.com.br\/portal\/index.php?rest_route=%2Fwp%2Fv2%2Fcategories&post=120593"},{"taxonomy":"post_tag","embeddable":true,"href":"https:\/\/aconteceunovale.com.br\/portal\/index.php?rest_route=%2Fwp%2Fv2%2Ftags&post=120593"}],"curies":[{"name":"wp","href":"https:\/\/api.w.org\/{rel}","templated":true}]}}