{"id":120586,"date":"2017-08-25T21:50:35","date_gmt":"2017-08-25T23:50:35","guid":{"rendered":"http:\/\/aconteceunovale.com.br\/portal\/?p=120586"},"modified":"2017-08-25T21:50:35","modified_gmt":"2017-08-25T23:50:35","slug":"policia-civil-prende-quadrilha-que-praticava-varios-crimes-em-janauba-e-jaiba-no-norte-de-minas","status":"publish","type":"post","link":"https:\/\/aconteceunovale.com.br\/portal\/?p=120586","title":{"rendered":"Pol\u00edcia Civil prende quadrilha que praticava v\u00e1rios crimes em Jana\u00faba e Ja\u00edba, no Norte de Minas"},"content":{"rendered":"<p>A Pol\u00edcia Civil (PC) desarticulou uma quadrilha, especializada em roubos, que praticava v\u00e1rios crimes em Jana\u00faba e Ja\u00edba, na regi\u00e3o Norte de Minas Gerais. Quatro pessoas foram detidas, entre elas, uma mulher de 34 anos e o filho dela, de 17. As pris\u00f5es aconteceram em Uberl\u00e2ndia e eles foram apresentados durante coletiva na manh\u00e3 desta sexta-feira (25\/08\/2017). O grupo foi investigado e monitorado durante 60 dias.<\/p>\n<p>De acordo com a Pol\u00edcia Civil, a quadrilha, liderada pela mulher, \u00e9 suspeita de roubos, homic\u00eddios, tr\u00e1fico de drogas, corrup\u00e7\u00e3o de menores e com\u00e9rcio ilegal de arma de fogo. Um dos integrantes, de 24 anos, j\u00e1 havia sido preso e est\u00e1 na cadeia de Manga.<\/p>\n<p>\u201cAp\u00f3s a morte do irm\u00e3o, a mulher assumiu a lideran\u00e7a da quadrilha. Ela coordenava, determinava e escolhia os alvos. Durante a execu\u00e7\u00e3o dos roubos, a quadrilha agia com muita viol\u00eancia, em um dos casos a v\u00edtima foi amarrada dentro de casa\u201d, explica o delegado Ricardo Cesari.<\/p>\n<p>Ainda segundo a PC, os suspeitos foram para a regi\u00e3o do Tri\u00e2ngulo Mineiro depois de cometer um roupo em Ja\u00edba, no m\u00eas de julho. Eles v\u00e3o responder por tr\u00e1fico de drogas, homic\u00eddio, forma\u00e7\u00e3o de quadrilha e roubo. O adolescente ser\u00e1 encaminhado ao Centro de Recupera\u00e7\u00e3o em Montes Claros e os outros envolvidos para pres\u00eddios da regi\u00e3o.<\/p>\n<p><img decoding=\"async\" src=\"http:\/\/aconteceunovale.com.br\/portal\/wp-content\/uploads\/2017\/08\/quadrilha_nm.jpeg\" alt=\"\" \/><em>A quadrilha era liderada por uma mulher de 34 anos (Foto: Messias Braga\/Inter TV)<\/em><br \/>\n<\/br><\/p>\n<p><strong>VER PRIMEIRO<\/strong><\/p>\n<p>Receba as not\u00edcias do Aconteceu no Vale em primeira m\u00e3o. Clique em curtir no endere\u00e7o <a href=\"https:\/\/www.facebook.com\/aconteceunovale\" target=\"_blank\"><font color=\"red\">www.facebook.com\/aconteceunovale<\/font><\/a> ou no box abaixo:<\/p>\n<div class=\"fb-like\" data-href=\"https:\/\/www.facebook.com\/aconteceunovale\" data-width=\"120\" data-layout=\"standard\" data-action=\"like\" data-size=\"small\" data-show-faces=\"true\" data-share=\"true\"><\/div>\n<p><\/br><\/p>\n<p><em>(Fonte: G1 Grande Minas)<\/em><\/p>\n","protected":false},"excerpt":{"rendered":"<p>A Pol\u00edcia Civil (PC) desarticulou uma quadrilha, especializada em roubos, que praticava v\u00e1rios crimes em Jana\u00faba e Ja\u00edba, na regi\u00e3o Norte de Minas Gerais. Quatro pessoas foram detidas, entre elas, uma mulher de 34 anos e o filho dela, de 17. As pris\u00f5es aconteceram em Uberl\u00e2ndia e eles foram apresentados durante coletiva na manh\u00e3 desta [&hellip;]<\/p>\n","protected":false},"author":1,"featured_media":120587,"comment_status":"open","ping_status":"closed","sticky":false,"template":"","format":"standard","meta":{"amp_status":"","footnotes":""},"categories":[1236],"tags":[158298,158296,158300,1058,204,158301,158297,102376,158299,158295,114461,221],"class_list":["post-120586","post","type-post","status-publish","format-standard","has-post-thumbnail","hentry","category-norte_de_minas","tag-crimes-jaiba","tag-crimes-janauba","tag-delegado-ricardo-cesari","tag-jaiba","tag-janauba","tag-policia-civil-prende-quadrilha-que-praticava-varios-crimes-em-janauba-e-jaiba","tag-presos-jaiba","tag-presos-janauba","tag-quadrilha-jaiba","tag-quadrilha-janauba","tag-ricardo-cesari","tag-uberlandia"],"_links":{"self":[{"href":"https:\/\/aconteceunovale.com.br\/portal\/index.php?rest_route=\/wp\/v2\/posts\/120586","targetHints":{"allow":["GET"]}}],"collection":[{"href":"https:\/\/aconteceunovale.com.br\/portal\/index.php?rest_route=\/wp\/v2\/posts"}],"about":[{"href":"https:\/\/aconteceunovale.com.br\/portal\/index.php?rest_route=\/wp\/v2\/types\/post"}],"author":[{"embeddable":true,"href":"https:\/\/aconteceunovale.com.br\/portal\/index.php?rest_route=\/wp\/v2\/users\/1"}],"replies":[{"embeddable":true,"href":"https:\/\/aconteceunovale.com.br\/portal\/index.php?rest_route=%2Fwp%2Fv2%2Fcomments&post=120586"}],"version-history":[{"count":0,"href":"https:\/\/aconteceunovale.com.br\/portal\/index.php?rest_route=\/wp\/v2\/posts\/120586\/revisions"}],"wp:featuredmedia":[{"embeddable":true,"href":"https:\/\/aconteceunovale.com.br\/portal\/index.php?rest_route=\/wp\/v2\/media\/120587"}],"wp:attachment":[{"href":"https:\/\/aconteceunovale.com.br\/portal\/index.php?rest_route=%2Fwp%2Fv2%2Fmedia&parent=120586"}],"wp:term":[{"taxonomy":"category","embeddable":true,"href":"https:\/\/aconteceunovale.com.br\/portal\/index.php?rest_route=%2Fwp%2Fv2%2Fcategories&post=120586"},{"taxonomy":"post_tag","embeddable":true,"href":"https:\/\/aconteceunovale.com.br\/portal\/index.php?rest_route=%2Fwp%2Fv2%2Ftags&post=120586"}],"curies":[{"name":"wp","href":"https:\/\/api.w.org\/{rel}","templated":true}]}}