{"id":120579,"date":"2017-08-25T21:42:51","date_gmt":"2017-08-25T23:42:51","guid":{"rendered":"http:\/\/aconteceunovale.com.br\/portal\/?p=120579"},"modified":"2017-08-25T21:42:51","modified_gmt":"2017-08-25T23:42:51","slug":"soldado-mais-antigo-de-minas-gerais-completa-109-anos","status":"publish","type":"post","link":"https:\/\/aconteceunovale.com.br\/portal\/?p=120579","title":{"rendered":"Soldado mais antigo de Minas Gerais completa 109 anos"},"content":{"rendered":"<p>S\u00e3o 109 anos que seu Ol\u00edmpio completou nessa quinta-feira (24\/08\/2017); coincid\u00eancia ou n\u00e3o, v\u00e9spera do Dia do Soldado. \u201cEu tinha um tio, irm\u00e3o do meu pai, que era militar. Quando eu conheci ele, eu era pequeno, pequenininho, e ele era militar\u201d, disse Ol\u00edmpio, o soldado reformado mais antigo do estado de Minas Gerais. O n\u00famero de pol\u00edcia dele \u00e9 3.197, e \u00e9 o mais antigo reconhecido pela PM.<\/p>\n<p>A influ\u00eancia de fam\u00edlia o fez soldado e a carreira o levou ao posto de sargento. Em 1953, j\u00e1 como policial reformado, recebeu uma homenagem do Governo de Minas, pelos servi\u00e7os prestados na revolu\u00e7\u00e3o constitucionalista de 1932, um conflito armado sangrento, registrado na hist\u00f3ria do Brasil.<\/p>\n<p>\u201cQuando vinha passando avi\u00e3o, tava jogando bomba, matando gente, eu passava a metralhadora no avi\u00e3o e o avi\u00e3o ca\u00eda longe. Eu derrubei muito avi\u00e3o\u201d, relembra altivo, mas com voz fr\u00e1gil.<\/p>\n<p>Nascido em Ara\u00e7ua\u00ed, seu Ol\u00edmpio passou pelas cidades de Belo Horizonte, Diamantina, S\u00e3o Francisco e S\u00e3o Sebasti\u00e3o dos Po\u00e7os, distrito de Manga, onde ainda mora com a esposa, dona Joana, de 94 anos; s\u00e3o mais de 75 anos de casados. Do encontro em Ara\u00e7ua\u00ed, surgiram oito filhos, 23 netos e 32 bisnetos. \u201c\u00c9 muito amor. Toda vida. Criamos nossos filhos. Gra\u00e7as a Deus\u201d, comemora.<\/p>\n<p>A cumplicidade e respeito entre seu Ol\u00edmpio e dona Joana atravessa mais de meio s\u00e9culo, principalmente no respeito aos gostos e costumes do outro que, no caso do seu Ol\u00edmpio, \u00e9 a cachacinha, que ele carinhosamente chama de \u2018pileque\u2019. \u201cA gente fala que a bebida prejudica, mas parece que pra ele n\u00e3o. D\u00e1 hora que ele levanta, o caf\u00e9 \u00e9 o pileque\u201d, disse dona Joana. E seu Ol\u00edmpio refor\u00e7a: \u201cEu nunca tomei caf\u00e9 n\u00e3o. S\u00f3 o pileque&#8221;.<\/p>\n<p>O sargento Ol\u00edmpio n\u00e3o tem graves problemas de sa\u00fade e leva uma vida normal e, segundo familiares, ele fez checkup recentemente e est\u00e1 t\u00e1 tudo \u00f3timo. \u201cMeu pai diz que o segredo para viver tanto \u00e9 a calma com que leva a vida e n\u00e3o fazer extravag\u00e2ncias.\u201d<\/p>\n<p>Para toda fam\u00edlia, o soldado, sargento, marido, pai, av\u00f4 e bisav\u00f4, \u00e9 exemplo de vida. \u201c\u00c9 um homem trabalhador, que passa um respeito muito grande, e muito importante na vida de todos n\u00f3s\u201d, disse Val\u00e9ria, uma das netas.<\/p>\n<p><img decoding=\"async\" src=\"http:\/\/aconteceunovale.com.br\/portal\/wp-content\/uploads\/2017\/08\/mais_antigo_1.jpg\" alt=\"\" \/><em>Militar mais antigo de Minas Gerais completa 109 anos (Foto: Divulga\u00e7\u00e3o\/Pol\u00edcia Militar)<\/em><br \/>\n<\/br><\/p>\n<p><img decoding=\"async\" src=\"http:\/\/aconteceunovale.com.br\/portal\/wp-content\/uploads\/2017\/08\/mais_antigo_2.jpeg\" alt=\"\" \/><em>Sargento participou de importantes momentos da hist\u00f3ria do pa\u00eds (Foto: Arquivo pessoal)<\/em><br \/>\n<\/br><\/p>\n<p><img decoding=\"async\" src=\"http:\/\/aconteceunovale.com.br\/portal\/wp-content\/uploads\/2017\/08\/mais_antigo_3.jpeg\" alt=\"\" \/><em>Seu Ol\u00edmpio \u00e9 casado com dona Joana h\u00e1 78 anos (Foto: Arquivo Pessoal)<\/em><br \/>\n<\/br><\/p>\n<p><img decoding=\"async\" src=\"http:\/\/aconteceunovale.com.br\/portal\/wp-content\/uploads\/2017\/08\/mais_antigo_4.jpeg\" alt=\"\" \/><em>Chamada de Pileque, a cachacinha de todo dia do seu Ol\u00edmpio (Foto: Arquivo Pessoal)<\/em><br \/>\n<\/br><\/p>\n<p><img decoding=\"async\" src=\"http:\/\/aconteceunovale.com.br\/portal\/wp-content\/uploads\/2017\/08\/mais_antigo_5.jpeg\" alt=\"\" \/><em>S\u00e3o oito filhos, 23 netos e 32 bisnetos (Foto: Arquivo Pessoal)<\/em><br \/>\n<\/br><\/p>\n<p><strong>VER PRIMEIRO<\/strong><\/p>\n<p>Receba as not\u00edcias do Aconteceu no Vale em primeira m\u00e3o. Clique em curtir no endere\u00e7o <a href=\"https:\/\/www.facebook.com\/aconteceunovale\" target=\"_blank\"><font color=\"red\">www.facebook.com\/aconteceunovale<\/font><\/a> ou no box abaixo:<\/p>\n<div class=\"fb-like\" data-href=\"https:\/\/www.facebook.com\/aconteceunovale\" data-width=\"120\" data-layout=\"standard\" data-action=\"like\" data-size=\"small\" data-show-faces=\"true\" data-share=\"true\"><\/div>\n<p><\/br><\/p>\n<p><em>(Fonte: G1 Grande Minas \/ Rep\u00f3rter: Adriana Lisboa)<\/em><\/p>\n","protected":false},"excerpt":{"rendered":"<p>S\u00e3o 109 anos que seu Ol\u00edmpio completou nessa quinta-feira (24\/08\/2017); coincid\u00eancia ou n\u00e3o, v\u00e9spera do Dia do Soldado. \u201cEu tinha um tio, irm\u00e3o do meu pai, que era militar. Quando eu conheci ele, eu era pequeno, pequenininho, e ele era militar\u201d, disse Ol\u00edmpio, o soldado reformado mais antigo do estado de Minas Gerais. O n\u00famero [&hellip;]<\/p>\n","protected":false},"author":1,"featured_media":120580,"comment_status":"open","ping_status":"closed","sticky":false,"template":"","format":"standard","meta":{"amp_status":"","footnotes":""},"categories":[123,1236,120],"tags":[158290,158291,186,194,15359,198,1356,158288,1522,112453,158294,158292,158289,158293],"class_list":["post-120579","post","type-post","status-publish","format-standard","has-post-thumbnail","hentry","category-gerais","category-norte_de_minas","category-jequi","tag-109-anos-soldado-olimpio","tag-aniversario-soldado-olimpio","tag-aracuai","tag-belo-horizonte","tag-dia-do-soldado","tag-diamantina","tag-manga","tag-olimpio","tag-sao-francisco","tag-sao-sebastiao-dos-pocos","tag-soldado-mais-antigo-de-minas-gerais-completa-109-anos","tag-soldado-mais-velho-de-minas-gerais","tag-soldado-olimpio","tag-soldado-reformado-mais-antigo-do-estado-de-minas-gerais"],"_links":{"self":[{"href":"https:\/\/aconteceunovale.com.br\/portal\/index.php?rest_route=\/wp\/v2\/posts\/120579","targetHints":{"allow":["GET"]}}],"collection":[{"href":"https:\/\/aconteceunovale.com.br\/portal\/index.php?rest_route=\/wp\/v2\/posts"}],"about":[{"href":"https:\/\/aconteceunovale.com.br\/portal\/index.php?rest_route=\/wp\/v2\/types\/post"}],"author":[{"embeddable":true,"href":"https:\/\/aconteceunovale.com.br\/portal\/index.php?rest_route=\/wp\/v2\/users\/1"}],"replies":[{"embeddable":true,"href":"https:\/\/aconteceunovale.com.br\/portal\/index.php?rest_route=%2Fwp%2Fv2%2Fcomments&post=120579"}],"version-history":[{"count":0,"href":"https:\/\/aconteceunovale.com.br\/portal\/index.php?rest_route=\/wp\/v2\/posts\/120579\/revisions"}],"wp:featuredmedia":[{"embeddable":true,"href":"https:\/\/aconteceunovale.com.br\/portal\/index.php?rest_route=\/wp\/v2\/media\/120580"}],"wp:attachment":[{"href":"https:\/\/aconteceunovale.com.br\/portal\/index.php?rest_route=%2Fwp%2Fv2%2Fmedia&parent=120579"}],"wp:term":[{"taxonomy":"category","embeddable":true,"href":"https:\/\/aconteceunovale.com.br\/portal\/index.php?rest_route=%2Fwp%2Fv2%2Fcategories&post=120579"},{"taxonomy":"post_tag","embeddable":true,"href":"https:\/\/aconteceunovale.com.br\/portal\/index.php?rest_route=%2Fwp%2Fv2%2Ftags&post=120579"}],"curies":[{"name":"wp","href":"https:\/\/api.w.org\/{rel}","templated":true}]}}