{"id":120575,"date":"2017-08-25T21:30:57","date_gmt":"2017-08-25T23:30:57","guid":{"rendered":"http:\/\/aconteceunovale.com.br\/portal\/?p=120575"},"modified":"2017-08-25T21:30:57","modified_gmt":"2017-08-25T23:30:57","slug":"traficante-e-preso-em-salinas-apos-adolescente-contar-na-escola-que-fumava-maconha-junto-com-o-pai","status":"publish","type":"post","link":"https:\/\/aconteceunovale.com.br\/portal\/?p=120575","title":{"rendered":"Traficante \u00e9 preso em Salinas ap\u00f3s adolescente contar na escola que fumava maconha junto com o pai"},"content":{"rendered":"<p>Um adolescente de 14 anos foi detido nesta quinta-feira (25\/08\/2017), por suspeita de uso de drogas, ap\u00f3s afirmar \u00e0 diretoria da escola e ao Conselho Tutelar que usava entorpecentes na companhia do pai.<\/p>\n<p>De acordo com a Pol\u00edcia Militar (PM), o pai do menor foi localizado e afirmou ser usu\u00e1rio, mas disse que n\u00e3o fumava com o filho; com ele foram encontradas cinco gramas de maconha. O homem relatou o endere\u00e7o do traficante que fornecia a droga.<\/p>\n<p>Os militares foram at\u00e9 a casa do traficante, mas n\u00e3o encontraram vest\u00edgios de drogas na resid\u00eancia. O pai do menor informou aos policiais o local onde a subst\u00e2ncias eram guardadas e, durante as buscas, foram encontradas 500 gramas de maconha dentro de um pote de sumplemento alimentar, enterrado pr\u00f3ximo a uma \u00e1rvore.<\/p>\n<p>O traficante, de 36 anos, foi preso e conduzido para a cadeia p\u00fablica de Salinas. Na casa do menor foram apreendidas 11 aves da fauna silvestre, e o pai vai responder por crime ambiental em liberdade.<\/p>\n<p>O menor permanece na guarda dos pais.<\/p>\n<p><img decoding=\"async\" src=\"http:\/\/aconteceunovale.com.br\/portal\/wp-content\/uploads\/2017\/08\/trafico_salinas_preso_1.jpg\" alt=\"\" \/><em>O traficante foi preso e o pai responder\u00e1 em liberdade (Foto: PM\/Divulga\u00e7\u00e3o)<\/em><br \/>\n<\/br><\/p>\n<p><img decoding=\"async\" src=\"http:\/\/aconteceunovale.com.br\/portal\/wp-content\/uploads\/2017\/08\/trafico_salinas_preso_2.jpeg\" alt=\"\" \/><em>A droga era guardada dentro de um pote de suplemento alimentar (Foto: PM\/Divulga\u00e7\u00e3o)<\/em><br \/>\n<\/br><\/p>\n<p><strong>VER PRIMEIRO<\/strong><\/p>\n<p>Receba as not\u00edcias do Aconteceu no Vale em primeira m\u00e3o. Clique em curtir no endere\u00e7o <a href=\"https:\/\/www.facebook.com\/aconteceunovale\" target=\"_blank\"><font color=\"red\">www.facebook.com\/aconteceunovale<\/font><\/a> ou no box abaixo:<\/p>\n<div class=\"fb-like\" data-href=\"https:\/\/www.facebook.com\/aconteceunovale\" data-width=\"120\" data-layout=\"standard\" data-action=\"like\" data-size=\"small\" data-show-faces=\"true\" data-share=\"true\"><\/div>\n<p><\/br><\/p>\n<p><em>(Fonte: G1 Grande Minas)<\/em><\/p>\n","protected":false},"excerpt":{"rendered":"<p>Um adolescente de 14 anos foi detido nesta quinta-feira (25\/08\/2017), por suspeita de uso de drogas, ap\u00f3s afirmar \u00e0 diretoria da escola e ao Conselho Tutelar que usava entorpecentes na companhia do pai. De acordo com a Pol\u00edcia Militar (PM), o pai do menor foi localizado e afirmou ser usu\u00e1rio, mas disse que n\u00e3o fumava [&hellip;]<\/p>\n","protected":false},"author":1,"featured_media":120576,"comment_status":"open","ping_status":"closed","sticky":false,"template":"","format":"standard","meta":{"amp_status":"","footnotes":""},"categories":[1236],"tags":[58204,9169,190,158287,151855,100625,63214],"class_list":["post-120575","post","type-post","status-publish","format-standard","has-post-thumbnail","hentry","category-norte_de_minas","tag-preso-em-salinas","tag-prisao-de-traficante-em-salinas","tag-salinas","tag-traficante-e-preso-em-salinas-apos-adolescente-contar-na-escola-que-fumava-maconha-junto-com-o-pai","tag-traficante-preso-em-salinas","tag-trafico-de-drogas-em-salinas","tag-trafico-em-salinas"],"_links":{"self":[{"href":"https:\/\/aconteceunovale.com.br\/portal\/index.php?rest_route=\/wp\/v2\/posts\/120575","targetHints":{"allow":["GET"]}}],"collection":[{"href":"https:\/\/aconteceunovale.com.br\/portal\/index.php?rest_route=\/wp\/v2\/posts"}],"about":[{"href":"https:\/\/aconteceunovale.com.br\/portal\/index.php?rest_route=\/wp\/v2\/types\/post"}],"author":[{"embeddable":true,"href":"https:\/\/aconteceunovale.com.br\/portal\/index.php?rest_route=\/wp\/v2\/users\/1"}],"replies":[{"embeddable":true,"href":"https:\/\/aconteceunovale.com.br\/portal\/index.php?rest_route=%2Fwp%2Fv2%2Fcomments&post=120575"}],"version-history":[{"count":0,"href":"https:\/\/aconteceunovale.com.br\/portal\/index.php?rest_route=\/wp\/v2\/posts\/120575\/revisions"}],"wp:featuredmedia":[{"embeddable":true,"href":"https:\/\/aconteceunovale.com.br\/portal\/index.php?rest_route=\/wp\/v2\/media\/120576"}],"wp:attachment":[{"href":"https:\/\/aconteceunovale.com.br\/portal\/index.php?rest_route=%2Fwp%2Fv2%2Fmedia&parent=120575"}],"wp:term":[{"taxonomy":"category","embeddable":true,"href":"https:\/\/aconteceunovale.com.br\/portal\/index.php?rest_route=%2Fwp%2Fv2%2Fcategories&post=120575"},{"taxonomy":"post_tag","embeddable":true,"href":"https:\/\/aconteceunovale.com.br\/portal\/index.php?rest_route=%2Fwp%2Fv2%2Ftags&post=120575"}],"curies":[{"name":"wp","href":"https:\/\/api.w.org\/{rel}","templated":true}]}}