{"id":120573,"date":"2017-08-25T21:22:13","date_gmt":"2017-08-25T23:22:13","guid":{"rendered":"http:\/\/aconteceunovale.com.br\/portal\/?p=120573"},"modified":"2017-08-25T21:22:13","modified_gmt":"2017-08-25T23:22:13","slug":"veiculo-capota-com-familia-na-br-251-no-norte-de-minas","status":"publish","type":"post","link":"https:\/\/aconteceunovale.com.br\/portal\/?p=120573","title":{"rendered":"Ve\u00edculo capota com fam\u00edlia na BR-251, no Norte de Minas"},"content":{"rendered":"<p>Um carro que seguia de Montes Claros com destino ao distrito de Vale das Cancelas capotou na tarde desta sexta-feira (25\/08\/2017), no quil\u00f4metro 460 da rodovia BR-251, pr\u00f3ximo a Francisco S\u00e1. Segundo da assessoria do Servi\u00e7o de Atendimento M\u00f3vel de Urg\u00eancia (SAMU), no ve\u00edculo havia um homem, a esposa, e os filhos do casal (uma crian\u00e7a de cinco anos e um beb\u00ea de um ano e quatro meses). <\/p>\n<p>Ainda de acordo com a assessoria do SAMU, o motorista e a esposa recusaram o atendimento m\u00e9dico e seus dois filhos sofreram apenas escoria\u00e7\u00f5es, sendo encaminhados para o hospital de Francisco S\u00e1.<\/p>\n<p><strong>VER PRIMEIRO<\/strong><\/p>\n<p>Receba as not\u00edcias do Aconteceu no Vale em primeira m\u00e3o. Clique em curtir no endere\u00e7o <a href=\"https:\/\/www.facebook.com\/aconteceunovale\" target=\"_blank\"><font color=\"red\">www.facebook.com\/aconteceunovale<\/font><\/a> ou no box abaixo:<\/p>\n<div class=\"fb-like\" data-href=\"https:\/\/www.facebook.com\/aconteceunovale\" data-width=\"120\" data-layout=\"standard\" data-action=\"like\" data-size=\"small\" data-show-faces=\"true\" data-share=\"true\"><\/div>\n<p><\/br><\/p>\n<p><em>(Fonte: G1 Grande Minas)<\/em><\/p>\n","protected":false},"excerpt":{"rendered":"<p>Um carro que seguia de Montes Claros com destino ao distrito de Vale das Cancelas capotou na tarde desta sexta-feira (25\/08\/2017), no quil\u00f4metro 460 da rodovia BR-251, pr\u00f3ximo a Francisco S\u00e1. Segundo da assessoria do Servi\u00e7o de Atendimento M\u00f3vel de Urg\u00eancia (SAMU), no ve\u00edculo havia um homem, a esposa, e os filhos do casal (uma [&hellip;]<\/p>\n","protected":false},"author":1,"featured_media":109389,"comment_status":"open","ping_status":"closed","sticky":false,"template":"","format":"standard","meta":{"amp_status":"","footnotes":""},"categories":[1236],"tags":[1396,921,1395,210,33228,73056,158286],"class_list":["post-120573","post","type-post","status-publish","format-standard","has-post-thumbnail","hentry","category-norte_de_minas","tag-acidente-na-br-251","tag-br-251","tag-francisco-sa","tag-montes-claros","tag-no-norte-de-minas","tag-vale-das-cancelas","tag-veiculo-capota-com-familia-na-br-251"],"_links":{"self":[{"href":"https:\/\/aconteceunovale.com.br\/portal\/index.php?rest_route=\/wp\/v2\/posts\/120573","targetHints":{"allow":["GET"]}}],"collection":[{"href":"https:\/\/aconteceunovale.com.br\/portal\/index.php?rest_route=\/wp\/v2\/posts"}],"about":[{"href":"https:\/\/aconteceunovale.com.br\/portal\/index.php?rest_route=\/wp\/v2\/types\/post"}],"author":[{"embeddable":true,"href":"https:\/\/aconteceunovale.com.br\/portal\/index.php?rest_route=\/wp\/v2\/users\/1"}],"replies":[{"embeddable":true,"href":"https:\/\/aconteceunovale.com.br\/portal\/index.php?rest_route=%2Fwp%2Fv2%2Fcomments&post=120573"}],"version-history":[{"count":0,"href":"https:\/\/aconteceunovale.com.br\/portal\/index.php?rest_route=\/wp\/v2\/posts\/120573\/revisions"}],"wp:featuredmedia":[{"embeddable":true,"href":"https:\/\/aconteceunovale.com.br\/portal\/index.php?rest_route=\/wp\/v2\/media\/109389"}],"wp:attachment":[{"href":"https:\/\/aconteceunovale.com.br\/portal\/index.php?rest_route=%2Fwp%2Fv2%2Fmedia&parent=120573"}],"wp:term":[{"taxonomy":"category","embeddable":true,"href":"https:\/\/aconteceunovale.com.br\/portal\/index.php?rest_route=%2Fwp%2Fv2%2Fcategories&post=120573"},{"taxonomy":"post_tag","embeddable":true,"href":"https:\/\/aconteceunovale.com.br\/portal\/index.php?rest_route=%2Fwp%2Fv2%2Ftags&post=120573"}],"curies":[{"name":"wp","href":"https:\/\/api.w.org\/{rel}","templated":true}]}}