{"id":120571,"date":"2017-08-25T20:57:10","date_gmt":"2017-08-25T22:57:10","guid":{"rendered":"http:\/\/aconteceunovale.com.br\/portal\/?p=120571"},"modified":"2017-08-25T20:57:10","modified_gmt":"2017-08-25T22:57:10","slug":"justica-eleitoral-afasta-prefeito-reeleito-de-jordania","status":"publish","type":"post","link":"https:\/\/aconteceunovale.com.br\/portal\/?p=120571","title":{"rendered":"Justi\u00e7a Eleitoral afasta prefeito reeleito de Jord\u00e2nia"},"content":{"rendered":"<p>A Justi\u00e7a Eleitoral comunicou, na quarta-feira (23\/08\/2017), ao presidente da C\u00e2mara Municipal de Jord\u00e2nia, Silm\u00e1rio B. Dias Gusm\u00e3o de Oliveira, a decis\u00e3o proferida pelo TRE mineiro que cassou os diplomas e determinou o afastamento do prefeito reeleito Watson da Silva Luz (PMDB), e do vice-prefeito, Elpidio Alves de Alc\u00e2ntara (PMDB), pela pr\u00e1tica de conduta vedada a agente p\u00fablico e abuso de poder pol\u00edtico.<\/p>\n<p>O documento, assinado pelo juiz da 144\u00aa Zona Eleitoral, de Jacinto, Andr\u00e9 Luiz Alves, determinou \u201cde imediato, a assun\u00e7\u00e3o interina do Presidente da C\u00e2mara at\u00e9 a realiza\u00e7\u00e3o de novas elei\u00e7\u00f5es\u201c. Em raz\u00e3o disso, o chefe do Legislativo j\u00e1 assumiu interinamente a prefeitura local e responder\u00e1 pelo munic\u00edpio at\u00e9 que novo prefeito seja eleito e tome posse. O novo pleito ainda ser\u00e1 marcado pelo Tribunal.<\/p>\n<p>A Corte Eleitoral havia fixado que a execu\u00e7\u00e3o da decis\u00e3o que confirmou a cassa\u00e7\u00e3o do prefeito e do vice e a convoca\u00e7\u00e3o de novas elei\u00e7\u00f5es majorit\u00e1rias, nos termos do art. 224 do C\u00f3digo Eleitoral, ocorresse ap\u00f3s a publica\u00e7\u00e3o do resultado do julgamento de embargos de declara\u00e7\u00e3o, o que ocorreu no Di\u00e1rio da Justi\u00e7a Eletr\u00f4nico (DJE) dessa ter\u00e7a-feira (22).<\/p>\n<p><span style=\"text-decoration: underline;\"><span style=\"color: #ff0000;\"><a href=\"http:\/\/inter03.tse.jus.br\/sadpPush\/ExibirDadosProcesso.do?nprot=2254912017&amp;comboTribunal=mg\" target=\"_blank\"><span style=\"color: #ff0000; text-decoration: underline;\">Processo relacionado: RE 32855<\/span><\/a><\/span><\/span>.<\/p>\n<p><strong>VER PRIMEIRO<\/strong><\/p>\n<p>Receba as not\u00edcias do Aconteceu no Vale em primeira m\u00e3o. Clique em curtir no endere\u00e7o <a href=\"https:\/\/www.facebook.com\/aconteceunovale\" target=\"_blank\"><font color=\"red\">www.facebook.com\/aconteceunovale<\/font><\/a> ou no box abaixo:<\/p>\n<div class=\"fb-like\" data-href=\"https:\/\/www.facebook.com\/aconteceunovale\" data-width=\"120\" data-layout=\"standard\" data-action=\"like\" data-size=\"small\" data-show-faces=\"true\" data-share=\"true\"><\/div>\n<p><\/br><\/p>\n<p><em>(Fonte: TRE-MG)<\/em><\/p>\n","protected":false},"excerpt":{"rendered":"<p>A Justi\u00e7a Eleitoral comunicou, na quarta-feira (23\/08\/2017), ao presidente da C\u00e2mara Municipal de Jord\u00e2nia, Silm\u00e1rio B. Dias Gusm\u00e3o de Oliveira, a decis\u00e3o proferida pelo TRE mineiro que cassou os diplomas e determinou o afastamento do prefeito reeleito Watson da Silva Luz (PMDB), e do vice-prefeito, Elpidio Alves de Alc\u00e2ntara (PMDB), pela pr\u00e1tica de conduta vedada [&hellip;]<\/p>\n","protected":false},"author":1,"featured_media":118370,"comment_status":"open","ping_status":"closed","sticky":false,"template":"","format":"standard","meta":{"amp_status":"","footnotes":""},"categories":[40240,120],"tags":[154820,154824,475,158285,154821,154819,154822,140051,154823],"class_list":["post-120571","post","type-post","status-publish","format-standard","has-post-thumbnail","hentry","category-politica-2","category-jequi","tag-cassacao-do-prefeito-de-jordania","tag-elpidio-alves-de-alcantara","tag-jordania","tag-justica-eleitoral-afasta-prefeito-reeleito-de-jordania","tag-prefeito-de-jordania-e-cassado","tag-tre-mantem-cassacao-do-registro-do-prefeito-reeleito-de-jordania","tag-tre-mg-mantem-cassacao-do-registro-do-prefeito-reeleito-de-jordania","tag-tribunal-regional-eleitoral-de-minas-gerais","tag-watson-silva-luz"],"_links":{"self":[{"href":"https:\/\/aconteceunovale.com.br\/portal\/index.php?rest_route=\/wp\/v2\/posts\/120571","targetHints":{"allow":["GET"]}}],"collection":[{"href":"https:\/\/aconteceunovale.com.br\/portal\/index.php?rest_route=\/wp\/v2\/posts"}],"about":[{"href":"https:\/\/aconteceunovale.com.br\/portal\/index.php?rest_route=\/wp\/v2\/types\/post"}],"author":[{"embeddable":true,"href":"https:\/\/aconteceunovale.com.br\/portal\/index.php?rest_route=\/wp\/v2\/users\/1"}],"replies":[{"embeddable":true,"href":"https:\/\/aconteceunovale.com.br\/portal\/index.php?rest_route=%2Fwp%2Fv2%2Fcomments&post=120571"}],"version-history":[{"count":0,"href":"https:\/\/aconteceunovale.com.br\/portal\/index.php?rest_route=\/wp\/v2\/posts\/120571\/revisions"}],"wp:featuredmedia":[{"embeddable":true,"href":"https:\/\/aconteceunovale.com.br\/portal\/index.php?rest_route=\/wp\/v2\/media\/118370"}],"wp:attachment":[{"href":"https:\/\/aconteceunovale.com.br\/portal\/index.php?rest_route=%2Fwp%2Fv2%2Fmedia&parent=120571"}],"wp:term":[{"taxonomy":"category","embeddable":true,"href":"https:\/\/aconteceunovale.com.br\/portal\/index.php?rest_route=%2Fwp%2Fv2%2Fcategories&post=120571"},{"taxonomy":"post_tag","embeddable":true,"href":"https:\/\/aconteceunovale.com.br\/portal\/index.php?rest_route=%2Fwp%2Fv2%2Ftags&post=120571"}],"curies":[{"name":"wp","href":"https:\/\/api.w.org\/{rel}","templated":true}]}}