{"id":120566,"date":"2017-08-25T20:34:20","date_gmt":"2017-08-25T22:34:20","guid":{"rendered":"http:\/\/aconteceunovale.com.br\/portal\/?p=120566"},"modified":"2017-08-25T20:34:20","modified_gmt":"2017-08-25T22:34:20","slug":"crianca-de-seis-anos-era-estuprada-pelo-proprio-irmao-em-jaguaracu-no-vale-do-aco","status":"publish","type":"post","link":"https:\/\/aconteceunovale.com.br\/portal\/?p=120566","title":{"rendered":"Crian\u00e7a de seis anos era estuprada pelo pr\u00f3prio irm\u00e3o em Jaguara\u00e7u, no Vale do A\u00e7o"},"content":{"rendered":"<p>Um adolescente de 16 anos foi apreendido na manh\u00e3 desta sexta-feira, 25 de agosto de 2017, suspeito de estuprar e maltratar a irm\u00e3 de seis anos em Jaguara\u00e7u, no Vale do A\u00e7o. De acordo com a Pol\u00edcia Militar (PM), a crian\u00e7a contou sobre os abusos para uma professora, que notou um comportamento estranho da menina nos \u00faltimos dias.<\/p>\n<p>A crian\u00e7a relatou para a professora que era constantemente abusada pelo irm\u00e3o. A pequena tamb\u00e9m registrou maus-tratos, j\u00e1 que o adolescente a coloca de castigo ajoelhada no milho e no feij\u00e3o e a deixava sem se alimentar. Esse castigo, segundo a crian\u00e7a ocorreu nesta quinta-feira.<\/p>\n<p>A v\u00edtima foi levada para o Hospital Vital Brazil, em Tim\u00f3teo, onde foi examinada por um m\u00e9dico que n\u00e3o constatou o rompimento do h\u00edmen, no entanto ele disse haver ind\u00edcios de estupro.<\/p>\n<p>A menina foi levada junto com o irm\u00e3o e o pai para a Delegacia de Pol\u00edcia Civil de Tim\u00f3teo. O Conselho Tutelar da cidade tamb\u00e9m est\u00e1 acompanhando o caso.<\/p>\n<p>A Pol\u00edcia Civil informou que j\u00e1 instaurou o inqu\u00e9rito para apurar o caso. O adolescente, a crian\u00e7a, testemunhas e conselheiros tutelares foram ouvidos. O menino vai responder por crime an\u00e1logo a estupro de vulner\u00e1vel. A crian\u00e7a passou exame de corpo delito.<\/p>\n<p><img decoding=\"async\" src=\"http:\/\/aconteceunovale.com.br\/portal\/wp-content\/uploads\/2017\/08\/jaguaracu.jpg\" alt=\"\" \/><em>Vista de Jaguara\u00e7u (Foto: Reprodu\u00e7\u00e3o\/Site da Prefeitura de Jaguara\u00e7u)<\/em><br \/>\n<\/br><\/p>\n<p><strong>VER PRIMEIRO<\/strong><\/p>\n<p>Receba as not\u00edcias do Aconteceu no Vale em primeira m\u00e3o. Clique em curtir no endere\u00e7o <a href=\"https:\/\/www.facebook.com\/aconteceunovale\" target=\"_blank\"><font color=\"red\">www.facebook.com\/aconteceunovale<\/font><\/a> ou no box abaixo:<\/p>\n<div class=\"fb-like\" data-href=\"https:\/\/www.facebook.com\/aconteceunovale\" data-width=\"120\" data-layout=\"standard\" data-action=\"like\" data-size=\"small\" data-show-faces=\"true\" data-share=\"true\"><\/div>\n<p><\/br><\/p>\n<p><em>(Fonte: O Tempo \/ Nat\u00e1lia Oliveira)<\/em><\/p>\n","protected":false},"excerpt":{"rendered":"<p>Um adolescente de 16 anos foi apreendido na manh\u00e3 desta sexta-feira, 25 de agosto de 2017, suspeito de estuprar e maltratar a irm\u00e3 de seis anos em Jaguara\u00e7u, no Vale do A\u00e7o. De acordo com a Pol\u00edcia Militar (PM), a crian\u00e7a contou sobre os abusos para uma professora, que notou um comportamento estranho da menina [&hellip;]<\/p>\n","protected":false},"author":1,"featured_media":120567,"comment_status":"open","ping_status":"closed","sticky":false,"template":"","format":"standard","meta":{"amp_status":"","footnotes":""},"categories":[121],"tags":[158276,158279,158278,158277,1741,1105],"class_list":["post-120566","post","type-post","status-publish","format-standard","has-post-thumbnail","hentry","category-leste","tag-crianca-de-seis-anos-era-estuprada-pelo-proprio-irmao-em-jaguaracu","tag-estuprada-pelo-irmao-em-jaguaracu","tag-estuprador-jaguaracu","tag-estupro-jaguaracu","tag-jaguaracu","tag-timoteo"],"_links":{"self":[{"href":"https:\/\/aconteceunovale.com.br\/portal\/index.php?rest_route=\/wp\/v2\/posts\/120566","targetHints":{"allow":["GET"]}}],"collection":[{"href":"https:\/\/aconteceunovale.com.br\/portal\/index.php?rest_route=\/wp\/v2\/posts"}],"about":[{"href":"https:\/\/aconteceunovale.com.br\/portal\/index.php?rest_route=\/wp\/v2\/types\/post"}],"author":[{"embeddable":true,"href":"https:\/\/aconteceunovale.com.br\/portal\/index.php?rest_route=\/wp\/v2\/users\/1"}],"replies":[{"embeddable":true,"href":"https:\/\/aconteceunovale.com.br\/portal\/index.php?rest_route=%2Fwp%2Fv2%2Fcomments&post=120566"}],"version-history":[{"count":0,"href":"https:\/\/aconteceunovale.com.br\/portal\/index.php?rest_route=\/wp\/v2\/posts\/120566\/revisions"}],"wp:featuredmedia":[{"embeddable":true,"href":"https:\/\/aconteceunovale.com.br\/portal\/index.php?rest_route=\/wp\/v2\/media\/120567"}],"wp:attachment":[{"href":"https:\/\/aconteceunovale.com.br\/portal\/index.php?rest_route=%2Fwp%2Fv2%2Fmedia&parent=120566"}],"wp:term":[{"taxonomy":"category","embeddable":true,"href":"https:\/\/aconteceunovale.com.br\/portal\/index.php?rest_route=%2Fwp%2Fv2%2Fcategories&post=120566"},{"taxonomy":"post_tag","embeddable":true,"href":"https:\/\/aconteceunovale.com.br\/portal\/index.php?rest_route=%2Fwp%2Fv2%2Ftags&post=120566"}],"curies":[{"name":"wp","href":"https:\/\/api.w.org\/{rel}","templated":true}]}}