{"id":120562,"date":"2017-08-25T21:58:16","date_gmt":"2017-08-25T23:58:16","guid":{"rendered":"http:\/\/aconteceunovale.com.br\/portal\/?p=120562"},"modified":"2017-08-25T21:59:29","modified_gmt":"2017-08-25T23:59:29","slug":"homens-sao-presos-por-extracao-irregular-de-cascalho-em-monte-azul-no-norte-de-minas","status":"publish","type":"post","link":"https:\/\/aconteceunovale.com.br\/portal\/?p=120562","title":{"rendered":"Homens s\u00e3o presos por extra\u00e7\u00e3o irregular de cascalho em Monte Azul, no Norte de Minas"},"content":{"rendered":"<p>Dois homens de 40 e 46 anos foram presos, nessa quinta-feira (24\/08\/2017), por extra\u00e7\u00e3o de cascalho sem autoriza\u00e7\u00e3o, na MGC-122, em Monte Azul (MG). De acordo com a Pol\u00edcia Militar de Meio Ambiente, no momento da abordagem, os dois suspeitos estavam enchendo uma ca\u00e7amba com o material.<\/p>\n<p>A pol\u00edcia chegou ao local depois de uma den\u00fancia sobre a extra\u00e7\u00e3o irregular. Os dois homens disseram aos militares n\u00e3o possuir autoriza\u00e7\u00e3o ambiental e foram autuados em R$ 4.487,23 cada um.<\/p>\n<p>Eles foram levados \u00e0 delegacia para prestarem depoimentos. Uma ca\u00e7amba e uma mini carregadeira foram apreendidas e removidas ao p\u00e1tio credenciado da cidade.<\/p>\n<p><strong>Transporte de areia<\/strong><\/p>\n<p>Ainda na cidade, um homem de 36 anos foi preso por transporte irregular de areia no Bairro Pernambuco. Segundo a Pol\u00edcia Militar de Meio Ambiente, o motorista apresentou uma nota fiscal vencida do produto e o caminh\u00e3o foi apreendido, juntamente com a areia.<\/p>\n<p>A abordagem aconteceu durante uma fiscaliza\u00e7\u00e3o da Pol\u00edcia Militar de Meio Ambiente. A Pol\u00edcia Civil ir\u00e1 investigar o caso.<\/p>\n<p><img decoding=\"async\" src=\"http:\/\/aconteceunovale.com.br\/portal\/wp-content\/uploads\/2017\/08\/cascalho_monteazul.jpeg\" alt=\"\" \/><em>Ve\u00edculo e equipamento foram removidos (Foto: Divulga\u00e7\u00e3o\/PM)<\/em><br \/>\n<\/br><\/p>\n<p><strong>VER PRIMEIRO<\/strong><\/p>\n<p>Receba as not\u00edcias do Aconteceu no Vale em primeira m\u00e3o. Clique em curtir no endere\u00e7o <a href=\"https:\/\/www.facebook.com\/aconteceunovale\" target=\"_blank\"><font color=\"red\">www.facebook.com\/aconteceunovale<\/font><\/a> ou no box abaixo:<\/p>\n<div class=\"fb-like\" data-href=\"https:\/\/www.facebook.com\/aconteceunovale\" data-width=\"120\" data-layout=\"standard\" data-action=\"like\" data-size=\"small\" data-show-faces=\"true\" data-share=\"true\"><\/div>\n<p><\/br><\/p>\n<p><em>(Fonte: G1 Grande Minas)<\/em><\/p>\n","protected":false},"excerpt":{"rendered":"<p>Dois homens de 40 e 46 anos foram presos, nessa quinta-feira (24\/08\/2017), por extra\u00e7\u00e3o de cascalho sem autoriza\u00e7\u00e3o, na MGC-122, em Monte Azul (MG). De acordo com a Pol\u00edcia Militar de Meio Ambiente, no momento da abordagem, os dois suspeitos estavam enchendo uma ca\u00e7amba com o material. A pol\u00edcia chegou ao local depois de uma [&hellip;]<\/p>\n","protected":false},"author":1,"featured_media":120563,"comment_status":"open","ping_status":"closed","sticky":false,"template":"","format":"standard","meta":{"amp_status":"","footnotes":""},"categories":[1236],"tags":[158274,158275,158272,1277,143334,158273],"class_list":["post-120562","post","type-post","status-publish","format-standard","has-post-thumbnail","hentry","category-norte_de_minas","tag-crime-ambiental-em-monte-azul","tag-extracao-irregular-de-cascalho-em-monte-azul","tag-homens-sao-presos-por-extracao-irregular-de-cascalho-em-monte-azul","tag-monte-azul","tag-presos-em-monte-azul","tag-presos-por-crime-ambiental-em-monte-azul"],"_links":{"self":[{"href":"https:\/\/aconteceunovale.com.br\/portal\/index.php?rest_route=\/wp\/v2\/posts\/120562","targetHints":{"allow":["GET"]}}],"collection":[{"href":"https:\/\/aconteceunovale.com.br\/portal\/index.php?rest_route=\/wp\/v2\/posts"}],"about":[{"href":"https:\/\/aconteceunovale.com.br\/portal\/index.php?rest_route=\/wp\/v2\/types\/post"}],"author":[{"embeddable":true,"href":"https:\/\/aconteceunovale.com.br\/portal\/index.php?rest_route=\/wp\/v2\/users\/1"}],"replies":[{"embeddable":true,"href":"https:\/\/aconteceunovale.com.br\/portal\/index.php?rest_route=%2Fwp%2Fv2%2Fcomments&post=120562"}],"version-history":[{"count":0,"href":"https:\/\/aconteceunovale.com.br\/portal\/index.php?rest_route=\/wp\/v2\/posts\/120562\/revisions"}],"wp:featuredmedia":[{"embeddable":true,"href":"https:\/\/aconteceunovale.com.br\/portal\/index.php?rest_route=\/wp\/v2\/media\/120563"}],"wp:attachment":[{"href":"https:\/\/aconteceunovale.com.br\/portal\/index.php?rest_route=%2Fwp%2Fv2%2Fmedia&parent=120562"}],"wp:term":[{"taxonomy":"category","embeddable":true,"href":"https:\/\/aconteceunovale.com.br\/portal\/index.php?rest_route=%2Fwp%2Fv2%2Fcategories&post=120562"},{"taxonomy":"post_tag","embeddable":true,"href":"https:\/\/aconteceunovale.com.br\/portal\/index.php?rest_route=%2Fwp%2Fv2%2Ftags&post=120562"}],"curies":[{"name":"wp","href":"https:\/\/api.w.org\/{rel}","templated":true}]}}