{"id":120558,"date":"2017-08-25T14:07:39","date_gmt":"2017-08-25T16:07:39","guid":{"rendered":"http:\/\/aconteceunovale.com.br\/portal\/?p=120558"},"modified":"2017-08-25T14:08:22","modified_gmt":"2017-08-25T16:08:22","slug":"terroristas-ameacam-papa-francisco-nos-vamos-estar-em-roma-se-deus-quiser","status":"publish","type":"post","link":"https:\/\/aconteceunovale.com.br\/portal\/?p=120558","title":{"rendered":"Terroristas amea\u00e7am papa Francisco: \u201cN\u00f3s vamos estar em Roma, se Deus quiser\u201d"},"content":{"rendered":"<p>O grupo Estado Isl\u00e2mico (EI) divulgou nessa quinta-feira (24\/08\/2017) um v\u00eddeo no qual amea\u00e7a o papa Francisco e afirma que &#8220;chegar\u00e1 a Roma&#8221;, onde fica o Vaticano. A grava\u00e7\u00e3o foi feita em Marawi, cidade mu\u00e7ulmana das Filipinas que abriga uma c\u00e9lula bastante ativa do EI, o Grupo Maute, e vem sendo palco de combates entre as for\u00e7as de seguran\u00e7a do pa\u00eds e os jihadistas.<\/p>\n<p>No v\u00eddeo, que foi divulgado pelo Al Hayat Media Center, um dos \u00f3rg\u00e3os oficiais de propaganda do Estado Isl\u00e2mico, terroristas aparecem rasgando um p\u00f4ster de Francisco e destruindo imagens crist\u00e3s em uma igreja.<\/p>\n<p>&#8220;Lembrem-se disso, infi\u00e9is, n\u00f3s vamos estar em Roma, se Deus quiser&#8221;, diz, em ingl\u00eas, um dos milicianos, que se identifica como &#8220;Abu Jindal&#8221;. Em seguida, o grupo coloca fogo no templo religioso. &#8220;Depois de todos os esfor\u00e7os, a religi\u00e3o dos cruzados \u00e9 que ser\u00e1 destru\u00edda&#8221;, afirma o narrador da grava\u00e7\u00e3o.<\/p>\n<p>O v\u00eddeo foi divulgado no mesmo dia em que simpatizantes do EI usaram um canal no aplicativo Telegram para fazer um novo apelo por atentados na It\u00e1lia, pa\u00eds que est\u00e1 na mira do grupo por pertencer \u00e0 coaliz\u00e3o internacional liderada pelos Estados Unidos e por abrigar a sede da Igreja Cat\u00f3lica.<\/p>\n<p>Em novembro de 2015, pouco depois dos atentados que mataram 130 pessoas em Paris, o Estado Isl\u00e2mico j\u00e1 havia usado sua revista digital, a &#8220;Dabiq&#8221;, para dizer que hastearia sua bandeira preta no Vaticano.<\/p>\n<p>No m\u00eas seguinte, um novo v\u00eddeo exibiu tanques avan\u00e7ando sobre o Coliseu, enquanto o narrador afirmava que Roma representava a &#8220;batalha final antes do dia do ju\u00edzo&#8221;.<\/p>\n<p><img decoding=\"async\" src=\"http:\/\/aconteceunovale.com.br\/portal\/wp-content\/uploads\/2017\/08\/ameaca_papa.jpg\" alt=\"\" \/><br \/>\n<\/br><\/p>\n<p><strong>VER PRIMEIRO<\/strong><\/p>\n<p>Receba as not\u00edcias do Aconteceu no Vale em primeira m\u00e3o. Clique em curtir no endere\u00e7o <a href=\"https:\/\/www.facebook.com\/aconteceunovale\" target=\"_blank\"><font color=\"red\">www.facebook.com\/aconteceunovale<\/font><\/a> ou no box abaixo:<\/p>\n<div class=\"fb-like\" data-href=\"https:\/\/www.facebook.com\/aconteceunovale\" data-width=\"120\" data-layout=\"standard\" data-action=\"like\" data-size=\"small\" data-show-faces=\"true\" data-share=\"true\"><\/div>\n<p><\/br><\/p>\n<p><em>(Fonte: Ansa)<\/em><\/p>\n","protected":false},"excerpt":{"rendered":"<p>O grupo Estado Isl\u00e2mico (EI) divulgou nessa quinta-feira (24\/08\/2017) um v\u00eddeo no qual amea\u00e7a o papa Francisco e afirma que &#8220;chegar\u00e1 a Roma&#8221;, onde fica o Vaticano. A grava\u00e7\u00e3o foi feita em Marawi, cidade mu\u00e7ulmana das Filipinas que abriga uma c\u00e9lula bastante ativa do EI, o Grupo Maute, e vem sendo palco de combates entre [&hellip;]<\/p>\n","protected":false},"author":1,"featured_media":120559,"comment_status":"open","ping_status":"closed","sticky":false,"template":"","format":"standard","meta":{"amp_status":"","footnotes":""},"categories":[28848],"tags":[158270,158269,158265,158262,21610,158264,15226,158263,158267,158268,158266,63088,946,158271],"class_list":["post-120558","post","type-post","status-publish","format-standard","has-post-thumbnail","hentry","category-mundo","tag-abu-jindal","tag-al-hayat-media-center","tag-ameaca-ao-papa","tag-ameaca-estado-islamico","tag-ei","tag-ei-ameaca-papa","tag-estado-islamico","tag-estado-islamico-ameaca-papa","tag-grupo-maute","tag-jihadistas","tag-marawi","tag-papa","tag-papa-francisco","tag-terroristas-ameacam-papa-francisco"],"_links":{"self":[{"href":"https:\/\/aconteceunovale.com.br\/portal\/index.php?rest_route=\/wp\/v2\/posts\/120558","targetHints":{"allow":["GET"]}}],"collection":[{"href":"https:\/\/aconteceunovale.com.br\/portal\/index.php?rest_route=\/wp\/v2\/posts"}],"about":[{"href":"https:\/\/aconteceunovale.com.br\/portal\/index.php?rest_route=\/wp\/v2\/types\/post"}],"author":[{"embeddable":true,"href":"https:\/\/aconteceunovale.com.br\/portal\/index.php?rest_route=\/wp\/v2\/users\/1"}],"replies":[{"embeddable":true,"href":"https:\/\/aconteceunovale.com.br\/portal\/index.php?rest_route=%2Fwp%2Fv2%2Fcomments&post=120558"}],"version-history":[{"count":0,"href":"https:\/\/aconteceunovale.com.br\/portal\/index.php?rest_route=\/wp\/v2\/posts\/120558\/revisions"}],"wp:featuredmedia":[{"embeddable":true,"href":"https:\/\/aconteceunovale.com.br\/portal\/index.php?rest_route=\/wp\/v2\/media\/120559"}],"wp:attachment":[{"href":"https:\/\/aconteceunovale.com.br\/portal\/index.php?rest_route=%2Fwp%2Fv2%2Fmedia&parent=120558"}],"wp:term":[{"taxonomy":"category","embeddable":true,"href":"https:\/\/aconteceunovale.com.br\/portal\/index.php?rest_route=%2Fwp%2Fv2%2Fcategories&post=120558"},{"taxonomy":"post_tag","embeddable":true,"href":"https:\/\/aconteceunovale.com.br\/portal\/index.php?rest_route=%2Fwp%2Fv2%2Ftags&post=120558"}],"curies":[{"name":"wp","href":"https:\/\/api.w.org\/{rel}","templated":true}]}}