{"id":120554,"date":"2017-08-25T13:31:50","date_gmt":"2017-08-25T15:31:50","guid":{"rendered":"http:\/\/aconteceunovale.com.br\/portal\/?p=120554"},"modified":"2017-08-25T13:31:50","modified_gmt":"2017-08-25T15:31:50","slug":"divulgada-relacao-de-nomes-dos-mortos-no-naufragio-em-salvador","status":"publish","type":"post","link":"https:\/\/aconteceunovale.com.br\/portal\/?p=120554","title":{"rendered":"Divulgada rela\u00e7\u00e3o de nomes dos mortos no naufr\u00e1gio em Salvador"},"content":{"rendered":"<p>A Secretaria de Seguran\u00e7a P\u00fablica da Bahia (SSP) divulgou hoje (25\/08\/2017) a lista com identifica\u00e7\u00e3o dos 18 corpos das v\u00edtimas do acidente ocorrido na manh\u00e3 de ontem, durante travessia entre Mar Grande e Salvador. Ontem \u00e0 noite (24), dez corpos j\u00e1 haviam sido identificados pelos familiares e, nesta manh\u00e3, a lista se completou, incluindo tr\u00eas crian\u00e7as de dois anos de idade.<\/p>\n<p>Os trabalhos de busca por sobreviventes ou pelos corpos havia sido suspenso na noite desta quinta-feira e foram retomados na manh\u00e3 de hoje. Apesar da continuidade pelas buscas, a coordena\u00e7\u00e3o do Servi\u00e7o de Atendimento M\u00e9dico de Urg\u00eancia (Samu) j\u00e1 considerava \u201cimprov\u00e1vel\u201d, desde o fim da tarde de ontem, que sejam encontradas v\u00edtimas com vida.<\/p>\n<p><img decoding=\"async\" src=\"http:\/\/aconteceunovale.com.br\/portal\/wp-content\/uploads\/2017\/08\/naufragio_salvador_2.jpg\" alt=\"\" \/><em>O naufr\u00e1gio ocorreu na manh\u00e3 de ontem (Sayonara Moreno\/Ag\u00eancia Brasil)<\/em><br \/>\n<\/br><\/p>\n<p>Os corpos foram identificados pelo Instituto M\u00e9dico Legal, do Departamento de Pol\u00edcia T\u00e9cnica, em Santo Ant\u00f4nio de Jesus e Salvador. Confira a lista das v\u00edtimas que n\u00e3o sobreviveram \u00e0 trag\u00e9dia:<\/p>\n<p>1. Ant\u00f4nio de Jesus Souza, 67 anos<\/p>\n<p>2. Thiago Henrique de Melo Barreto, 35 anos<\/p>\n<p>3. Ivanilde Gomes da Silva, 70 anos<\/p>\n<p>4. Tais Medeiros Ramos de Sales, 32 anos<\/p>\n<p>5. Lucas Medeiros Le\u00e3o, 2 anos<\/p>\n<p>6. Darlan Queiroz Reis Juli\u00e3o, 2 anos<\/p>\n<p>7. Lais Pita Trindade, 20 anos<\/p>\n<p>8. Dulciana dos Santos Queiroz, 38 anos<\/p>\n<p>9. Davi Gabriel Monteiro Coutinho, 2 anos<\/p>\n<p>10. Dulcelina Machado dos Santos, 59 anos<\/p>\n<p>11. Sandra Lima dos Santos, 40 anos<\/p>\n<p>12. Lindinalva Moreira da Silva, 50<\/p>\n<p>13. Rosemeire Novais Carneiro de Costa, 49 anos<\/p>\n<p>14. Alessandra Bonfim dos Santos, 36 anos<\/p>\n<p>15. Isnaildes de Oliveira Lima, 48 anos<\/p>\n<p>16. Rita dos Santos, 54 anos<\/p>\n<p>17. Edileuza reis a Concei\u00e7\u00e3o, 53 anos<\/p>\n<p>18. Edilene Oliveira dos Santos, 43 anos<\/p>\n<h3>21 mortos em naufr\u00e1gio no Rio Xingu<\/h3>\n<p>Passou para 21 o n\u00famero de pessoas mortas no naufr\u00e1gio da embarca\u00e7\u00e3o Capit\u00e3o Ribeiro, que aconteceu ontem (23) no Par\u00e1. De acordo com a Secretaria de Estado de Seguran\u00e7a P\u00fablica e Defesa Social do Par\u00e1 (Segup), as equipes que trabalham nas buscas das v\u00edtimas encontraram hoje (24) mais 11 corpos. Mais 23 pessoas foram resgatadas com vida e cinco est\u00e3o desaparecidas.<\/p>\n<p>Os corpos est\u00e3o sendo levados para o gin\u00e1sio municipal de Porto de Moz, onde os peritos do Centro de Per\u00edcias Cient\u00edficas Renato Chaves fazem o trabalho de identifica\u00e7\u00e3o, seguido de reconhecimento por parte dos familiares para a libera\u00e7\u00e3o.<\/p>\n<p>O navio naufragou em uma regi\u00e3o conhecida como Ponte Grande do Xingu, localizada entre os munic\u00edpios de Senador Jos\u00e9 Porf\u00edrio e Porto de Moz. A embarca\u00e7\u00e3o saiu de Santar\u00e9m com destino a Vit\u00f3ria do Xingu.<\/p>\n<p>Segundo a Ag\u00eancia Estadual de Regula\u00e7\u00e3o e Controle de Servi\u00e7os P\u00fablicos (Arcon-PA), a embarca\u00e7\u00e3o n\u00e3o estava legalizada junto \u00e0 ag\u00eancia e fazia o transporte de passageiros de forma clandestina.<\/p>\n<p>A Segup disponibilizou aos familiares das v\u00edtimas do naufr\u00e1gio que ainda est\u00e3o desaparecidas o n\u00famero da sala de situa\u00e7\u00e3o montada em Porto de Moz para maiores informa\u00e7\u00f5es: (093) 3793-1504<\/p>\n<p><strong>VER PRIMEIRO<\/strong><\/p>\n<p>Receba as not\u00edcias do Aconteceu no Vale em primeira m\u00e3o. Clique em curtir no endere\u00e7o <a href=\"https:\/\/www.facebook.com\/aconteceunovale\" target=\"_blank\"><font color=\"red\">www.facebook.com\/aconteceunovale<\/font><\/a> ou no box abaixo:<\/p>\n<div class=\"fb-like\" data-href=\"https:\/\/www.facebook.com\/aconteceunovale\" data-width=\"120\" data-layout=\"standard\" data-action=\"like\" data-size=\"small\" data-show-faces=\"true\" data-share=\"true\"><\/div>\n<p><\/br><\/p>\n<p><em>(Fonte: Ag\u00eancia Brasil)<\/em><\/p>\n","protected":false},"excerpt":{"rendered":"<p>A Secretaria de Seguran\u00e7a P\u00fablica da Bahia (SSP) divulgou hoje (25\/08\/2017) a lista com identifica\u00e7\u00e3o dos 18 corpos das v\u00edtimas do acidente ocorrido na manh\u00e3 de ontem, durante travessia entre Mar Grande e Salvador. Ontem \u00e0 noite (24), dez corpos j\u00e1 haviam sido identificados pelos familiares e, nesta manh\u00e3, a lista se completou, incluindo tr\u00eas [&hellip;]<\/p>\n","protected":false},"author":1,"featured_media":120556,"comment_status":"open","ping_status":"closed","sticky":false,"template":"","format":"standard","meta":{"amp_status":"","footnotes":""},"categories":[6],"tags":[158252,158241,158228,158247,158233,158236,158249,158237,158235,158245,158244,158256,158242,158230,158234,158239,158248,158232,158226,158254,158251,158246,158255,158250,158257,158253,15362,158260,158259,158261,158243,158240,6531,158238,158227,158224,158258,158225,158231,158229],"class_list":["post-120554","post","type-post","status-publish","format-standard","has-post-thumbnail","hentry","category-br","tag-21-mortos-em-naufragio-no-rio-xingu","tag-alessandra-bonfim-dos-santos","tag-antonio-de-jesus-souza","tag-baia-de-todos-os-santos","tag-darlan-queiroz-reis-juliao","tag-davi-gabriel-monteiro-coutinho","tag-divulgada-relacao-de-nomes-dos-mortos-no-naufragio-em-salvador","tag-dulcelina-machado-dos-santos","tag-dulciana-dos-santos-queiroz","tag-edilene-oliveira-dos-santos","tag-edileuza-reis-a-conceicao","tag-embarcacao-capitao-ribeiro","tag-isnaildes-de-oliveira-lima","tag-ivanilde-gomes-da-silva","tag-lais-pita-trindade","tag-lindinalva-moreira-da-silva","tag-lista-de-mortos","tag-lucas-medeiros-leao","tag-mar-grande","tag-mortos-em-naufragio-no-rio-xingu","tag-mortos-no-naufragio-em-salvador","tag-naufragio","tag-naufragio-da-embarcacao-capitao-ribeiro","tag-naufragio-em-salvador","tag-naufragio-no-para","tag-naufragio-no-rio-xingu","tag-para","tag-ponte-grande-do-xingu","tag-porto-de-moz","tag-rio-xingu","tag-rita-dos-santos","tag-rosemeire-novais-carneiro-de-costa","tag-salvador","tag-sandra-lima-dos-santos","tag-santo-antonio-de-jesus","tag-secretaria-de-seguranca-publica-da-bahia","tag-segup","tag-ssp","tag-tais-medeiros-ramos-de-sales","tag-thiago-henrique-de-melo-barreto"],"_links":{"self":[{"href":"https:\/\/aconteceunovale.com.br\/portal\/index.php?rest_route=\/wp\/v2\/posts\/120554","targetHints":{"allow":["GET"]}}],"collection":[{"href":"https:\/\/aconteceunovale.com.br\/portal\/index.php?rest_route=\/wp\/v2\/posts"}],"about":[{"href":"https:\/\/aconteceunovale.com.br\/portal\/index.php?rest_route=\/wp\/v2\/types\/post"}],"author":[{"embeddable":true,"href":"https:\/\/aconteceunovale.com.br\/portal\/index.php?rest_route=\/wp\/v2\/users\/1"}],"replies":[{"embeddable":true,"href":"https:\/\/aconteceunovale.com.br\/portal\/index.php?rest_route=%2Fwp%2Fv2%2Fcomments&post=120554"}],"version-history":[{"count":0,"href":"https:\/\/aconteceunovale.com.br\/portal\/index.php?rest_route=\/wp\/v2\/posts\/120554\/revisions"}],"wp:featuredmedia":[{"embeddable":true,"href":"https:\/\/aconteceunovale.com.br\/portal\/index.php?rest_route=\/wp\/v2\/media\/120556"}],"wp:attachment":[{"href":"https:\/\/aconteceunovale.com.br\/portal\/index.php?rest_route=%2Fwp%2Fv2%2Fmedia&parent=120554"}],"wp:term":[{"taxonomy":"category","embeddable":true,"href":"https:\/\/aconteceunovale.com.br\/portal\/index.php?rest_route=%2Fwp%2Fv2%2Fcategories&post=120554"},{"taxonomy":"post_tag","embeddable":true,"href":"https:\/\/aconteceunovale.com.br\/portal\/index.php?rest_route=%2Fwp%2Fv2%2Ftags&post=120554"}],"curies":[{"name":"wp","href":"https:\/\/api.w.org\/{rel}","templated":true}]}}