{"id":120552,"date":"2017-08-25T13:15:14","date_gmt":"2017-08-25T15:15:14","guid":{"rendered":"http:\/\/aconteceunovale.com.br\/portal\/?p=120552"},"modified":"2017-08-25T13:15:14","modified_gmt":"2017-08-25T15:15:14","slug":"quase-30-milhoes-de-aposentados-e-pensionistas-comecam-a-receber-primeira-parcela-do-decimo-terceiro","status":"publish","type":"post","link":"https:\/\/aconteceunovale.com.br\/portal\/?p=120552","title":{"rendered":"Quase 30 milh\u00f5es de aposentados e pensionistas come\u00e7am a receber primeira parcela do d\u00e9cimo terceiro"},"content":{"rendered":"<p>Mais de 29,2 milh\u00f5es de aposentados e pensionistas do setor privado come\u00e7am a receber hoje (25\/08\/2017) a primeira parcela do d\u00e9cimo terceiro. O pagamento ser\u00e1 feito na folha de agosto e segue at\u00e9 8 de setembro, conforme o cronograma mensal de dep\u00f3sito dos benef\u00edcios.<\/p>\n<p>O\u00a0decreto presidencial\u00a0que permitiu a antecipa\u00e7\u00e3o de 50% do d\u00e9cimo terceiro para agosto foi publicado no fim de julho. Segundo o Minist\u00e9rio da Previd\u00eancia Social, a medida injetar\u00e1 R$ 19,9 bilh\u00f5es na economia em agosto e setembro.<\/p>\n<p>O pagamento come\u00e7ar\u00e1 pelos benef\u00edcios de um sal\u00e1rio m\u00ednimo com final 1. Para benef\u00edcios superiores a um sal\u00e1rio m\u00ednimo, a primeira parcela do d\u00e9cimo terceiro s\u00f3 come\u00e7ar\u00e1 a ser depositada em 1\u00ba de setembro. O cronograma de libera\u00e7\u00e3o est\u00e1 dispon\u00edvel na\u00a0<a href=\"http:\/\/www.previdencia.gov.br\/wp-content\/uploads\/2017\/02\/Tabela-de-pagamento-2017-banner-do-site-2.png1_.jpg\" target=\"_blank\"><span style=\"text-decoration: underline;\"><span style=\"color: #ff0000; text-decoration: underline;\">p\u00e1gina do Minist\u00e9rio da Previd\u00eancia<\/span><\/span>\u00a0<\/a>na internet.<\/p>\n<p>Como determina a legisla\u00e7\u00e3o, n\u00e3o haver\u00e1 desconto de Imposto de Renda na primeira parcela. O imposto sobre o d\u00e9cimo terceiro somente pode ser cobrado em novembro e dezembro, quando ser\u00e1 paga a segunda parcela da gratifica\u00e7\u00e3o natalina.<\/p>\n<p>Desde 2006, o governo antecipa a primeira parcela do d\u00e9cimo terceiro sal\u00e1rio dos aposentados e pensionistas na folha de agosto. Somente em 2015, o pagamento foi adiado para setembro, por causa do ritmo fraco da economia e da queda da arrecada\u00e7\u00e3o.<\/p>\n<p><strong>VER PRIMEIRO<\/strong><\/p>\n<p>Receba as not\u00edcias do Aconteceu no Vale em primeira m\u00e3o. Clique em curtir no endere\u00e7o <a href=\"https:\/\/www.facebook.com\/aconteceunovale\" target=\"_blank\"><font color=\"red\">www.facebook.com\/aconteceunovale<\/font><\/a> ou no box abaixo:<\/p>\n<div class=\"fb-like\" data-href=\"https:\/\/www.facebook.com\/aconteceunovale\" data-width=\"120\" data-layout=\"standard\" data-action=\"like\" data-size=\"small\" data-show-faces=\"true\" data-share=\"true\"><\/div>\n<p><\/br><\/p>\n<p><em>(Fonte: Ag\u00eancia Brasil)<\/em><\/p>\n","protected":false},"excerpt":{"rendered":"<p>Mais de 29,2 milh\u00f5es de aposentados e pensionistas do setor privado come\u00e7am a receber hoje (25\/08\/2017) a primeira parcela do d\u00e9cimo terceiro. O pagamento ser\u00e1 feito na folha de agosto e segue at\u00e9 8 de setembro, conforme o cronograma mensal de dep\u00f3sito dos benef\u00edcios. O\u00a0decreto presidencial\u00a0que permitiu a antecipa\u00e7\u00e3o de 50% do d\u00e9cimo terceiro para [&hellip;]<\/p>\n","protected":false},"author":1,"featured_media":36611,"comment_status":"open","ping_status":"closed","sticky":false,"template":"","format":"standard","meta":{"amp_status":"","footnotes":""},"categories":[6],"tags":[26724,21825,42770,158223,26725,58222,158221,158222,158220],"class_list":["post-120552","post","type-post","status-publish","format-standard","has-post-thumbnail","hentry","category-br","tag-aposentados","tag-decimo-terceiro","tag-ministerio-da-previdencia-social","tag-pagamento-de-primeira-parcela-do-decimo-terceiro-para-aposentados","tag-pensionistas","tag-primeira-parcela","tag-primeira-parcela-do-decimo-terceiro","tag-primeira-parcela-do-decimo-terceiro-para-aposentados","tag-quase-30-milhoes-de-aposentados-e-pensionistas-comecam-a-receber-primeira-parcela-do-decimo-terceiro"],"_links":{"self":[{"href":"https:\/\/aconteceunovale.com.br\/portal\/index.php?rest_route=\/wp\/v2\/posts\/120552","targetHints":{"allow":["GET"]}}],"collection":[{"href":"https:\/\/aconteceunovale.com.br\/portal\/index.php?rest_route=\/wp\/v2\/posts"}],"about":[{"href":"https:\/\/aconteceunovale.com.br\/portal\/index.php?rest_route=\/wp\/v2\/types\/post"}],"author":[{"embeddable":true,"href":"https:\/\/aconteceunovale.com.br\/portal\/index.php?rest_route=\/wp\/v2\/users\/1"}],"replies":[{"embeddable":true,"href":"https:\/\/aconteceunovale.com.br\/portal\/index.php?rest_route=%2Fwp%2Fv2%2Fcomments&post=120552"}],"version-history":[{"count":0,"href":"https:\/\/aconteceunovale.com.br\/portal\/index.php?rest_route=\/wp\/v2\/posts\/120552\/revisions"}],"wp:featuredmedia":[{"embeddable":true,"href":"https:\/\/aconteceunovale.com.br\/portal\/index.php?rest_route=\/wp\/v2\/media\/36611"}],"wp:attachment":[{"href":"https:\/\/aconteceunovale.com.br\/portal\/index.php?rest_route=%2Fwp%2Fv2%2Fmedia&parent=120552"}],"wp:term":[{"taxonomy":"category","embeddable":true,"href":"https:\/\/aconteceunovale.com.br\/portal\/index.php?rest_route=%2Fwp%2Fv2%2Fcategories&post=120552"},{"taxonomy":"post_tag","embeddable":true,"href":"https:\/\/aconteceunovale.com.br\/portal\/index.php?rest_route=%2Fwp%2Fv2%2Ftags&post=120552"}],"curies":[{"name":"wp","href":"https:\/\/api.w.org\/{rel}","templated":true}]}}