{"id":120548,"date":"2017-08-25T00:28:57","date_gmt":"2017-08-25T02:28:57","guid":{"rendered":"http:\/\/aconteceunovale.com.br\/portal\/?p=120548"},"modified":"2017-08-25T00:28:57","modified_gmt":"2017-08-25T02:28:57","slug":"valadarense-e-presa-por-trafico-internacional-de-drogas","status":"publish","type":"post","link":"https:\/\/aconteceunovale.com.br\/portal\/?p=120548","title":{"rendered":"Valadarense \u00e9 presa por tr\u00e1fico internacional de drogas"},"content":{"rendered":"<p>A Pol\u00edcia Federal (PF) prendeu nessa quarta-feira (23\/08\/2017), em flagrante delito por tr\u00e1fico internacional de drogas, uma mulher, de 46 anos, natural de Governador Valadares\/MG. A pris\u00e3o ocorreu no Aeroporto Internacional de Confins\/MG, sendo a quarta pris\u00e3o neste m\u00eas de agosto no local.<\/p>\n<p>Ap\u00f3s fiscaliza\u00e7\u00e3o, com sele\u00e7\u00e3o pelo c\u00e3o detector de drogas e imagens de raio-x, as malas foram abertas pela passageira e inspecionadas em sua presen\u00e7a. Os policiais realizaram testes preliminares com narcotestes, que confirmaram a exist\u00eancia de cloridrato de coca\u00edna dissimulado em frascos de cosm\u00e9ticos. A mulher foi encaminhada para a sede da PF em Minas Gerais, para que o flagrante fosse lavrado. A pesagem da droga somente ser\u00e1 definida ap\u00f3s a realiza\u00e7\u00e3o de per\u00edcia criminal definitiva. Se condenada, a presa poder\u00e1 cumprir at\u00e9 15 anos de reclus\u00e3o.<\/p>\n<p>A mulher embarcaria em voo origin\u00e1rio do Aeroporto Internacional de Confins\/MG com destino a Roma, na It\u00e1lia, com conex\u00e3o em Lisboa.<\/p>\n<p><img decoding=\"async\" src=\"http:\/\/aconteceunovale.com.br\/portal\/wp-content\/uploads\/2017\/08\/droga_gv_confins.jpg\" alt=\"\" \/><em>Material apreendido com a suspeita (Foto: Divulga\u00e7\u00e3o\/PF)<\/em><br \/>\n<\/br><\/p>\n<p><strong>VER PRIMEIRO<\/strong><\/p>\n<p>Receba as not\u00edcias do Aconteceu no Vale em primeira m\u00e3o. Clique em curtir no endere\u00e7o <a href=\"https:\/\/www.facebook.com\/aconteceunovale\" target=\"_blank\"><font color=\"red\">www.facebook.com\/aconteceunovale<\/font><\/a> ou no box abaixo:<\/p>\n<div class=\"fb-like\" data-href=\"https:\/\/www.facebook.com\/aconteceunovale\" data-width=\"120\" data-layout=\"standard\" data-action=\"like\" data-size=\"small\" data-show-faces=\"true\" data-share=\"true\"><\/div>\n<p><\/br><\/p>\n<p><em>(Fonte: PF)<\/em><\/p>\n","protected":false},"excerpt":{"rendered":"<p>A Pol\u00edcia Federal (PF) prendeu nessa quarta-feira (23\/08\/2017), em flagrante delito por tr\u00e1fico internacional de drogas, uma mulher, de 46 anos, natural de Governador Valadares\/MG. A pris\u00e3o ocorreu no Aeroporto Internacional de Confins\/MG, sendo a quarta pris\u00e3o neste m\u00eas de agosto no local. Ap\u00f3s fiscaliza\u00e7\u00e3o, com sele\u00e7\u00e3o pelo c\u00e3o detector de drogas e imagens de [&hellip;]<\/p>\n","protected":false},"author":1,"featured_media":120550,"comment_status":"open","ping_status":"closed","sticky":false,"template":"","format":"standard","meta":{"amp_status":"","footnotes":""},"categories":[121,123,28848],"tags":[22093,194,1017,22090,1018,247,18920,20966,772,22662,60241,158218,158216,158217,158219],"class_list":["post-120548","post","type-post","status-publish","format-standard","has-post-thumbnail","hentry","category-leste","category-gerais","category-mundo","tag-aeroporto-internacional-de-confins","tag-belo-horizonte","tag-bh","tag-confins","tag-destaque","tag-governador-valadares","tag-italia","tag-pf","tag-policia-federal","tag-roma","tag-trafico-internacional-de-drogas","tag-trafico-internacional-de-drogas-em-belo-horizonte","tag-trafico-internacional-de-drogas-em-bh","tag-trafico-internacional-de-drogas-em-confins","tag-valadarense-e-presa-por-trafico-internacional-de-drogas"],"_links":{"self":[{"href":"https:\/\/aconteceunovale.com.br\/portal\/index.php?rest_route=\/wp\/v2\/posts\/120548","targetHints":{"allow":["GET"]}}],"collection":[{"href":"https:\/\/aconteceunovale.com.br\/portal\/index.php?rest_route=\/wp\/v2\/posts"}],"about":[{"href":"https:\/\/aconteceunovale.com.br\/portal\/index.php?rest_route=\/wp\/v2\/types\/post"}],"author":[{"embeddable":true,"href":"https:\/\/aconteceunovale.com.br\/portal\/index.php?rest_route=\/wp\/v2\/users\/1"}],"replies":[{"embeddable":true,"href":"https:\/\/aconteceunovale.com.br\/portal\/index.php?rest_route=%2Fwp%2Fv2%2Fcomments&post=120548"}],"version-history":[{"count":0,"href":"https:\/\/aconteceunovale.com.br\/portal\/index.php?rest_route=\/wp\/v2\/posts\/120548\/revisions"}],"wp:featuredmedia":[{"embeddable":true,"href":"https:\/\/aconteceunovale.com.br\/portal\/index.php?rest_route=\/wp\/v2\/media\/120550"}],"wp:attachment":[{"href":"https:\/\/aconteceunovale.com.br\/portal\/index.php?rest_route=%2Fwp%2Fv2%2Fmedia&parent=120548"}],"wp:term":[{"taxonomy":"category","embeddable":true,"href":"https:\/\/aconteceunovale.com.br\/portal\/index.php?rest_route=%2Fwp%2Fv2%2Fcategories&post=120548"},{"taxonomy":"post_tag","embeddable":true,"href":"https:\/\/aconteceunovale.com.br\/portal\/index.php?rest_route=%2Fwp%2Fv2%2Ftags&post=120548"}],"curies":[{"name":"wp","href":"https:\/\/api.w.org\/{rel}","templated":true}]}}