{"id":120526,"date":"2017-08-24T21:11:39","date_gmt":"2017-08-24T23:11:39","guid":{"rendered":"http:\/\/aconteceunovale.com.br\/portal\/?p=120526"},"modified":"2017-08-24T21:11:39","modified_gmt":"2017-08-24T23:11:39","slug":"mais-14-radares-passam-a-multar-motoristas-infratores-nas-rodovias-de-minas-gerais","status":"publish","type":"post","link":"https:\/\/aconteceunovale.com.br\/portal\/?p=120526","title":{"rendered":"Mais 14 radares passam a multar motoristas infratores nas rodovias de Minas Gerais"},"content":{"rendered":"<p>A partir da pr\u00f3xima ter\u00e7a-feira (29\/08\/2017), outros 14 radares fixos entrar\u00e3o em opera\u00e7\u00e3o definitiva nas rodovias mineiras sob responsabilidade do Departamento de Edifica\u00e7\u00f5es e Estradas de Rodagem de Minas Gerais (DEER\/MG). Os novos radares j\u00e1 est\u00e3o ligados desde o dia 22 de agosto, funcionando em modo educativo.<\/p>\n<p>Os dispositivos de controle eletr\u00f4nico de velocidade est\u00e3o localizados nos munic\u00edpios de Cataguases (BR-120, quil\u00f4metro 754,9); Carmo do Parana\u00edba (AMG-1410, quil\u00f4metro 1,5); S\u00e3o Gotardo (MG-235, quil\u00f4metro 77,2); Ouro Preto (MG-129, quil\u00f4metro 133,7); Estrela do Sul (MG-223, quil\u00f4metro 57,1); Lagoa da Prata (MG-170, quil\u00f4metro 27,9); Joa\u00edma (MG-105, quil\u00f4metros 69,8 e 77,7); Almenara (MG-406, quil\u00f4metros 51,0 e 56,1); Pedra Azul (MGC-251, quil\u00f4metro 167,3); Bom Despacho (MG-164, quil\u00f4metro 122,8); Luz (MG-176, quil\u00f4metro 78,9) e Presidente Oleg\u00e1rio (MG-410, quil\u00f4metro 25,2).<\/p>\n<p>Todos os trechos foram sinalizados com placas de velocidade m\u00e1xima permitida, que pode ser de 40, 60 e 80 km\/h. Os ve\u00edculos que excederem os limites estabelecidos ser\u00e3o autuados.<\/p>\n<p>Instalados em locais com grande circula\u00e7\u00e3o, todos esses equipamentos v\u00e3o contribuir para a seguran\u00e7a vi\u00e1ria de quem transita por essas rodovias. Somados a outros radares que j\u00e1 est\u00e3o em funcionamento, o DEER\/MG conta hoje com 381 dispositivos de controle eletr\u00f4nico de velocidade.<\/p>\n<p>A rela\u00e7\u00e3o dos radares em funcionamento, bem como a localiza\u00e7\u00e3o de cada um deles e a velocidade m\u00e1xima permitida, est\u00e1 dispon\u00edvel para consulta no site do DEER\/MG:\u00a0<span style=\"text-decoration: underline;\"><span style=\"color: #ff0000;\"><a tabindex=\"85\" href=\"http:\/\/www.der.mg.gov.br\/saiba-sobre\/radares-do-dermg\" target=\"_blank\"><span style=\"color: #ff0000; text-decoration: underline;\">www.der.mg.gov.br\/saiba-sobre\/radares-do-dermg<\/span><\/a><\/span><\/span><\/p>\n<p><img decoding=\"async\" src=\"http:\/\/aconteceunovale.com.br\/portal\/wp-content\/uploads\/2017\/08\/radares_mg_almenara_1.jpg\" alt=\"\" \/><img decoding=\"async\" src=\"http:\/\/aconteceunovale.com.br\/portal\/wp-content\/uploads\/2017\/08\/radares_mg_almenara_2.jpg\" alt=\"\" \/><br \/>\n<\/br><\/p>\n<p><strong>VER PRIMEIRO<\/strong><\/p>\n<p>Receba as not\u00edcias do Aconteceu no Vale em primeira m\u00e3o. Clique em curtir no endere\u00e7o <a href=\"https:\/\/www.facebook.com\/aconteceunovale\" target=\"_blank\"><font color=\"red\">www.facebook.com\/aconteceunovale<\/font><\/a> ou no box abaixo:<\/p>\n<div class=\"fb-like\" data-href=\"https:\/\/www.facebook.com\/aconteceunovale\" data-width=\"120\" data-layout=\"standard\" data-action=\"like\" data-size=\"small\" data-show-faces=\"true\" data-share=\"true\"><\/div>\n<p><\/br><\/p>\n<p><em>(Fonte: DEER\/MG)<\/em><\/p>\n","protected":false},"excerpt":{"rendered":"<p>A partir da pr\u00f3xima ter\u00e7a-feira (29\/08\/2017), outros 14 radares fixos entrar\u00e3o em opera\u00e7\u00e3o definitiva nas rodovias mineiras sob responsabilidade do Departamento de Edifica\u00e7\u00f5es e Estradas de Rodagem de Minas Gerais (DEER\/MG). Os novos radares j\u00e1 est\u00e3o ligados desde o dia 22 de agosto, funcionando em modo educativo. Os dispositivos de controle eletr\u00f4nico de velocidade est\u00e3o [&hellip;]<\/p>\n","protected":false},"author":1,"featured_media":118733,"comment_status":"open","ping_status":"closed","sticky":false,"template":"","format":"standard","meta":{"amp_status":"","footnotes":""},"categories":[123,120],"tags":[142,1510,1518,1503,121430,121429,45362,158182,611,1509,158180,1785,158187,158181,211,455,1519,158185,158184,158186,158183,119054,19149,963],"class_list":["post-120526","post","type-post","status-publish","format-standard","has-post-thumbnail","hentry","category-gerais","category-jequi","tag-almenara","tag-bom-despacho","tag-carmo-do-paranaiba","tag-cataguases","tag-deermg","tag-departamento-de-edificacoes-e-estradas-de-rodagem-de-minas-gerais","tag-estrela-do-sul","tag-fiscalizacao-nas-rodovias-mineiras","tag-joaima","tag-lagoa-da-prata","tag-lista-de-radares-nas-rodovias-mineiras","tag-luz","tag-mais-14-radares-passam-a-multar-motoristas-infratores-nas-rodovias-de-minas-gerais","tag-multas-nas-rodovias-mineiras","tag-ouro-preto","tag-pedra-azul","tag-presidente-olegario","tag-radar-em-almenara","tag-radar-em-joaima","tag-radar-em-pedra-azul","tag-radares-em-operacao-nas-rodovias-mineiras","tag-radares-nas-rodovias-mineiras","tag-rodovias-mineiras","tag-sao-gotardo"],"yoast_head":"<!-- This site is optimized with the Yoast SEO plugin v28.3 - https:\/\/yoast.com\/product\/yoast-seo-wordpress\/ -->\n<title>Mais 14 radares passam a multar motoristas infratores nas rodovias de Minas Gerais - Aconteceu no Vale<\/title>\n<meta name=\"robots\" content=\"index, follow, max-snippet:-1, max-image-preview:large, max-video-preview:-1\" \/>\n<link rel=\"canonical\" href=\"https:\/\/aconteceunovale.com.br\/portal\/?p=120526\" \/>\n<meta property=\"og:locale\" content=\"pt_BR\" \/>\n<meta property=\"og:type\" content=\"article\" \/>\n<meta property=\"og:title\" content=\"Mais 14 radares passam a multar motoristas infratores nas rodovias de Minas Gerais - Aconteceu no Vale\" \/>\n<meta property=\"og:description\" content=\"A partir da pr\u00f3xima ter\u00e7a-feira (29\/08\/2017), outros 14 radares fixos entrar\u00e3o em opera\u00e7\u00e3o definitiva nas rodovias mineiras sob responsabilidade do Departamento de Edifica\u00e7\u00f5es e Estradas de Rodagem de Minas Gerais (DEER\/MG). Os novos radares j\u00e1 est\u00e3o ligados desde o dia 22 de agosto, funcionando em modo educativo. Os dispositivos de controle eletr\u00f4nico de velocidade est\u00e3o [&hellip;]\" \/>\n<meta property=\"og:url\" content=\"https:\/\/aconteceunovale.com.br\/portal\/?p=120526\" \/>\n<meta property=\"og:site_name\" content=\"Aconteceu no Vale\" \/>\n<meta property=\"article:publisher\" content=\"https:\/\/www.facebook.com\/aconteceunovale\/\" \/>\n<meta property=\"article:published_time\" content=\"2017-08-24T23:11:39+00:00\" \/>\n<meta property=\"og:image\" content=\"https:\/\/aconteceunovale.com.br\/portal\/wp-content\/uploads\/2017\/07\/radar_mg.jpg\" \/>\n\t<meta property=\"og:image:width\" content=\"678\" \/>\n\t<meta property=\"og:image:height\" content=\"415\" \/>\n\t<meta property=\"og:image:type\" content=\"image\/jpeg\" \/>\n<meta name=\"author\" content=\"Aconteceu no Vale\" \/>\n<meta name=\"twitter:card\" content=\"summary_large_image\" \/>\n<meta name=\"twitter:creator\" content=\"@noticiadosvales\" \/>\n<meta name=\"twitter:site\" content=\"@noticiadosvales\" \/>\n<meta name=\"twitter:label1\" content=\"Escrito por\" \/>\n\t<meta name=\"twitter:data1\" content=\"Aconteceu no Vale\" \/>\n\t<meta name=\"twitter:label2\" content=\"Est. tempo de leitura\" \/>\n\t<meta name=\"twitter:data2\" content=\"1 minuto\" \/>\n<script type=\"application\/ld+json\" class=\"yoast-schema-graph\">{\"@context\":\"https:\\\/\\\/schema.org\",\"@graph\":[{\"@type\":\"Article\",\"@id\":\"https:\\\/\\\/aconteceunovale.com.br\\\/portal\\\/?p=120526#article\",\"isPartOf\":{\"@id\":\"https:\\\/\\\/aconteceunovale.com.br\\\/portal\\\/?p=120526\"},\"author\":{\"name\":\"Aconteceu no Vale\",\"@id\":\"https:\\\/\\\/aconteceunovale.com.br\\\/portal\\\/#\\\/schema\\\/person\\\/633529146f2c94272bef50ac2953d589\"},\"headline\":\"Mais 14 radares passam a multar motoristas infratores nas rodovias de Minas Gerais\",\"datePublished\":\"2017-08-24T23:11:39+00:00\",\"mainEntityOfPage\":{\"@id\":\"https:\\\/\\\/aconteceunovale.com.br\\\/portal\\\/?p=120526\"},\"wordCount\":292,\"commentCount\":0,\"image\":{\"@id\":\"https:\\\/\\\/aconteceunovale.com.br\\\/portal\\\/?p=120526#primaryimage\"},\"thumbnailUrl\":\"https:\\\/\\\/aconteceunovale.com.br\\\/portal\\\/wp-content\\\/uploads\\\/2017\\\/07\\\/radar_mg.jpg\",\"keywords\":[\"Almenara\",\"Bom Despacho\",\"Carmo do Parana\u00edba\",\"Cataguases\",\"DEER\\\/MG\",\"Departamento de Edifica\u00e7\u00f5es e Estradas de Rodagem de Minas Gerais\",\"Estrela do Sul\",\"Fiscaliza\u00e7\u00e3o nas rodovias mineiras\",\"Joa\u00edma\",\"Lagoa da Prata\",\"Lista de radares nas rodovias mineiras\",\"Luz\",\"Mais 14 radares passam a multar motoristas infratores nas rodovias de Minas Gerais\",\"Multas nas rodovias mineiras\",\"Ouro Preto\",\"Pedra Azul\",\"Presidente Oleg\u00e1rio\",\"Radar em Almenara\",\"Radar em Joa\u00edma\",\"Radar em Pedra Azul\",\"Radares em opera\u00e7\u00e3o nas rodovias mineiras\",\"Radares nas rodovias mineiras\",\"rodovias mineiras\",\"S\u00e3o Gotardo\"],\"articleSection\":[\"Minas Gerais\",\"Vale do Jequitinhonha\"],\"inLanguage\":\"pt-BR\",\"potentialAction\":[{\"@type\":\"CommentAction\",\"name\":\"Comment\",\"target\":[\"https:\\\/\\\/aconteceunovale.com.br\\\/portal\\\/?p=120526#respond\"]}]},{\"@type\":\"WebPage\",\"@id\":\"https:\\\/\\\/aconteceunovale.com.br\\\/portal\\\/?p=120526\",\"url\":\"https:\\\/\\\/aconteceunovale.com.br\\\/portal\\\/?p=120526\",\"name\":\"Mais 14 radares passam a multar motoristas infratores nas rodovias de Minas Gerais - Aconteceu no Vale\",\"isPartOf\":{\"@id\":\"https:\\\/\\\/aconteceunovale.com.br\\\/portal\\\/#website\"},\"primaryImageOfPage\":{\"@id\":\"https:\\\/\\\/aconteceunovale.com.br\\\/portal\\\/?p=120526#primaryimage\"},\"image\":{\"@id\":\"https:\\\/\\\/aconteceunovale.com.br\\\/portal\\\/?p=120526#primaryimage\"},\"thumbnailUrl\":\"https:\\\/\\\/aconteceunovale.com.br\\\/portal\\\/wp-content\\\/uploads\\\/2017\\\/07\\\/radar_mg.jpg\",\"datePublished\":\"2017-08-24T23:11:39+00:00\",\"author\":{\"@id\":\"https:\\\/\\\/aconteceunovale.com.br\\\/portal\\\/#\\\/schema\\\/person\\\/633529146f2c94272bef50ac2953d589\"},\"breadcrumb\":{\"@id\":\"https:\\\/\\\/aconteceunovale.com.br\\\/portal\\\/?p=120526#breadcrumb\"},\"inLanguage\":\"pt-BR\",\"potentialAction\":[{\"@type\":\"ReadAction\",\"target\":[\"https:\\\/\\\/aconteceunovale.com.br\\\/portal\\\/?p=120526\"]}]},{\"@type\":\"ImageObject\",\"inLanguage\":\"pt-BR\",\"@id\":\"https:\\\/\\\/aconteceunovale.com.br\\\/portal\\\/?p=120526#primaryimage\",\"url\":\"https:\\\/\\\/aconteceunovale.com.br\\\/portal\\\/wp-content\\\/uploads\\\/2017\\\/07\\\/radar_mg.jpg\",\"contentUrl\":\"https:\\\/\\\/aconteceunovale.com.br\\\/portal\\\/wp-content\\\/uploads\\\/2017\\\/07\\\/radar_mg.jpg\",\"width\":678,\"height\":415},{\"@type\":\"BreadcrumbList\",\"@id\":\"https:\\\/\\\/aconteceunovale.com.br\\\/portal\\\/?p=120526#breadcrumb\",\"itemListElement\":[{\"@type\":\"ListItem\",\"position\":1,\"name\":\"In\u00edcio\",\"item\":\"https:\\\/\\\/aconteceunovale.com.br\\\/portal\\\/\"},{\"@type\":\"ListItem\",\"position\":2,\"name\":\"Mais 14 radares passam a multar motoristas infratores nas rodovias de Minas Gerais\"}]},{\"@type\":\"WebSite\",\"@id\":\"https:\\\/\\\/aconteceunovale.com.br\\\/portal\\\/#website\",\"url\":\"https:\\\/\\\/aconteceunovale.com.br\\\/portal\\\/\",\"name\":\"Aconteceu no Vale\",\"description\":\"Portal de Not\u00edcias\",\"potentialAction\":[{\"@type\":\"SearchAction\",\"target\":{\"@type\":\"EntryPoint\",\"urlTemplate\":\"https:\\\/\\\/aconteceunovale.com.br\\\/portal\\\/?s={search_term_string}\"},\"query-input\":{\"@type\":\"PropertyValueSpecification\",\"valueRequired\":true,\"valueName\":\"search_term_string\"}}],\"inLanguage\":\"pt-BR\"},{\"@type\":\"Person\",\"@id\":\"https:\\\/\\\/aconteceunovale.com.br\\\/portal\\\/#\\\/schema\\\/person\\\/633529146f2c94272bef50ac2953d589\",\"name\":\"Aconteceu no Vale\",\"description\":\"Equipe de reportagem do Aconteceu no Vale, portal de not\u00edcias do Vale do Jequitinhonha, em Minas Gerais. Cobrimos as 51 cidades do Vale desde 2013. Sugest\u00f5es de pauta e pedidos de corre\u00e7\u00e3o: contato@aconteceunovale.com.br\",\"sameAs\":[\"http:\\\/\\\/www.aconteceunovale.com.br\"],\"url\":\"https:\\\/\\\/aconteceunovale.com.br\\\/portal\\\/?author=1\"}]}<\/script>\n<!-- \/ Yoast SEO plugin. -->","yoast_head_json":{"title":"Mais 14 radares passam a multar motoristas infratores nas rodovias de Minas Gerais - Aconteceu no Vale","robots":{"index":"index","follow":"follow","max-snippet":"max-snippet:-1","max-image-preview":"max-image-preview:large","max-video-preview":"max-video-preview:-1"},"canonical":"https:\/\/aconteceunovale.com.br\/portal\/?p=120526","og_locale":"pt_BR","og_type":"article","og_title":"Mais 14 radares passam a multar motoristas infratores nas rodovias de Minas Gerais - Aconteceu no Vale","og_description":"A partir da pr\u00f3xima ter\u00e7a-feira (29\/08\/2017), outros 14 radares fixos entrar\u00e3o em opera\u00e7\u00e3o definitiva nas rodovias mineiras sob responsabilidade do Departamento de Edifica\u00e7\u00f5es e Estradas de Rodagem de Minas Gerais (DEER\/MG). Os novos radares j\u00e1 est\u00e3o ligados desde o dia 22 de agosto, funcionando em modo educativo. Os dispositivos de controle eletr\u00f4nico de velocidade est\u00e3o [&hellip;]","og_url":"https:\/\/aconteceunovale.com.br\/portal\/?p=120526","og_site_name":"Aconteceu no Vale","article_publisher":"https:\/\/www.facebook.com\/aconteceunovale\/","article_published_time":"2017-08-24T23:11:39+00:00","og_image":[{"width":678,"height":415,"url":"https:\/\/aconteceunovale.com.br\/portal\/wp-content\/uploads\/2017\/07\/radar_mg.jpg","type":"image\/jpeg"}],"author":"Aconteceu no Vale","twitter_card":"summary_large_image","twitter_creator":"@noticiadosvales","twitter_site":"@noticiadosvales","twitter_misc":{"Escrito por":"Aconteceu no Vale","Est. tempo de leitura":"1 minuto"},"schema":{"@context":"https:\/\/schema.org","@graph":[{"@type":"Article","@id":"https:\/\/aconteceunovale.com.br\/portal\/?p=120526#article","isPartOf":{"@id":"https:\/\/aconteceunovale.com.br\/portal\/?p=120526"},"author":{"name":"Aconteceu no Vale","@id":"https:\/\/aconteceunovale.com.br\/portal\/#\/schema\/person\/633529146f2c94272bef50ac2953d589"},"headline":"Mais 14 radares passam a multar motoristas infratores nas rodovias de Minas Gerais","datePublished":"2017-08-24T23:11:39+00:00","mainEntityOfPage":{"@id":"https:\/\/aconteceunovale.com.br\/portal\/?p=120526"},"wordCount":292,"commentCount":0,"image":{"@id":"https:\/\/aconteceunovale.com.br\/portal\/?p=120526#primaryimage"},"thumbnailUrl":"https:\/\/aconteceunovale.com.br\/portal\/wp-content\/uploads\/2017\/07\/radar_mg.jpg","keywords":["Almenara","Bom Despacho","Carmo do Parana\u00edba","Cataguases","DEER\/MG","Departamento de Edifica\u00e7\u00f5es e Estradas de Rodagem de Minas Gerais","Estrela do Sul","Fiscaliza\u00e7\u00e3o nas rodovias mineiras","Joa\u00edma","Lagoa da Prata","Lista de radares nas rodovias mineiras","Luz","Mais 14 radares passam a multar motoristas infratores nas rodovias de Minas Gerais","Multas nas rodovias mineiras","Ouro Preto","Pedra Azul","Presidente Oleg\u00e1rio","Radar em Almenara","Radar em Joa\u00edma","Radar em Pedra Azul","Radares em opera\u00e7\u00e3o nas rodovias mineiras","Radares nas rodovias mineiras","rodovias mineiras","S\u00e3o Gotardo"],"articleSection":["Minas Gerais","Vale do Jequitinhonha"],"inLanguage":"pt-BR","potentialAction":[{"@type":"CommentAction","name":"Comment","target":["https:\/\/aconteceunovale.com.br\/portal\/?p=120526#respond"]}]},{"@type":"WebPage","@id":"https:\/\/aconteceunovale.com.br\/portal\/?p=120526","url":"https:\/\/aconteceunovale.com.br\/portal\/?p=120526","name":"Mais 14 radares passam a multar motoristas infratores nas rodovias de Minas Gerais - Aconteceu no Vale","isPartOf":{"@id":"https:\/\/aconteceunovale.com.br\/portal\/#website"},"primaryImageOfPage":{"@id":"https:\/\/aconteceunovale.com.br\/portal\/?p=120526#primaryimage"},"image":{"@id":"https:\/\/aconteceunovale.com.br\/portal\/?p=120526#primaryimage"},"thumbnailUrl":"https:\/\/aconteceunovale.com.br\/portal\/wp-content\/uploads\/2017\/07\/radar_mg.jpg","datePublished":"2017-08-24T23:11:39+00:00","author":{"@id":"https:\/\/aconteceunovale.com.br\/portal\/#\/schema\/person\/633529146f2c94272bef50ac2953d589"},"breadcrumb":{"@id":"https:\/\/aconteceunovale.com.br\/portal\/?p=120526#breadcrumb"},"inLanguage":"pt-BR","potentialAction":[{"@type":"ReadAction","target":["https:\/\/aconteceunovale.com.br\/portal\/?p=120526"]}]},{"@type":"ImageObject","inLanguage":"pt-BR","@id":"https:\/\/aconteceunovale.com.br\/portal\/?p=120526#primaryimage","url":"https:\/\/aconteceunovale.com.br\/portal\/wp-content\/uploads\/2017\/07\/radar_mg.jpg","contentUrl":"https:\/\/aconteceunovale.com.br\/portal\/wp-content\/uploads\/2017\/07\/radar_mg.jpg","width":678,"height":415},{"@type":"BreadcrumbList","@id":"https:\/\/aconteceunovale.com.br\/portal\/?p=120526#breadcrumb","itemListElement":[{"@type":"ListItem","position":1,"name":"In\u00edcio","item":"https:\/\/aconteceunovale.com.br\/portal\/"},{"@type":"ListItem","position":2,"name":"Mais 14 radares passam a multar motoristas infratores nas rodovias de Minas Gerais"}]},{"@type":"WebSite","@id":"https:\/\/aconteceunovale.com.br\/portal\/#website","url":"https:\/\/aconteceunovale.com.br\/portal\/","name":"Aconteceu no Vale","description":"Portal de Not\u00edcias","potentialAction":[{"@type":"SearchAction","target":{"@type":"EntryPoint","urlTemplate":"https:\/\/aconteceunovale.com.br\/portal\/?s={search_term_string}"},"query-input":{"@type":"PropertyValueSpecification","valueRequired":true,"valueName":"search_term_string"}}],"inLanguage":"pt-BR"},{"@type":"Person","@id":"https:\/\/aconteceunovale.com.br\/portal\/#\/schema\/person\/633529146f2c94272bef50ac2953d589","name":"Aconteceu no Vale","description":"Equipe de reportagem do Aconteceu no Vale, portal de not\u00edcias do Vale do Jequitinhonha, em Minas Gerais. Cobrimos as 51 cidades do Vale desde 2013. Sugest\u00f5es de pauta e pedidos de corre\u00e7\u00e3o: contato@aconteceunovale.com.br","sameAs":["http:\/\/www.aconteceunovale.com.br"],"url":"https:\/\/aconteceunovale.com.br\/portal\/?author=1"}]}},"_links":{"self":[{"href":"https:\/\/aconteceunovale.com.br\/portal\/index.php?rest_route=\/wp\/v2\/posts\/120526","targetHints":{"allow":["GET"]}}],"collection":[{"href":"https:\/\/aconteceunovale.com.br\/portal\/index.php?rest_route=\/wp\/v2\/posts"}],"about":[{"href":"https:\/\/aconteceunovale.com.br\/portal\/index.php?rest_route=\/wp\/v2\/types\/post"}],"author":[{"embeddable":true,"href":"https:\/\/aconteceunovale.com.br\/portal\/index.php?rest_route=\/wp\/v2\/users\/1"}],"replies":[{"embeddable":true,"href":"https:\/\/aconteceunovale.com.br\/portal\/index.php?rest_route=%2Fwp%2Fv2%2Fcomments&post=120526"}],"version-history":[{"count":0,"href":"https:\/\/aconteceunovale.com.br\/portal\/index.php?rest_route=\/wp\/v2\/posts\/120526\/revisions"}],"wp:featuredmedia":[{"embeddable":true,"href":"https:\/\/aconteceunovale.com.br\/portal\/index.php?rest_route=\/wp\/v2\/media\/118733"}],"wp:attachment":[{"href":"https:\/\/aconteceunovale.com.br\/portal\/index.php?rest_route=%2Fwp%2Fv2%2Fmedia&parent=120526"}],"wp:term":[{"taxonomy":"category","embeddable":true,"href":"https:\/\/aconteceunovale.com.br\/portal\/index.php?rest_route=%2Fwp%2Fv2%2Fcategories&post=120526"},{"taxonomy":"post_tag","embeddable":true,"href":"https:\/\/aconteceunovale.com.br\/portal\/index.php?rest_route=%2Fwp%2Fv2%2Ftags&post=120526"}],"curies":[{"name":"wp","href":"https:\/\/api.w.org\/{rel}","templated":true}]}}