{"id":120524,"date":"2017-08-24T20:52:44","date_gmt":"2017-08-24T22:52:44","guid":{"rendered":"http:\/\/aconteceunovale.com.br\/portal\/?p=120524"},"modified":"2026-08-31T23:14:22","modified_gmt":"2026-09-01T02:14:22","slug":"vai-comecar-o-campeonato-municipal-de-capelinha-da-1a-divisao-2","status":"publish","type":"post","link":"https:\/\/aconteceunovale.com.br\/portal\/?p=120524","title":{"rendered":"Vai come\u00e7ar o Campeonato Municipal de Capelinha da 1\u00aa Divis\u00e3o"},"content":{"rendered":"<p>Come\u00e7ar\u00e1 neste s\u00e1bado (26\/08\/2017) o Campeonato Municipal de Capelinha da 1\u00aa Divis\u00e3o. A competi\u00e7\u00e3o contar\u00e1 com 13 equipes divididas em dois grupos. Todos os jogos ser\u00e3o disputados no Est\u00e1dio Newton Ribeiro.<\/p>\n<p>Neste fim de semana ser\u00e3o quatro partidas. No s\u00e1bado, \u00e0s 18h, o Independente enfrentar\u00e1 o Am\u00e9rica, e \u00e0s 20h, o Internacional estreia contra o S\u00e3o Caetano. J\u00e1 no domingo (27), Estrela e Atl\u00e9tico BML se enfrentam \u00e0s 16h e, \u00e0s 18h, jogam Milion\u00e1rios e Cruzeirinho.<\/p>\n<p>O secret\u00e1rio de Esporte, Lazer, Cultura e Turismo, Lourival Martins de Brito Filho, comentou que a expectativa \u00e9 grande por parte dos atletas e amantes do esporte para o in\u00edcio da competi\u00e7\u00e3o. <em>\u201cO Campeonato Municipal da 1\u00aa Divis\u00e3o, al\u00e9m de incentivar a pr\u00e1tica de atividades f\u00edsicas, envolve a sociedade capelinhense. S\u00e3o times de todas as regi\u00f5es da cidade e da zona rural. Estamos nos empenhando ao m\u00e1ximo para realizar a melhor competi\u00e7\u00e3o de todos os tempos, em parceria com a Prefeitura Municipal, al\u00e9m do apoio de outras secretarias\u201d<\/em>.<\/p>\n<p>O Campeonato Municipal da 1\u00aa Divis\u00e3o \u00e9 uma realiza\u00e7\u00e3o da Prefeitura de Capelinha, atrav\u00e9s da Secretaria Municipal de Esporte, Lazer, Cultura e Turismo, com apoio da Secretaria de Sa\u00fade e do Departamento de Comunica\u00e7\u00e3o Social. <\/p>\n<h3>Equipes participantes<\/h3>\n<p>A edi\u00e7\u00e3o 2017 do Campeonato Municipal da 1\u00aa Divis\u00e3o ter\u00e1 a participa\u00e7\u00e3o das seguintes equipes:<\/p>\n<p>&#8211; Independente<br \/>\n&#8211; Am\u00e9rica<br \/>\n&#8211; Internacional<br \/>\n&#8211; S\u00e3o Caetano<br \/>\n&#8211; Estrela<br \/>\n&#8211; Atl\u00e9tico BML<br \/>\n&#8211; Milion\u00e1rios<br \/>\n&#8211; Cruzeirinho<br \/>\n&#8211; Aparecida<br \/>\n&#8211; Ponte Nova<br \/>\n&#8211; Cometa<br \/>\n&#8211; Atl\u00e9tico Aparecida<br \/>\n&#8211; Vila Nova<\/p>\n<h3>Primeira rodada<\/h3>\n<p>26\/08\/2017 (s\u00e1bado)<br \/>\n&#8211; 18h: Independente x Am\u00e9rica<br \/>\n&#8211; 20h: Internacional x S\u00e3o Caetano<\/p>\n<p>27\/08\/2017 (domingo)<br \/>\n&#8211; 16h: Estrela x Atl\u00e9tico BML<br \/>\n&#8211; 18h: Milion\u00e1rios x Cruzeirinho<\/p>\n<p><strong>VER PRIMEIRO<\/strong><\/p>\n<p>Receba as not\u00edcias do Aconteceu no Vale em primeira m\u00e3o. Clique em curtir no endere\u00e7o <a href=\"https:\/\/www.facebook.com\/aconteceunovale\" target=\"_blank\"><font color=\"red\">www.facebook.com\/aconteceunovale<\/font><\/a> ou no box abaixo:<\/p>\n<div class=\"fb-like\" data-href=\"https:\/\/www.facebook.com\/aconteceunovale\" data-width=\"120\" data-layout=\"standard\" data-action=\"like\" data-size=\"small\" data-show-faces=\"true\" data-share=\"true\"><\/div>\n<p><\/br><\/p>\n","protected":false},"excerpt":{"rendered":"<p>Come\u00e7ar\u00e1 neste s\u00e1bado (26\/08\/2017) o Campeonato Municipal de Capelinha da 1\u00aa Divis\u00e3o. A competi\u00e7\u00e3o contar\u00e1 com 13 equipes divididas em dois grupos. Todos os jogos ser\u00e3o disputados no Est\u00e1dio Newton Ribeiro. Neste fim de semana ser\u00e3o quatro partidas. No s\u00e1bado, \u00e0s 18h, o Independente enfrentar\u00e1 o Am\u00e9rica, e \u00e0s 20h, o Internacional estreia contra o [&hellip;]<\/p>\n","protected":false},"author":1,"featured_media":120521,"comment_status":"open","ping_status":"closed","sticky":false,"template":"","format":"standard","meta":{"amp_status":"","footnotes":""},"categories":[272535,59,120],"tags":[1263,158177,132,158179,158178],"class_list":["post-120524","post","type-post","status-publish","format-standard","has-post-thumbnail","hentry","category-capelinha","category-esportes","category-jequi","tag-campeonato-municipal-de-capelinha","tag-campeonato-municipal-de-capelinha-da-1a-divisao","tag-capelinha","tag-futebol-em-capelinha","tag-vai-comecar-o-campeonato-municipal-de-capelinha-da-1a-divisao"],"yoast_head":"<!-- This site is optimized with the Yoast SEO plugin v28.3 - https:\/\/yoast.com\/product\/yoast-seo-wordpress\/ -->\n<title>Vai come\u00e7ar o Campeonato Municipal de Capelinha da 1\u00aa Divis\u00e3o - Aconteceu no Vale<\/title>\n<meta name=\"robots\" content=\"index, follow, max-snippet:-1, max-image-preview:large, max-video-preview:-1\" \/>\n<link rel=\"canonical\" href=\"https:\/\/aconteceunovale.com.br\/portal\/?p=120524\" \/>\n<meta property=\"og:locale\" content=\"pt_BR\" \/>\n<meta property=\"og:type\" content=\"article\" \/>\n<meta property=\"og:title\" content=\"Vai come\u00e7ar o Campeonato Municipal de Capelinha da 1\u00aa Divis\u00e3o - Aconteceu no Vale\" \/>\n<meta property=\"og:description\" content=\"Come\u00e7ar\u00e1 neste s\u00e1bado (26\/08\/2017) o Campeonato Municipal de Capelinha da 1\u00aa Divis\u00e3o. A competi\u00e7\u00e3o contar\u00e1 com 13 equipes divididas em dois grupos. Todos os jogos ser\u00e3o disputados no Est\u00e1dio Newton Ribeiro. Neste fim de semana ser\u00e3o quatro partidas. No s\u00e1bado, \u00e0s 18h, o Independente enfrentar\u00e1 o Am\u00e9rica, e \u00e0s 20h, o Internacional estreia contra o [&hellip;]\" \/>\n<meta property=\"og:url\" content=\"https:\/\/aconteceunovale.com.br\/portal\/?p=120524\" \/>\n<meta property=\"og:site_name\" content=\"Aconteceu no Vale\" \/>\n<meta property=\"article:publisher\" content=\"https:\/\/www.facebook.com\/aconteceunovale\/\" \/>\n<meta property=\"article:published_time\" content=\"2017-08-24T22:52:44+00:00\" \/>\n<meta property=\"article:modified_time\" content=\"2026-09-01T02:14:22+00:00\" \/>\n<meta property=\"og:image\" content=\"https:\/\/aconteceunovale.com.br\/portal\/wp-content\/uploads\/2017\/08\/tabela_municipal2.jpg\" \/>\n\t<meta property=\"og:image:width\" content=\"678\" \/>\n\t<meta property=\"og:image:height\" content=\"280\" \/>\n\t<meta property=\"og:image:type\" content=\"image\/jpeg\" \/>\n<meta name=\"author\" content=\"Aconteceu no Vale\" \/>\n<meta name=\"twitter:card\" content=\"summary_large_image\" \/>\n<meta name=\"twitter:creator\" content=\"@noticiadosvales\" \/>\n<meta name=\"twitter:site\" content=\"@noticiadosvales\" \/>\n<meta name=\"twitter:label1\" content=\"Escrito por\" \/>\n\t<meta name=\"twitter:data1\" content=\"Aconteceu no Vale\" \/>\n\t<meta name=\"twitter:label2\" content=\"Est. tempo de leitura\" \/>\n\t<meta name=\"twitter:data2\" content=\"2 minutos\" \/>\n<script type=\"application\/ld+json\" class=\"yoast-schema-graph\">{\"@context\":\"https:\\\/\\\/schema.org\",\"@graph\":[{\"@type\":\"Article\",\"@id\":\"https:\\\/\\\/aconteceunovale.com.br\\\/portal\\\/?p=120524#article\",\"isPartOf\":{\"@id\":\"https:\\\/\\\/aconteceunovale.com.br\\\/portal\\\/?p=120524\"},\"author\":{\"name\":\"Aconteceu no Vale\",\"@id\":\"https:\\\/\\\/aconteceunovale.com.br\\\/portal\\\/#\\\/schema\\\/person\\\/633529146f2c94272bef50ac2953d589\"},\"headline\":\"Vai come\u00e7ar o Campeonato Municipal de Capelinha da 1\u00aa Divis\u00e3o\",\"datePublished\":\"2017-08-24T22:52:44+00:00\",\"dateModified\":\"2026-09-01T02:14:22+00:00\",\"mainEntityOfPage\":{\"@id\":\"https:\\\/\\\/aconteceunovale.com.br\\\/portal\\\/?p=120524\"},\"wordCount\":344,\"commentCount\":0,\"image\":{\"@id\":\"https:\\\/\\\/aconteceunovale.com.br\\\/portal\\\/?p=120524#primaryimage\"},\"thumbnailUrl\":\"https:\\\/\\\/aconteceunovale.com.br\\\/portal\\\/wp-content\\\/uploads\\\/2017\\\/08\\\/tabela_municipal2.jpg\",\"keywords\":[\"campeonato municipal de capelinha\",\"Campeonato Municipal de Capelinha da 1\u00aa Divis\u00e3o\",\"Capelinha\",\"Futebol em Capelinha\",\"Vai come\u00e7ar o Campeonato Municipal de Capelinha da 1\u00aa Divis\u00e3o\"],\"articleSection\":[\"Capelinha\",\"Esportes\",\"Vale do Jequitinhonha\"],\"inLanguage\":\"pt-BR\",\"potentialAction\":[{\"@type\":\"CommentAction\",\"name\":\"Comment\",\"target\":[\"https:\\\/\\\/aconteceunovale.com.br\\\/portal\\\/?p=120524#respond\"]}]},{\"@type\":\"WebPage\",\"@id\":\"https:\\\/\\\/aconteceunovale.com.br\\\/portal\\\/?p=120524\",\"url\":\"https:\\\/\\\/aconteceunovale.com.br\\\/portal\\\/?p=120524\",\"name\":\"Vai come\u00e7ar o Campeonato Municipal de Capelinha da 1\u00aa Divis\u00e3o - Aconteceu no Vale\",\"isPartOf\":{\"@id\":\"https:\\\/\\\/aconteceunovale.com.br\\\/portal\\\/#website\"},\"primaryImageOfPage\":{\"@id\":\"https:\\\/\\\/aconteceunovale.com.br\\\/portal\\\/?p=120524#primaryimage\"},\"image\":{\"@id\":\"https:\\\/\\\/aconteceunovale.com.br\\\/portal\\\/?p=120524#primaryimage\"},\"thumbnailUrl\":\"https:\\\/\\\/aconteceunovale.com.br\\\/portal\\\/wp-content\\\/uploads\\\/2017\\\/08\\\/tabela_municipal2.jpg\",\"datePublished\":\"2017-08-24T22:52:44+00:00\",\"dateModified\":\"2026-09-01T02:14:22+00:00\",\"author\":{\"@id\":\"https:\\\/\\\/aconteceunovale.com.br\\\/portal\\\/#\\\/schema\\\/person\\\/633529146f2c94272bef50ac2953d589\"},\"breadcrumb\":{\"@id\":\"https:\\\/\\\/aconteceunovale.com.br\\\/portal\\\/?p=120524#breadcrumb\"},\"inLanguage\":\"pt-BR\",\"potentialAction\":[{\"@type\":\"ReadAction\",\"target\":[\"https:\\\/\\\/aconteceunovale.com.br\\\/portal\\\/?p=120524\"]}]},{\"@type\":\"ImageObject\",\"inLanguage\":\"pt-BR\",\"@id\":\"https:\\\/\\\/aconteceunovale.com.br\\\/portal\\\/?p=120524#primaryimage\",\"url\":\"https:\\\/\\\/aconteceunovale.com.br\\\/portal\\\/wp-content\\\/uploads\\\/2017\\\/08\\\/tabela_municipal2.jpg\",\"contentUrl\":\"https:\\\/\\\/aconteceunovale.com.br\\\/portal\\\/wp-content\\\/uploads\\\/2017\\\/08\\\/tabela_municipal2.jpg\",\"width\":678,\"height\":280},{\"@type\":\"BreadcrumbList\",\"@id\":\"https:\\\/\\\/aconteceunovale.com.br\\\/portal\\\/?p=120524#breadcrumb\",\"itemListElement\":[{\"@type\":\"ListItem\",\"position\":1,\"name\":\"In\u00edcio\",\"item\":\"https:\\\/\\\/aconteceunovale.com.br\\\/portal\\\/\"},{\"@type\":\"ListItem\",\"position\":2,\"name\":\"Vai come\u00e7ar o Campeonato Municipal de Capelinha da 1\u00aa Divis\u00e3o\"}]},{\"@type\":\"WebSite\",\"@id\":\"https:\\\/\\\/aconteceunovale.com.br\\\/portal\\\/#website\",\"url\":\"https:\\\/\\\/aconteceunovale.com.br\\\/portal\\\/\",\"name\":\"Aconteceu no Vale\",\"description\":\"Portal de Not\u00edcias\",\"potentialAction\":[{\"@type\":\"SearchAction\",\"target\":{\"@type\":\"EntryPoint\",\"urlTemplate\":\"https:\\\/\\\/aconteceunovale.com.br\\\/portal\\\/?s={search_term_string}\"},\"query-input\":{\"@type\":\"PropertyValueSpecification\",\"valueRequired\":true,\"valueName\":\"search_term_string\"}}],\"inLanguage\":\"pt-BR\"},{\"@type\":\"Person\",\"@id\":\"https:\\\/\\\/aconteceunovale.com.br\\\/portal\\\/#\\\/schema\\\/person\\\/633529146f2c94272bef50ac2953d589\",\"name\":\"Aconteceu no Vale\",\"description\":\"Equipe de reportagem do Aconteceu no Vale, portal de not\u00edcias do Vale do Jequitinhonha, em Minas Gerais. Cobrimos as 51 cidades do Vale desde 2013. Sugest\u00f5es de pauta e pedidos de corre\u00e7\u00e3o: contato@aconteceunovale.com.br\",\"sameAs\":[\"http:\\\/\\\/www.aconteceunovale.com.br\"],\"url\":\"https:\\\/\\\/aconteceunovale.com.br\\\/portal\\\/?author=1\"}]}<\/script>\n<!-- \/ Yoast SEO plugin. -->","yoast_head_json":{"title":"Vai come\u00e7ar o Campeonato Municipal de Capelinha da 1\u00aa Divis\u00e3o - Aconteceu no Vale","robots":{"index":"index","follow":"follow","max-snippet":"max-snippet:-1","max-image-preview":"max-image-preview:large","max-video-preview":"max-video-preview:-1"},"canonical":"https:\/\/aconteceunovale.com.br\/portal\/?p=120524","og_locale":"pt_BR","og_type":"article","og_title":"Vai come\u00e7ar o Campeonato Municipal de Capelinha da 1\u00aa Divis\u00e3o - Aconteceu no Vale","og_description":"Come\u00e7ar\u00e1 neste s\u00e1bado (26\/08\/2017) o Campeonato Municipal de Capelinha da 1\u00aa Divis\u00e3o. A competi\u00e7\u00e3o contar\u00e1 com 13 equipes divididas em dois grupos. Todos os jogos ser\u00e3o disputados no Est\u00e1dio Newton Ribeiro. Neste fim de semana ser\u00e3o quatro partidas. No s\u00e1bado, \u00e0s 18h, o Independente enfrentar\u00e1 o Am\u00e9rica, e \u00e0s 20h, o Internacional estreia contra o [&hellip;]","og_url":"https:\/\/aconteceunovale.com.br\/portal\/?p=120524","og_site_name":"Aconteceu no Vale","article_publisher":"https:\/\/www.facebook.com\/aconteceunovale\/","article_published_time":"2017-08-24T22:52:44+00:00","article_modified_time":"2026-09-01T02:14:22+00:00","og_image":[{"width":678,"height":280,"url":"https:\/\/aconteceunovale.com.br\/portal\/wp-content\/uploads\/2017\/08\/tabela_municipal2.jpg","type":"image\/jpeg"}],"author":"Aconteceu no Vale","twitter_card":"summary_large_image","twitter_creator":"@noticiadosvales","twitter_site":"@noticiadosvales","twitter_misc":{"Escrito por":"Aconteceu no Vale","Est. tempo de leitura":"2 minutos"},"schema":{"@context":"https:\/\/schema.org","@graph":[{"@type":"Article","@id":"https:\/\/aconteceunovale.com.br\/portal\/?p=120524#article","isPartOf":{"@id":"https:\/\/aconteceunovale.com.br\/portal\/?p=120524"},"author":{"name":"Aconteceu no Vale","@id":"https:\/\/aconteceunovale.com.br\/portal\/#\/schema\/person\/633529146f2c94272bef50ac2953d589"},"headline":"Vai come\u00e7ar o Campeonato Municipal de Capelinha da 1\u00aa Divis\u00e3o","datePublished":"2017-08-24T22:52:44+00:00","dateModified":"2026-09-01T02:14:22+00:00","mainEntityOfPage":{"@id":"https:\/\/aconteceunovale.com.br\/portal\/?p=120524"},"wordCount":344,"commentCount":0,"image":{"@id":"https:\/\/aconteceunovale.com.br\/portal\/?p=120524#primaryimage"},"thumbnailUrl":"https:\/\/aconteceunovale.com.br\/portal\/wp-content\/uploads\/2017\/08\/tabela_municipal2.jpg","keywords":["campeonato municipal de capelinha","Campeonato Municipal de Capelinha da 1\u00aa Divis\u00e3o","Capelinha","Futebol em Capelinha","Vai come\u00e7ar o Campeonato Municipal de Capelinha da 1\u00aa Divis\u00e3o"],"articleSection":["Capelinha","Esportes","Vale do Jequitinhonha"],"inLanguage":"pt-BR","potentialAction":[{"@type":"CommentAction","name":"Comment","target":["https:\/\/aconteceunovale.com.br\/portal\/?p=120524#respond"]}]},{"@type":"WebPage","@id":"https:\/\/aconteceunovale.com.br\/portal\/?p=120524","url":"https:\/\/aconteceunovale.com.br\/portal\/?p=120524","name":"Vai come\u00e7ar o Campeonato Municipal de Capelinha da 1\u00aa Divis\u00e3o - Aconteceu no Vale","isPartOf":{"@id":"https:\/\/aconteceunovale.com.br\/portal\/#website"},"primaryImageOfPage":{"@id":"https:\/\/aconteceunovale.com.br\/portal\/?p=120524#primaryimage"},"image":{"@id":"https:\/\/aconteceunovale.com.br\/portal\/?p=120524#primaryimage"},"thumbnailUrl":"https:\/\/aconteceunovale.com.br\/portal\/wp-content\/uploads\/2017\/08\/tabela_municipal2.jpg","datePublished":"2017-08-24T22:52:44+00:00","dateModified":"2026-09-01T02:14:22+00:00","author":{"@id":"https:\/\/aconteceunovale.com.br\/portal\/#\/schema\/person\/633529146f2c94272bef50ac2953d589"},"breadcrumb":{"@id":"https:\/\/aconteceunovale.com.br\/portal\/?p=120524#breadcrumb"},"inLanguage":"pt-BR","potentialAction":[{"@type":"ReadAction","target":["https:\/\/aconteceunovale.com.br\/portal\/?p=120524"]}]},{"@type":"ImageObject","inLanguage":"pt-BR","@id":"https:\/\/aconteceunovale.com.br\/portal\/?p=120524#primaryimage","url":"https:\/\/aconteceunovale.com.br\/portal\/wp-content\/uploads\/2017\/08\/tabela_municipal2.jpg","contentUrl":"https:\/\/aconteceunovale.com.br\/portal\/wp-content\/uploads\/2017\/08\/tabela_municipal2.jpg","width":678,"height":280},{"@type":"BreadcrumbList","@id":"https:\/\/aconteceunovale.com.br\/portal\/?p=120524#breadcrumb","itemListElement":[{"@type":"ListItem","position":1,"name":"In\u00edcio","item":"https:\/\/aconteceunovale.com.br\/portal\/"},{"@type":"ListItem","position":2,"name":"Vai come\u00e7ar o Campeonato Municipal de Capelinha da 1\u00aa Divis\u00e3o"}]},{"@type":"WebSite","@id":"https:\/\/aconteceunovale.com.br\/portal\/#website","url":"https:\/\/aconteceunovale.com.br\/portal\/","name":"Aconteceu no Vale","description":"Portal de Not\u00edcias","potentialAction":[{"@type":"SearchAction","target":{"@type":"EntryPoint","urlTemplate":"https:\/\/aconteceunovale.com.br\/portal\/?s={search_term_string}"},"query-input":{"@type":"PropertyValueSpecification","valueRequired":true,"valueName":"search_term_string"}}],"inLanguage":"pt-BR"},{"@type":"Person","@id":"https:\/\/aconteceunovale.com.br\/portal\/#\/schema\/person\/633529146f2c94272bef50ac2953d589","name":"Aconteceu no Vale","description":"Equipe de reportagem do Aconteceu no Vale, portal de not\u00edcias do Vale do Jequitinhonha, em Minas Gerais. Cobrimos as 51 cidades do Vale desde 2013. Sugest\u00f5es de pauta e pedidos de corre\u00e7\u00e3o: contato@aconteceunovale.com.br","sameAs":["http:\/\/www.aconteceunovale.com.br"],"url":"https:\/\/aconteceunovale.com.br\/portal\/?author=1"}]}},"_links":{"self":[{"href":"https:\/\/aconteceunovale.com.br\/portal\/index.php?rest_route=\/wp\/v2\/posts\/120524","targetHints":{"allow":["GET"]}}],"collection":[{"href":"https:\/\/aconteceunovale.com.br\/portal\/index.php?rest_route=\/wp\/v2\/posts"}],"about":[{"href":"https:\/\/aconteceunovale.com.br\/portal\/index.php?rest_route=\/wp\/v2\/types\/post"}],"author":[{"embeddable":true,"href":"https:\/\/aconteceunovale.com.br\/portal\/index.php?rest_route=\/wp\/v2\/users\/1"}],"replies":[{"embeddable":true,"href":"https:\/\/aconteceunovale.com.br\/portal\/index.php?rest_route=%2Fwp%2Fv2%2Fcomments&post=120524"}],"version-history":[{"count":1,"href":"https:\/\/aconteceunovale.com.br\/portal\/index.php?rest_route=\/wp\/v2\/posts\/120524\/revisions"}],"predecessor-version":[{"id":198360,"href":"https:\/\/aconteceunovale.com.br\/portal\/index.php?rest_route=\/wp\/v2\/posts\/120524\/revisions\/198360"}],"wp:featuredmedia":[{"embeddable":true,"href":"https:\/\/aconteceunovale.com.br\/portal\/index.php?rest_route=\/wp\/v2\/media\/120521"}],"wp:attachment":[{"href":"https:\/\/aconteceunovale.com.br\/portal\/index.php?rest_route=%2Fwp%2Fv2%2Fmedia&parent=120524"}],"wp:term":[{"taxonomy":"category","embeddable":true,"href":"https:\/\/aconteceunovale.com.br\/portal\/index.php?rest_route=%2Fwp%2Fv2%2Fcategories&post=120524"},{"taxonomy":"post_tag","embeddable":true,"href":"https:\/\/aconteceunovale.com.br\/portal\/index.php?rest_route=%2Fwp%2Fv2%2Ftags&post=120524"}],"curies":[{"name":"wp","href":"https:\/\/api.w.org\/{rel}","templated":true}]}}