{"id":120504,"date":"2017-08-24T10:41:44","date_gmt":"2017-08-24T12:41:44","guid":{"rendered":"http:\/\/aconteceunovale.com.br\/portal\/?p=120504"},"modified":"2017-08-24T10:41:44","modified_gmt":"2017-08-24T12:41:44","slug":"edital-oferece-r-25-milhoes-para-agroecologia","status":"publish","type":"post","link":"https:\/\/aconteceunovale.com.br\/portal\/?p=120504","title":{"rendered":"Edital oferece R$ 25 milh\u00f5es para agroecologia"},"content":{"rendered":"<p>O\u00a0<span style=\"text-decoration: underline; color: #ff0000;\"><a href=\"https:\/\/www.fbb.org.br\/pt-br\/ecoforte2017\" target=\"_blank\"><span style=\"color: #ff0000; text-decoration: underline;\">edital\u00a0Ecoforte 2017<\/span><\/a><\/span> est\u00e1 aberto at\u00e9 o dia 2 de outubro para sele\u00e7\u00e3o e apoio a projetos territoriais de redes de agroecologia, extrativismo e produ\u00e7\u00e3o org\u00e2nica, voltados \u00e0 intensifica\u00e7\u00e3o das pr\u00e1ticas de manejo sustent\u00e1vel de produtos da sociobiodiversidade e de sistemas produtivos org\u00e2nicos e de base agroecol\u00f3gica. Os recursos prov\u00eam da Funda\u00e7\u00e3o Banco do Brasil, do Fundo Amaz\u00f4nia e do Fundo Social do BNDES.<\/p>\n<p>Ser\u00e3o duas sele\u00e7\u00f5es. A primeira est\u00e1 voltada a novas propostas de redes ou \u00e0 consolida\u00e7\u00e3o das j\u00e1 atendidas pelo Ecoforte de 2014, desde que integrem novos grupos ou organiza\u00e7\u00f5es produtivas. Ser\u00e3o investidos at\u00e9 R$ 18,5 milh\u00f5es, sendo R$ 2,5 milh\u00f5es destinados \u00e0 consolida\u00e7\u00e3o e expans\u00e3o de propostas j\u00e1 beneficiadas pelo Ecoforte, com aporte entre R$ 300 e 500 mil; e R$ 16 milh\u00f5es para novas organiza\u00e7\u00f5es, com projetos de valores entre R$ 800 mil e R$ 1 milh\u00e3o.<\/p>\n<p>A outra sele\u00e7\u00e3o \u00e9 uma chamada direta destinada \u00e0 implanta\u00e7\u00e3o e melhoria de empreendimentos econ\u00f4micos coletivos de organiza\u00e7\u00f5es j\u00e1 conveniadas pelo edital de 2014. Est\u00e3o previstos at\u00e9 R$ 6,5 milh\u00f5es para projetos de R$ 300 mil a R$ 500 mil. Desse total, R$ 5 milh\u00f5es ser\u00e3o destinados ao apoio de projetos localizados na Amaz\u00f4nia Legal.<\/p>\n<p>A rede de agroecologia, extrativismo e produ\u00e7\u00e3o org\u00e2nica que se inscrever dever\u00e1 ser composta por, no m\u00ednimo, tr\u00eas organiza\u00e7\u00f5es de car\u00e1ter produtivo da agricultura familiar (cooperativa ou associa\u00e7\u00e3o de produtores). Os projetos devem promover benef\u00edcios a agricultores familiares, assentados da reforma agr\u00e1ria, povos e comunidades tradicionais ou ind\u00edgenas.<\/p>\n<p>As inscri\u00e7\u00f5es dever\u00e3o ser entregues pessoalmente \u00e0 FBB mediante protocolo at\u00e9 as 18 horas do dia 2 de outubro ou postados at\u00e9 esta data.<\/p>\n<p>O Minist\u00e9rio do Meio Ambiente (MMA) participa da estrat\u00e9gia de divulga\u00e7\u00e3o e capacita\u00e7\u00e3o das organiza\u00e7\u00f5es, por meio de oficinas em todas as regi\u00f5es do Brasil. O compromisso do MMA e outros minist\u00e9rios est\u00e1 previsto no Plano Nacional de Agroecologia e Produ\u00e7\u00e3o Org\u00e2nica (Planapo).<\/p>\n<p><strong>PROGRAMA ECOFORTE<\/strong><\/p>\n<p>Criado em 2013, o Ecoforte possibilitou a integra\u00e7\u00e3o das organiza\u00e7\u00f5es participantes, com amplia\u00e7\u00e3o da participa\u00e7\u00e3o de agricultores familiares no processo de transi\u00e7\u00e3o agroecol\u00f3gica, inser\u00e7\u00e3o produtiva de jovens e mulheres, melhoria da capacidade de produ\u00e7\u00e3o, articula\u00e7\u00e3o e realiza\u00e7\u00e3o de neg\u00f3cios solid\u00e1rios nas pr\u00f3prias redes.<\/p>\n<p>A divulga\u00e7\u00e3o deste projeto contempla quatro Objetivos do Desenvolvimento Sustent\u00e1vel, que fazem parte da Agenda da Organiza\u00e7\u00e3o das Na\u00e7\u00f5es Unidas com metas para o ano de 2030: erradica\u00e7\u00e3o da pobreza; fome zero e agricultura sustent\u00e1vel; sa\u00fade e bem-estar; e redu\u00e7\u00e3o das desigualdades.<\/p>\n<p><img decoding=\"async\" src=\"http:\/\/aconteceunovale.com.br\/portal\/wp-content\/uploads\/2017\/08\/financiamento_agro.jpg\" alt=\"\" \/><em>Edital oferece R$ 25 mi para agroecologia (Foto: Paulo de Ara\u00fajo\/MMA)<\/em><br \/>\n<\/br><\/p>\n<p><strong>VER PRIMEIRO<\/strong><\/p>\n<p>Receba as not\u00edcias do Aconteceu no Vale em primeira m\u00e3o. Clique em curtir no endere\u00e7o <a href=\"https:\/\/www.facebook.com\/aconteceunovale\" target=\"_blank\"><font color=\"red\">www.facebook.com\/aconteceunovale<\/font><\/a> ou no box abaixo:<\/p>\n<div class=\"fb-like\" data-href=\"https:\/\/www.facebook.com\/aconteceunovale\" data-width=\"120\" data-layout=\"standard\" data-action=\"like\" data-size=\"small\" data-show-faces=\"true\" data-share=\"true\"><\/div>\n<p><\/br><\/p>\n<p><em>(Ascom MMA)<\/em><\/p>\n","protected":false},"excerpt":{"rendered":"<p>O\u00a0edital\u00a0Ecoforte 2017 est\u00e1 aberto at\u00e9 o dia 2 de outubro para sele\u00e7\u00e3o e apoio a projetos territoriais de redes de agroecologia, extrativismo e produ\u00e7\u00e3o org\u00e2nica, voltados \u00e0 intensifica\u00e7\u00e3o das pr\u00e1ticas de manejo sustent\u00e1vel de produtos da sociobiodiversidade e de sistemas produtivos org\u00e2nicos e de base agroecol\u00f3gica. Os recursos prov\u00eam da Funda\u00e7\u00e3o Banco do Brasil, do [&hellip;]<\/p>\n","protected":false},"author":1,"featured_media":120505,"comment_status":"open","ping_status":"closed","sticky":false,"template":"","format":"standard","meta":{"amp_status":"","footnotes":""},"categories":[6],"tags":[87767,158155,158156,158154,158160,158157,158163,158167,84277,158169,158170,70365,158165,158158,158161,158166,158168,158159,158162,158164],"class_list":["post-120504","post","type-post","status-publish","format-standard","has-post-thumbnail","hentry","category-br","tag-agroecologia","tag-ecoforte-2017","tag-edital-ecoforte-2017","tag-edital-oferece-r-25-milhoes-para-agroecologia","tag-extrativismo","tag-financiamento-agroecologia","tag-financiamento-de-extrativismo","tag-financiamento-de-producao-organica","tag-fundacao-banco-do-brasil","tag-fundo-amazonia","tag-fundo-social-do-bndes","tag-producao-organica","tag-recursos-para","tag-recursos-para-agroecologia","tag-recursos-para-extrativismo","tag-recursos-para-producao-organica","tag-sociobiodiversidade","tag-verba-para-agroecologia","tag-verba-para-extrativismo","tag-verba-para-producao-organica"],"yoast_head":"<!-- This site is optimized with the Yoast SEO plugin v28.3 - https:\/\/yoast.com\/product\/yoast-seo-wordpress\/ -->\n<title>Edital oferece R$ 25 milh\u00f5es para agroecologia - Aconteceu no Vale<\/title>\n<meta name=\"robots\" content=\"index, follow, max-snippet:-1, max-image-preview:large, max-video-preview:-1\" \/>\n<link rel=\"canonical\" href=\"https:\/\/aconteceunovale.com.br\/portal\/?p=120504\" \/>\n<meta property=\"og:locale\" content=\"pt_BR\" \/>\n<meta property=\"og:type\" content=\"article\" \/>\n<meta property=\"og:title\" content=\"Edital oferece R$ 25 milh\u00f5es para agroecologia - Aconteceu no Vale\" \/>\n<meta property=\"og:description\" content=\"O\u00a0edital\u00a0Ecoforte 2017 est\u00e1 aberto at\u00e9 o dia 2 de outubro para sele\u00e7\u00e3o e apoio a projetos territoriais de redes de agroecologia, extrativismo e produ\u00e7\u00e3o org\u00e2nica, voltados \u00e0 intensifica\u00e7\u00e3o das pr\u00e1ticas de manejo sustent\u00e1vel de produtos da sociobiodiversidade e de sistemas produtivos org\u00e2nicos e de base agroecol\u00f3gica. Os recursos prov\u00eam da Funda\u00e7\u00e3o Banco do Brasil, do [&hellip;]\" \/>\n<meta property=\"og:url\" content=\"https:\/\/aconteceunovale.com.br\/portal\/?p=120504\" \/>\n<meta property=\"og:site_name\" content=\"Aconteceu no Vale\" \/>\n<meta property=\"article:publisher\" content=\"https:\/\/www.facebook.com\/aconteceunovale\/\" \/>\n<meta property=\"article:published_time\" content=\"2017-08-24T12:41:44+00:00\" \/>\n<meta property=\"og:image\" content=\"https:\/\/aconteceunovale.com.br\/portal\/wp-content\/uploads\/2017\/08\/financiamento_agro.jpg\" \/>\n\t<meta property=\"og:image:width\" content=\"678\" \/>\n\t<meta property=\"og:image:height\" content=\"450\" \/>\n\t<meta property=\"og:image:type\" content=\"image\/jpeg\" \/>\n<meta name=\"author\" content=\"Aconteceu no Vale\" \/>\n<meta name=\"twitter:card\" content=\"summary_large_image\" \/>\n<meta name=\"twitter:creator\" content=\"@noticiadosvales\" \/>\n<meta name=\"twitter:site\" content=\"@noticiadosvales\" \/>\n<meta name=\"twitter:label1\" content=\"Escrito por\" \/>\n\t<meta name=\"twitter:data1\" content=\"Aconteceu no Vale\" \/>\n\t<meta name=\"twitter:label2\" content=\"Est. tempo de leitura\" \/>\n\t<meta name=\"twitter:data2\" content=\"2 minutos\" \/>\n<script type=\"application\/ld+json\" class=\"yoast-schema-graph\">{\"@context\":\"https:\\\/\\\/schema.org\",\"@graph\":[{\"@type\":\"Article\",\"@id\":\"https:\\\/\\\/aconteceunovale.com.br\\\/portal\\\/?p=120504#article\",\"isPartOf\":{\"@id\":\"https:\\\/\\\/aconteceunovale.com.br\\\/portal\\\/?p=120504\"},\"author\":{\"name\":\"Aconteceu no Vale\",\"@id\":\"https:\\\/\\\/aconteceunovale.com.br\\\/portal\\\/#\\\/schema\\\/person\\\/633529146f2c94272bef50ac2953d589\"},\"headline\":\"Edital oferece R$ 25 milh\u00f5es para agroecologia\",\"datePublished\":\"2017-08-24T12:41:44+00:00\",\"mainEntityOfPage\":{\"@id\":\"https:\\\/\\\/aconteceunovale.com.br\\\/portal\\\/?p=120504\"},\"wordCount\":498,\"commentCount\":0,\"image\":{\"@id\":\"https:\\\/\\\/aconteceunovale.com.br\\\/portal\\\/?p=120504#primaryimage\"},\"thumbnailUrl\":\"https:\\\/\\\/aconteceunovale.com.br\\\/portal\\\/wp-content\\\/uploads\\\/2017\\\/08\\\/financiamento_agro.jpg\",\"keywords\":[\"agroecologia\",\"Ecoforte 2017\",\"Edital Ecoforte 2017\",\"Edital oferece R$ 25 milh\u00f5es para agroecologia\",\"extrativismo\",\"Financiamento agroecologia\",\"Financiamento de extrativismo\",\"Financiamento de produ\u00e7\u00e3o org\u00e2nica\",\"Funda\u00e7\u00e3o Banco do Brasil\",\"Fundo Amaz\u00f4nia\",\"Fundo Social do BNDES\",\"produ\u00e7\u00e3o org\u00e2nica\",\"Recursos para\",\"Recursos para agroecologia\",\"Recursos para extrativismo\",\"Recursos para produ\u00e7\u00e3o org\u00e2nica\",\"sociobiodiversidade\",\"Verba para agroecologia\",\"Verba para extrativismo\",\"Verba para produ\u00e7\u00e3o org\u00e2nica\"],\"articleSection\":[\"Brasil\"],\"inLanguage\":\"pt-BR\",\"potentialAction\":[{\"@type\":\"CommentAction\",\"name\":\"Comment\",\"target\":[\"https:\\\/\\\/aconteceunovale.com.br\\\/portal\\\/?p=120504#respond\"]}]},{\"@type\":\"WebPage\",\"@id\":\"https:\\\/\\\/aconteceunovale.com.br\\\/portal\\\/?p=120504\",\"url\":\"https:\\\/\\\/aconteceunovale.com.br\\\/portal\\\/?p=120504\",\"name\":\"Edital oferece R$ 25 milh\u00f5es para agroecologia - Aconteceu no Vale\",\"isPartOf\":{\"@id\":\"https:\\\/\\\/aconteceunovale.com.br\\\/portal\\\/#website\"},\"primaryImageOfPage\":{\"@id\":\"https:\\\/\\\/aconteceunovale.com.br\\\/portal\\\/?p=120504#primaryimage\"},\"image\":{\"@id\":\"https:\\\/\\\/aconteceunovale.com.br\\\/portal\\\/?p=120504#primaryimage\"},\"thumbnailUrl\":\"https:\\\/\\\/aconteceunovale.com.br\\\/portal\\\/wp-content\\\/uploads\\\/2017\\\/08\\\/financiamento_agro.jpg\",\"datePublished\":\"2017-08-24T12:41:44+00:00\",\"author\":{\"@id\":\"https:\\\/\\\/aconteceunovale.com.br\\\/portal\\\/#\\\/schema\\\/person\\\/633529146f2c94272bef50ac2953d589\"},\"breadcrumb\":{\"@id\":\"https:\\\/\\\/aconteceunovale.com.br\\\/portal\\\/?p=120504#breadcrumb\"},\"inLanguage\":\"pt-BR\",\"potentialAction\":[{\"@type\":\"ReadAction\",\"target\":[\"https:\\\/\\\/aconteceunovale.com.br\\\/portal\\\/?p=120504\"]}]},{\"@type\":\"ImageObject\",\"inLanguage\":\"pt-BR\",\"@id\":\"https:\\\/\\\/aconteceunovale.com.br\\\/portal\\\/?p=120504#primaryimage\",\"url\":\"https:\\\/\\\/aconteceunovale.com.br\\\/portal\\\/wp-content\\\/uploads\\\/2017\\\/08\\\/financiamento_agro.jpg\",\"contentUrl\":\"https:\\\/\\\/aconteceunovale.com.br\\\/portal\\\/wp-content\\\/uploads\\\/2017\\\/08\\\/financiamento_agro.jpg\",\"width\":678,\"height\":450},{\"@type\":\"BreadcrumbList\",\"@id\":\"https:\\\/\\\/aconteceunovale.com.br\\\/portal\\\/?p=120504#breadcrumb\",\"itemListElement\":[{\"@type\":\"ListItem\",\"position\":1,\"name\":\"In\u00edcio\",\"item\":\"https:\\\/\\\/aconteceunovale.com.br\\\/portal\\\/\"},{\"@type\":\"ListItem\",\"position\":2,\"name\":\"Edital oferece R$ 25 milh\u00f5es para agroecologia\"}]},{\"@type\":\"WebSite\",\"@id\":\"https:\\\/\\\/aconteceunovale.com.br\\\/portal\\\/#website\",\"url\":\"https:\\\/\\\/aconteceunovale.com.br\\\/portal\\\/\",\"name\":\"Aconteceu no Vale\",\"description\":\"Portal de Not\u00edcias\",\"potentialAction\":[{\"@type\":\"SearchAction\",\"target\":{\"@type\":\"EntryPoint\",\"urlTemplate\":\"https:\\\/\\\/aconteceunovale.com.br\\\/portal\\\/?s={search_term_string}\"},\"query-input\":{\"@type\":\"PropertyValueSpecification\",\"valueRequired\":true,\"valueName\":\"search_term_string\"}}],\"inLanguage\":\"pt-BR\"},{\"@type\":\"Person\",\"@id\":\"https:\\\/\\\/aconteceunovale.com.br\\\/portal\\\/#\\\/schema\\\/person\\\/633529146f2c94272bef50ac2953d589\",\"name\":\"Aconteceu no Vale\",\"description\":\"Equipe de reportagem do Aconteceu no Vale, portal de not\u00edcias do Vale do Jequitinhonha, em Minas Gerais. Cobrimos as 51 cidades do Vale desde 2013. Sugest\u00f5es de pauta e pedidos de corre\u00e7\u00e3o: contato@aconteceunovale.com.br\",\"sameAs\":[\"http:\\\/\\\/www.aconteceunovale.com.br\"],\"url\":\"https:\\\/\\\/aconteceunovale.com.br\\\/portal\\\/?author=1\"}]}<\/script>\n<!-- \/ Yoast SEO plugin. -->","yoast_head_json":{"title":"Edital oferece R$ 25 milh\u00f5es para agroecologia - Aconteceu no Vale","robots":{"index":"index","follow":"follow","max-snippet":"max-snippet:-1","max-image-preview":"max-image-preview:large","max-video-preview":"max-video-preview:-1"},"canonical":"https:\/\/aconteceunovale.com.br\/portal\/?p=120504","og_locale":"pt_BR","og_type":"article","og_title":"Edital oferece R$ 25 milh\u00f5es para agroecologia - Aconteceu no Vale","og_description":"O\u00a0edital\u00a0Ecoforte 2017 est\u00e1 aberto at\u00e9 o dia 2 de outubro para sele\u00e7\u00e3o e apoio a projetos territoriais de redes de agroecologia, extrativismo e produ\u00e7\u00e3o org\u00e2nica, voltados \u00e0 intensifica\u00e7\u00e3o das pr\u00e1ticas de manejo sustent\u00e1vel de produtos da sociobiodiversidade e de sistemas produtivos org\u00e2nicos e de base agroecol\u00f3gica. Os recursos prov\u00eam da Funda\u00e7\u00e3o Banco do Brasil, do [&hellip;]","og_url":"https:\/\/aconteceunovale.com.br\/portal\/?p=120504","og_site_name":"Aconteceu no Vale","article_publisher":"https:\/\/www.facebook.com\/aconteceunovale\/","article_published_time":"2017-08-24T12:41:44+00:00","og_image":[{"width":678,"height":450,"url":"https:\/\/aconteceunovale.com.br\/portal\/wp-content\/uploads\/2017\/08\/financiamento_agro.jpg","type":"image\/jpeg"}],"author":"Aconteceu no Vale","twitter_card":"summary_large_image","twitter_creator":"@noticiadosvales","twitter_site":"@noticiadosvales","twitter_misc":{"Escrito por":"Aconteceu no Vale","Est. tempo de leitura":"2 minutos"},"schema":{"@context":"https:\/\/schema.org","@graph":[{"@type":"Article","@id":"https:\/\/aconteceunovale.com.br\/portal\/?p=120504#article","isPartOf":{"@id":"https:\/\/aconteceunovale.com.br\/portal\/?p=120504"},"author":{"name":"Aconteceu no Vale","@id":"https:\/\/aconteceunovale.com.br\/portal\/#\/schema\/person\/633529146f2c94272bef50ac2953d589"},"headline":"Edital oferece R$ 25 milh\u00f5es para agroecologia","datePublished":"2017-08-24T12:41:44+00:00","mainEntityOfPage":{"@id":"https:\/\/aconteceunovale.com.br\/portal\/?p=120504"},"wordCount":498,"commentCount":0,"image":{"@id":"https:\/\/aconteceunovale.com.br\/portal\/?p=120504#primaryimage"},"thumbnailUrl":"https:\/\/aconteceunovale.com.br\/portal\/wp-content\/uploads\/2017\/08\/financiamento_agro.jpg","keywords":["agroecologia","Ecoforte 2017","Edital Ecoforte 2017","Edital oferece R$ 25 milh\u00f5es para agroecologia","extrativismo","Financiamento agroecologia","Financiamento de extrativismo","Financiamento de produ\u00e7\u00e3o org\u00e2nica","Funda\u00e7\u00e3o Banco do Brasil","Fundo Amaz\u00f4nia","Fundo Social do BNDES","produ\u00e7\u00e3o org\u00e2nica","Recursos para","Recursos para agroecologia","Recursos para extrativismo","Recursos para produ\u00e7\u00e3o org\u00e2nica","sociobiodiversidade","Verba para agroecologia","Verba para extrativismo","Verba para produ\u00e7\u00e3o org\u00e2nica"],"articleSection":["Brasil"],"inLanguage":"pt-BR","potentialAction":[{"@type":"CommentAction","name":"Comment","target":["https:\/\/aconteceunovale.com.br\/portal\/?p=120504#respond"]}]},{"@type":"WebPage","@id":"https:\/\/aconteceunovale.com.br\/portal\/?p=120504","url":"https:\/\/aconteceunovale.com.br\/portal\/?p=120504","name":"Edital oferece R$ 25 milh\u00f5es para agroecologia - Aconteceu no Vale","isPartOf":{"@id":"https:\/\/aconteceunovale.com.br\/portal\/#website"},"primaryImageOfPage":{"@id":"https:\/\/aconteceunovale.com.br\/portal\/?p=120504#primaryimage"},"image":{"@id":"https:\/\/aconteceunovale.com.br\/portal\/?p=120504#primaryimage"},"thumbnailUrl":"https:\/\/aconteceunovale.com.br\/portal\/wp-content\/uploads\/2017\/08\/financiamento_agro.jpg","datePublished":"2017-08-24T12:41:44+00:00","author":{"@id":"https:\/\/aconteceunovale.com.br\/portal\/#\/schema\/person\/633529146f2c94272bef50ac2953d589"},"breadcrumb":{"@id":"https:\/\/aconteceunovale.com.br\/portal\/?p=120504#breadcrumb"},"inLanguage":"pt-BR","potentialAction":[{"@type":"ReadAction","target":["https:\/\/aconteceunovale.com.br\/portal\/?p=120504"]}]},{"@type":"ImageObject","inLanguage":"pt-BR","@id":"https:\/\/aconteceunovale.com.br\/portal\/?p=120504#primaryimage","url":"https:\/\/aconteceunovale.com.br\/portal\/wp-content\/uploads\/2017\/08\/financiamento_agro.jpg","contentUrl":"https:\/\/aconteceunovale.com.br\/portal\/wp-content\/uploads\/2017\/08\/financiamento_agro.jpg","width":678,"height":450},{"@type":"BreadcrumbList","@id":"https:\/\/aconteceunovale.com.br\/portal\/?p=120504#breadcrumb","itemListElement":[{"@type":"ListItem","position":1,"name":"In\u00edcio","item":"https:\/\/aconteceunovale.com.br\/portal\/"},{"@type":"ListItem","position":2,"name":"Edital oferece R$ 25 milh\u00f5es para agroecologia"}]},{"@type":"WebSite","@id":"https:\/\/aconteceunovale.com.br\/portal\/#website","url":"https:\/\/aconteceunovale.com.br\/portal\/","name":"Aconteceu no Vale","description":"Portal de Not\u00edcias","potentialAction":[{"@type":"SearchAction","target":{"@type":"EntryPoint","urlTemplate":"https:\/\/aconteceunovale.com.br\/portal\/?s={search_term_string}"},"query-input":{"@type":"PropertyValueSpecification","valueRequired":true,"valueName":"search_term_string"}}],"inLanguage":"pt-BR"},{"@type":"Person","@id":"https:\/\/aconteceunovale.com.br\/portal\/#\/schema\/person\/633529146f2c94272bef50ac2953d589","name":"Aconteceu no Vale","description":"Equipe de reportagem do Aconteceu no Vale, portal de not\u00edcias do Vale do Jequitinhonha, em Minas Gerais. Cobrimos as 51 cidades do Vale desde 2013. Sugest\u00f5es de pauta e pedidos de corre\u00e7\u00e3o: contato@aconteceunovale.com.br","sameAs":["http:\/\/www.aconteceunovale.com.br"],"url":"https:\/\/aconteceunovale.com.br\/portal\/?author=1"}]}},"_links":{"self":[{"href":"https:\/\/aconteceunovale.com.br\/portal\/index.php?rest_route=\/wp\/v2\/posts\/120504","targetHints":{"allow":["GET"]}}],"collection":[{"href":"https:\/\/aconteceunovale.com.br\/portal\/index.php?rest_route=\/wp\/v2\/posts"}],"about":[{"href":"https:\/\/aconteceunovale.com.br\/portal\/index.php?rest_route=\/wp\/v2\/types\/post"}],"author":[{"embeddable":true,"href":"https:\/\/aconteceunovale.com.br\/portal\/index.php?rest_route=\/wp\/v2\/users\/1"}],"replies":[{"embeddable":true,"href":"https:\/\/aconteceunovale.com.br\/portal\/index.php?rest_route=%2Fwp%2Fv2%2Fcomments&post=120504"}],"version-history":[{"count":0,"href":"https:\/\/aconteceunovale.com.br\/portal\/index.php?rest_route=\/wp\/v2\/posts\/120504\/revisions"}],"wp:featuredmedia":[{"embeddable":true,"href":"https:\/\/aconteceunovale.com.br\/portal\/index.php?rest_route=\/wp\/v2\/media\/120505"}],"wp:attachment":[{"href":"https:\/\/aconteceunovale.com.br\/portal\/index.php?rest_route=%2Fwp%2Fv2%2Fmedia&parent=120504"}],"wp:term":[{"taxonomy":"category","embeddable":true,"href":"https:\/\/aconteceunovale.com.br\/portal\/index.php?rest_route=%2Fwp%2Fv2%2Fcategories&post=120504"},{"taxonomy":"post_tag","embeddable":true,"href":"https:\/\/aconteceunovale.com.br\/portal\/index.php?rest_route=%2Fwp%2Fv2%2Ftags&post=120504"}],"curies":[{"name":"wp","href":"https:\/\/api.w.org\/{rel}","templated":true}]}}