{"id":120501,"date":"2017-08-24T00:52:26","date_gmt":"2017-08-24T02:52:26","guid":{"rendered":"http:\/\/aconteceunovale.com.br\/portal\/?p=120501"},"modified":"2017-08-24T00:58:07","modified_gmt":"2017-08-24T02:58:07","slug":"deputados-de-minas-gerais-negam-titulo-de-cidadao-honorario-ao-prefeito-joao-doria","status":"publish","type":"post","link":"https:\/\/aconteceunovale.com.br\/portal\/?p=120501","title":{"rendered":"Deputados de Minas Gerais negam t\u00edtulo de cidad\u00e3o honor\u00e1rio ao prefeito Jo\u00e3o Doria"},"content":{"rendered":"<p>Os deputados estaduais de Minas Gerais negaram nesta quarta-feira (23\/08\/2017) o t\u00edtulo de cidad\u00e3o honor\u00e1rio do estado ao prefeito de S\u00e3o Paulo Jo\u00e3o Doria Junior (PSDB). O pedido foi feito pelo deputado Gustavo Corr\u00eaa (DEM) e negado pela Comiss\u00e3o de Administra\u00e7\u00e3o P\u00fablica.<\/p>\n<p>De acordo com Corr\u00eaa, a Comiss\u00e3o indeferiu o pedido com a justificativa de que o atual prefeito de S\u00e3o Paulo &#8220;n\u00e3o fez nada para Minas&#8221;. Mas, para o deputado do DEM, Doria apoiou o estado quando foi presidente da Embratur, na d\u00e9cada de 80, e ainda realizou eventos com empres\u00e1rios do estado, pelo grupo Lide.<\/p>\n<p>O deputado disse que vai recorrer da negativa em plen\u00e1rio e na presid\u00eancia da Casa e espera que o t\u00edtulo seja concedido ao tucano.<\/p>\n<p><img decoding=\"async\" src=\"http:\/\/aconteceunovale.com.br\/portal\/wp-content\/uploads\/2017\/08\/joao_doria.jpg\" alt=\"\" \/><em>Jo\u00e3o Doria \u00e9 o atual prefeito de S\u00e3o Paulo (Foto: Rovena Rosa\/Ag\u00eancia Brasil)<\/em><br \/>\n<\/br><\/p>\n<p><strong>VER PRIMEIRO<\/strong><\/p>\n<p>Receba as not\u00edcias do Aconteceu no Vale em primeira m\u00e3o. Clique em curtir no endere\u00e7o <a href=\"https:\/\/www.facebook.com\/aconteceunovale\" target=\"_blank\"><font color=\"red\">www.facebook.com\/aconteceunovale<\/font><\/a> ou no box abaixo:<\/p>\n<div class=\"fb-like\" data-href=\"https:\/\/www.facebook.com\/aconteceunovale\" data-width=\"120\" data-layout=\"standard\" data-action=\"like\" data-size=\"small\" data-show-faces=\"true\" data-share=\"true\"><\/div>\n<p><\/br><\/p>\n<p><em>(Fonte: G1 Minas)<\/em><\/p>\n","protected":false},"excerpt":{"rendered":"<p>Os deputados estaduais de Minas Gerais negaram nesta quarta-feira (23\/08\/2017) o t\u00edtulo de cidad\u00e3o honor\u00e1rio do estado ao prefeito de S\u00e3o Paulo Jo\u00e3o Doria Junior (PSDB). O pedido foi feito pelo deputado Gustavo Corr\u00eaa (DEM) e negado pela Comiss\u00e3o de Administra\u00e7\u00e3o P\u00fablica. De acordo com Corr\u00eaa, a Comiss\u00e3o indeferiu o pedido com a justificativa de [&hellip;]<\/p>\n","protected":false},"author":1,"featured_media":120502,"comment_status":"open","ping_status":"closed","sticky":false,"template":"","format":"standard","meta":{"amp_status":"","footnotes":""},"categories":[6,123,40240],"tags":[158150,148595,66043,124586,158153,158151,109191,133892,7882,158152],"class_list":["post-120501","post","type-post","status-publish","format-standard","has-post-thumbnail","hentry","category-br","category-gerais","category-politica","tag-deputados-de-minas-gerais-negam-titulo-de-cidadao-honorario-ao-prefeito-joao-doria","tag-embratur","tag-gustavo-correa","tag-joao-doria","tag-joao-doria-junior","tag-joao-doria-rejeitado-em-minas","tag-lide","tag-prefeito-de-sao-paulo","tag-psdb","tag-rejeicao-de-joao-doria-em-minas"],"yoast_head":"<!-- This site is optimized with the Yoast SEO plugin v28.3 - https:\/\/yoast.com\/product\/yoast-seo-wordpress\/ -->\n<title>Deputados de Minas Gerais negam t\u00edtulo de cidad\u00e3o honor\u00e1rio ao prefeito Jo\u00e3o Doria - Aconteceu no Vale<\/title>\n<meta name=\"robots\" content=\"index, follow, max-snippet:-1, max-image-preview:large, max-video-preview:-1\" \/>\n<link rel=\"canonical\" href=\"https:\/\/aconteceunovale.com.br\/portal\/?p=120501\" \/>\n<meta property=\"og:locale\" content=\"pt_BR\" \/>\n<meta property=\"og:type\" content=\"article\" \/>\n<meta property=\"og:title\" content=\"Deputados de Minas Gerais negam t\u00edtulo de cidad\u00e3o honor\u00e1rio ao prefeito Jo\u00e3o Doria - Aconteceu no Vale\" \/>\n<meta property=\"og:description\" content=\"Os deputados estaduais de Minas Gerais negaram nesta quarta-feira (23\/08\/2017) o t\u00edtulo de cidad\u00e3o honor\u00e1rio do estado ao prefeito de S\u00e3o Paulo Jo\u00e3o Doria Junior (PSDB). O pedido foi feito pelo deputado Gustavo Corr\u00eaa (DEM) e negado pela Comiss\u00e3o de Administra\u00e7\u00e3o P\u00fablica. De acordo com Corr\u00eaa, a Comiss\u00e3o indeferiu o pedido com a justificativa de [&hellip;]\" \/>\n<meta property=\"og:url\" content=\"https:\/\/aconteceunovale.com.br\/portal\/?p=120501\" \/>\n<meta property=\"og:site_name\" content=\"Aconteceu no Vale\" \/>\n<meta property=\"article:publisher\" content=\"https:\/\/www.facebook.com\/aconteceunovale\/\" \/>\n<meta property=\"article:published_time\" content=\"2017-08-24T02:52:26+00:00\" \/>\n<meta property=\"article:modified_time\" content=\"2017-08-24T02:58:07+00:00\" \/>\n<meta property=\"og:image\" content=\"https:\/\/aconteceunovale.com.br\/portal\/wp-content\/uploads\/2017\/08\/joao_doria.jpg\" \/>\n\t<meta property=\"og:image:width\" content=\"678\" \/>\n\t<meta property=\"og:image:height\" content=\"433\" \/>\n\t<meta property=\"og:image:type\" content=\"image\/jpeg\" \/>\n<meta name=\"author\" content=\"Aconteceu no Vale\" \/>\n<meta name=\"twitter:card\" content=\"summary_large_image\" \/>\n<meta name=\"twitter:creator\" content=\"@noticiadosvales\" \/>\n<meta name=\"twitter:site\" content=\"@noticiadosvales\" \/>\n<meta name=\"twitter:label1\" content=\"Escrito por\" \/>\n\t<meta name=\"twitter:data1\" content=\"Aconteceu no Vale\" \/>\n\t<meta name=\"twitter:label2\" content=\"Est. tempo de leitura\" \/>\n\t<meta name=\"twitter:data2\" content=\"1 minuto\" \/>\n<script type=\"application\/ld+json\" class=\"yoast-schema-graph\">{\"@context\":\"https:\\\/\\\/schema.org\",\"@graph\":[{\"@type\":\"Article\",\"@id\":\"https:\\\/\\\/aconteceunovale.com.br\\\/portal\\\/?p=120501#article\",\"isPartOf\":{\"@id\":\"https:\\\/\\\/aconteceunovale.com.br\\\/portal\\\/?p=120501\"},\"author\":{\"name\":\"Aconteceu no Vale\",\"@id\":\"https:\\\/\\\/aconteceunovale.com.br\\\/portal\\\/#\\\/schema\\\/person\\\/633529146f2c94272bef50ac2953d589\"},\"headline\":\"Deputados de Minas Gerais negam t\u00edtulo de cidad\u00e3o honor\u00e1rio ao prefeito Jo\u00e3o Doria\",\"datePublished\":\"2017-08-24T02:52:26+00:00\",\"dateModified\":\"2017-08-24T02:58:07+00:00\",\"mainEntityOfPage\":{\"@id\":\"https:\\\/\\\/aconteceunovale.com.br\\\/portal\\\/?p=120501\"},\"wordCount\":201,\"commentCount\":1,\"image\":{\"@id\":\"https:\\\/\\\/aconteceunovale.com.br\\\/portal\\\/?p=120501#primaryimage\"},\"thumbnailUrl\":\"https:\\\/\\\/aconteceunovale.com.br\\\/portal\\\/wp-content\\\/uploads\\\/2017\\\/08\\\/joao_doria.jpg\",\"keywords\":[\"Deputados de Minas Gerais negam t\u00edtulo de cidad\u00e3o honor\u00e1rio ao prefeito Jo\u00e3o Doria\",\"Embratur\",\"Gustavo Corr\u00eaa\",\"Jo\u00e3o D\u00f3ria\",\"Jo\u00e3o Doria Junior\",\"Jo\u00e3o Doria rejeitado em Minas\",\"Lide\",\"prefeito de S\u00e3o Paulo\",\"psdb\",\"Rejei\u00e7\u00e3o de Jo\u00e3o Doria em Minas\"],\"articleSection\":[\"Brasil\",\"Minas Gerais\",\"Pol\u00edtica\"],\"inLanguage\":\"pt-BR\",\"potentialAction\":[{\"@type\":\"CommentAction\",\"name\":\"Comment\",\"target\":[\"https:\\\/\\\/aconteceunovale.com.br\\\/portal\\\/?p=120501#respond\"]}]},{\"@type\":\"WebPage\",\"@id\":\"https:\\\/\\\/aconteceunovale.com.br\\\/portal\\\/?p=120501\",\"url\":\"https:\\\/\\\/aconteceunovale.com.br\\\/portal\\\/?p=120501\",\"name\":\"Deputados de Minas Gerais negam t\u00edtulo de cidad\u00e3o honor\u00e1rio ao prefeito Jo\u00e3o Doria - Aconteceu no Vale\",\"isPartOf\":{\"@id\":\"https:\\\/\\\/aconteceunovale.com.br\\\/portal\\\/#website\"},\"primaryImageOfPage\":{\"@id\":\"https:\\\/\\\/aconteceunovale.com.br\\\/portal\\\/?p=120501#primaryimage\"},\"image\":{\"@id\":\"https:\\\/\\\/aconteceunovale.com.br\\\/portal\\\/?p=120501#primaryimage\"},\"thumbnailUrl\":\"https:\\\/\\\/aconteceunovale.com.br\\\/portal\\\/wp-content\\\/uploads\\\/2017\\\/08\\\/joao_doria.jpg\",\"datePublished\":\"2017-08-24T02:52:26+00:00\",\"dateModified\":\"2017-08-24T02:58:07+00:00\",\"author\":{\"@id\":\"https:\\\/\\\/aconteceunovale.com.br\\\/portal\\\/#\\\/schema\\\/person\\\/633529146f2c94272bef50ac2953d589\"},\"breadcrumb\":{\"@id\":\"https:\\\/\\\/aconteceunovale.com.br\\\/portal\\\/?p=120501#breadcrumb\"},\"inLanguage\":\"pt-BR\",\"potentialAction\":[{\"@type\":\"ReadAction\",\"target\":[\"https:\\\/\\\/aconteceunovale.com.br\\\/portal\\\/?p=120501\"]}]},{\"@type\":\"ImageObject\",\"inLanguage\":\"pt-BR\",\"@id\":\"https:\\\/\\\/aconteceunovale.com.br\\\/portal\\\/?p=120501#primaryimage\",\"url\":\"https:\\\/\\\/aconteceunovale.com.br\\\/portal\\\/wp-content\\\/uploads\\\/2017\\\/08\\\/joao_doria.jpg\",\"contentUrl\":\"https:\\\/\\\/aconteceunovale.com.br\\\/portal\\\/wp-content\\\/uploads\\\/2017\\\/08\\\/joao_doria.jpg\",\"width\":678,\"height\":433},{\"@type\":\"BreadcrumbList\",\"@id\":\"https:\\\/\\\/aconteceunovale.com.br\\\/portal\\\/?p=120501#breadcrumb\",\"itemListElement\":[{\"@type\":\"ListItem\",\"position\":1,\"name\":\"In\u00edcio\",\"item\":\"https:\\\/\\\/aconteceunovale.com.br\\\/portal\\\/\"},{\"@type\":\"ListItem\",\"position\":2,\"name\":\"Deputados de Minas Gerais negam t\u00edtulo de cidad\u00e3o honor\u00e1rio ao prefeito Jo\u00e3o Doria\"}]},{\"@type\":\"WebSite\",\"@id\":\"https:\\\/\\\/aconteceunovale.com.br\\\/portal\\\/#website\",\"url\":\"https:\\\/\\\/aconteceunovale.com.br\\\/portal\\\/\",\"name\":\"Aconteceu no Vale\",\"description\":\"Portal de Not\u00edcias\",\"potentialAction\":[{\"@type\":\"SearchAction\",\"target\":{\"@type\":\"EntryPoint\",\"urlTemplate\":\"https:\\\/\\\/aconteceunovale.com.br\\\/portal\\\/?s={search_term_string}\"},\"query-input\":{\"@type\":\"PropertyValueSpecification\",\"valueRequired\":true,\"valueName\":\"search_term_string\"}}],\"inLanguage\":\"pt-BR\"},{\"@type\":\"Person\",\"@id\":\"https:\\\/\\\/aconteceunovale.com.br\\\/portal\\\/#\\\/schema\\\/person\\\/633529146f2c94272bef50ac2953d589\",\"name\":\"Aconteceu no Vale\",\"description\":\"Equipe de reportagem do Aconteceu no Vale, portal de not\u00edcias do Vale do Jequitinhonha, em Minas Gerais. Cobrimos as 51 cidades do Vale desde 2013. Sugest\u00f5es de pauta e pedidos de corre\u00e7\u00e3o: contato@aconteceunovale.com.br\",\"sameAs\":[\"http:\\\/\\\/www.aconteceunovale.com.br\"],\"url\":\"https:\\\/\\\/aconteceunovale.com.br\\\/portal\\\/?author=1\"}]}<\/script>\n<!-- \/ Yoast SEO plugin. -->","yoast_head_json":{"title":"Deputados de Minas Gerais negam t\u00edtulo de cidad\u00e3o honor\u00e1rio ao prefeito Jo\u00e3o Doria - Aconteceu no Vale","robots":{"index":"index","follow":"follow","max-snippet":"max-snippet:-1","max-image-preview":"max-image-preview:large","max-video-preview":"max-video-preview:-1"},"canonical":"https:\/\/aconteceunovale.com.br\/portal\/?p=120501","og_locale":"pt_BR","og_type":"article","og_title":"Deputados de Minas Gerais negam t\u00edtulo de cidad\u00e3o honor\u00e1rio ao prefeito Jo\u00e3o Doria - Aconteceu no Vale","og_description":"Os deputados estaduais de Minas Gerais negaram nesta quarta-feira (23\/08\/2017) o t\u00edtulo de cidad\u00e3o honor\u00e1rio do estado ao prefeito de S\u00e3o Paulo Jo\u00e3o Doria Junior (PSDB). O pedido foi feito pelo deputado Gustavo Corr\u00eaa (DEM) e negado pela Comiss\u00e3o de Administra\u00e7\u00e3o P\u00fablica. De acordo com Corr\u00eaa, a Comiss\u00e3o indeferiu o pedido com a justificativa de [&hellip;]","og_url":"https:\/\/aconteceunovale.com.br\/portal\/?p=120501","og_site_name":"Aconteceu no Vale","article_publisher":"https:\/\/www.facebook.com\/aconteceunovale\/","article_published_time":"2017-08-24T02:52:26+00:00","article_modified_time":"2017-08-24T02:58:07+00:00","og_image":[{"width":678,"height":433,"url":"https:\/\/aconteceunovale.com.br\/portal\/wp-content\/uploads\/2017\/08\/joao_doria.jpg","type":"image\/jpeg"}],"author":"Aconteceu no Vale","twitter_card":"summary_large_image","twitter_creator":"@noticiadosvales","twitter_site":"@noticiadosvales","twitter_misc":{"Escrito por":"Aconteceu no Vale","Est. tempo de leitura":"1 minuto"},"schema":{"@context":"https:\/\/schema.org","@graph":[{"@type":"Article","@id":"https:\/\/aconteceunovale.com.br\/portal\/?p=120501#article","isPartOf":{"@id":"https:\/\/aconteceunovale.com.br\/portal\/?p=120501"},"author":{"name":"Aconteceu no Vale","@id":"https:\/\/aconteceunovale.com.br\/portal\/#\/schema\/person\/633529146f2c94272bef50ac2953d589"},"headline":"Deputados de Minas Gerais negam t\u00edtulo de cidad\u00e3o honor\u00e1rio ao prefeito Jo\u00e3o Doria","datePublished":"2017-08-24T02:52:26+00:00","dateModified":"2017-08-24T02:58:07+00:00","mainEntityOfPage":{"@id":"https:\/\/aconteceunovale.com.br\/portal\/?p=120501"},"wordCount":201,"commentCount":1,"image":{"@id":"https:\/\/aconteceunovale.com.br\/portal\/?p=120501#primaryimage"},"thumbnailUrl":"https:\/\/aconteceunovale.com.br\/portal\/wp-content\/uploads\/2017\/08\/joao_doria.jpg","keywords":["Deputados de Minas Gerais negam t\u00edtulo de cidad\u00e3o honor\u00e1rio ao prefeito Jo\u00e3o Doria","Embratur","Gustavo Corr\u00eaa","Jo\u00e3o D\u00f3ria","Jo\u00e3o Doria Junior","Jo\u00e3o Doria rejeitado em Minas","Lide","prefeito de S\u00e3o Paulo","psdb","Rejei\u00e7\u00e3o de Jo\u00e3o Doria em Minas"],"articleSection":["Brasil","Minas Gerais","Pol\u00edtica"],"inLanguage":"pt-BR","potentialAction":[{"@type":"CommentAction","name":"Comment","target":["https:\/\/aconteceunovale.com.br\/portal\/?p=120501#respond"]}]},{"@type":"WebPage","@id":"https:\/\/aconteceunovale.com.br\/portal\/?p=120501","url":"https:\/\/aconteceunovale.com.br\/portal\/?p=120501","name":"Deputados de Minas Gerais negam t\u00edtulo de cidad\u00e3o honor\u00e1rio ao prefeito Jo\u00e3o Doria - Aconteceu no Vale","isPartOf":{"@id":"https:\/\/aconteceunovale.com.br\/portal\/#website"},"primaryImageOfPage":{"@id":"https:\/\/aconteceunovale.com.br\/portal\/?p=120501#primaryimage"},"image":{"@id":"https:\/\/aconteceunovale.com.br\/portal\/?p=120501#primaryimage"},"thumbnailUrl":"https:\/\/aconteceunovale.com.br\/portal\/wp-content\/uploads\/2017\/08\/joao_doria.jpg","datePublished":"2017-08-24T02:52:26+00:00","dateModified":"2017-08-24T02:58:07+00:00","author":{"@id":"https:\/\/aconteceunovale.com.br\/portal\/#\/schema\/person\/633529146f2c94272bef50ac2953d589"},"breadcrumb":{"@id":"https:\/\/aconteceunovale.com.br\/portal\/?p=120501#breadcrumb"},"inLanguage":"pt-BR","potentialAction":[{"@type":"ReadAction","target":["https:\/\/aconteceunovale.com.br\/portal\/?p=120501"]}]},{"@type":"ImageObject","inLanguage":"pt-BR","@id":"https:\/\/aconteceunovale.com.br\/portal\/?p=120501#primaryimage","url":"https:\/\/aconteceunovale.com.br\/portal\/wp-content\/uploads\/2017\/08\/joao_doria.jpg","contentUrl":"https:\/\/aconteceunovale.com.br\/portal\/wp-content\/uploads\/2017\/08\/joao_doria.jpg","width":678,"height":433},{"@type":"BreadcrumbList","@id":"https:\/\/aconteceunovale.com.br\/portal\/?p=120501#breadcrumb","itemListElement":[{"@type":"ListItem","position":1,"name":"In\u00edcio","item":"https:\/\/aconteceunovale.com.br\/portal\/"},{"@type":"ListItem","position":2,"name":"Deputados de Minas Gerais negam t\u00edtulo de cidad\u00e3o honor\u00e1rio ao prefeito Jo\u00e3o Doria"}]},{"@type":"WebSite","@id":"https:\/\/aconteceunovale.com.br\/portal\/#website","url":"https:\/\/aconteceunovale.com.br\/portal\/","name":"Aconteceu no Vale","description":"Portal de Not\u00edcias","potentialAction":[{"@type":"SearchAction","target":{"@type":"EntryPoint","urlTemplate":"https:\/\/aconteceunovale.com.br\/portal\/?s={search_term_string}"},"query-input":{"@type":"PropertyValueSpecification","valueRequired":true,"valueName":"search_term_string"}}],"inLanguage":"pt-BR"},{"@type":"Person","@id":"https:\/\/aconteceunovale.com.br\/portal\/#\/schema\/person\/633529146f2c94272bef50ac2953d589","name":"Aconteceu no Vale","description":"Equipe de reportagem do Aconteceu no Vale, portal de not\u00edcias do Vale do Jequitinhonha, em Minas Gerais. Cobrimos as 51 cidades do Vale desde 2013. Sugest\u00f5es de pauta e pedidos de corre\u00e7\u00e3o: contato@aconteceunovale.com.br","sameAs":["http:\/\/www.aconteceunovale.com.br"],"url":"https:\/\/aconteceunovale.com.br\/portal\/?author=1"}]}},"_links":{"self":[{"href":"https:\/\/aconteceunovale.com.br\/portal\/index.php?rest_route=\/wp\/v2\/posts\/120501","targetHints":{"allow":["GET"]}}],"collection":[{"href":"https:\/\/aconteceunovale.com.br\/portal\/index.php?rest_route=\/wp\/v2\/posts"}],"about":[{"href":"https:\/\/aconteceunovale.com.br\/portal\/index.php?rest_route=\/wp\/v2\/types\/post"}],"author":[{"embeddable":true,"href":"https:\/\/aconteceunovale.com.br\/portal\/index.php?rest_route=\/wp\/v2\/users\/1"}],"replies":[{"embeddable":true,"href":"https:\/\/aconteceunovale.com.br\/portal\/index.php?rest_route=%2Fwp%2Fv2%2Fcomments&post=120501"}],"version-history":[{"count":0,"href":"https:\/\/aconteceunovale.com.br\/portal\/index.php?rest_route=\/wp\/v2\/posts\/120501\/revisions"}],"wp:featuredmedia":[{"embeddable":true,"href":"https:\/\/aconteceunovale.com.br\/portal\/index.php?rest_route=\/wp\/v2\/media\/120502"}],"wp:attachment":[{"href":"https:\/\/aconteceunovale.com.br\/portal\/index.php?rest_route=%2Fwp%2Fv2%2Fmedia&parent=120501"}],"wp:term":[{"taxonomy":"category","embeddable":true,"href":"https:\/\/aconteceunovale.com.br\/portal\/index.php?rest_route=%2Fwp%2Fv2%2Fcategories&post=120501"},{"taxonomy":"post_tag","embeddable":true,"href":"https:\/\/aconteceunovale.com.br\/portal\/index.php?rest_route=%2Fwp%2Fv2%2Ftags&post=120501"}],"curies":[{"name":"wp","href":"https:\/\/api.w.org\/{rel}","templated":true}]}}