{"id":120475,"date":"2017-08-23T22:01:42","date_gmt":"2017-08-24T00:01:42","guid":{"rendered":"http:\/\/aconteceunovale.com.br\/portal\/?p=120475"},"modified":"2017-08-23T22:01:42","modified_gmt":"2017-08-24T00:01:42","slug":"24-integrantes-de-organizacao-criminosa-sao-condenados-em-itamarandiba","status":"publish","type":"post","link":"https:\/\/aconteceunovale.com.br\/portal\/?p=120475","title":{"rendered":"24 integrantes de organiza\u00e7\u00e3o criminosa s\u00e3o condenados em Itamarandiba"},"content":{"rendered":"<p>A pedido do Minist\u00e9rio P\u00fablico de Minas Gerais (MPMG), a Justi\u00e7a condenou 24 pessoas, sendo v\u00e1rias de uma mesma fam\u00edlia, pelo crime de forma\u00e7\u00e3o de organiza\u00e7\u00e3o criminosa, em Itamarandiba, munic\u00edpio do Vale do Jequitinhonha. As penas dos l\u00edderes da fac\u00e7\u00e3o ainda foram aumentadas devido ao fato de usarem arma de fogo, aceitarem a participa\u00e7\u00e3o de adolescente no grupo e possu\u00edrem conex\u00e3o com outras organiza\u00e7\u00f5es criminosas, como o Primeiro Comando da Capital (PCC), de S\u00e3o Paulo.<\/p>\n<p>A opera\u00e7\u00e3o denominada Calc\u00e1rio da Morte II, deflagrada no ano de 2016, teria desarticulado o grupo, que, segundo a Promotoria de Justi\u00e7a Criminal de Itamarandiba, atuava no tr\u00e1fico de drogas na regi\u00e3o. Intercepta\u00e7\u00f5es feitas com autoriza\u00e7\u00e3o judicial apontaram que um dos l\u00edderes da organiza\u00e7\u00e3o planejava roubar bancos e ag\u00eancia dos correios da cidade. O grupo tamb\u00e9m estaria tramando atentados contra policiais do munic\u00edpio. Entre os integrantes da organiza\u00e7\u00e3o est\u00e3o pais, filhos, sobrinhos, netos e primos de uma mesma fam\u00edlia.<\/p>\n<p>A matriarca e o patriarca do grupo, como eram tratados, foram condenados a dez anos e seis meses cada, em regime fechado. E dois filhos do casal, considerados os l\u00edderes da organiza\u00e7\u00e3o criminosa, foram sentenciados cada um a 12 anos de reclus\u00e3o em regime fechado. Outros integrantes do grupo receberam penas que variam de seis a dez anos de cadeia em regime fechado ou semiaberto. A soma das penas dos 24 condenados chega a quase 220 anos de pris\u00e3o.<\/p>\n<p><span style=\"text-decoration: underline;\"><span style=\"color: #ff0000;\"><a href=\"http:\/\/www4.tjmg.jus.br\/juridico\/sf\/proc_resultado.jsp?tipoPesquisa=1&amp;txtProcesso=00097278220168130325&amp;comrCodigo=325&amp;nomePessoa=&amp;tipoPessoa=X&amp;naturezaProcesso=0&amp;situacaoParte=X&amp;codigoOAB=&amp;tipoOAB=N&amp;ufOAB=MG&amp;numero=1&amp;select=1&amp;tipoConsulta=1&amp;natureza=0&amp;ativoBaixado=X&amp;listaProcessos=00097278220168130325\" target=\"_blank\"><span style=\"color: #ff0000; text-decoration: underline;\">Autos do processo criminal n\u00ba 0009727-82.2016.8.13.0325 (confira aqui)<\/span><\/a><\/span><\/span><\/p>\n<p><strong>VER PRIMEIRO<\/strong><\/p>\n<p>Receba as not\u00edcias do Aconteceu no Vale em primeira m\u00e3o. Clique em curtir no endere\u00e7o <a href=\"https:\/\/www.facebook.com\/aconteceunovale\" target=\"_blank\"><font color=\"red\">www.facebook.com\/aconteceunovale<\/font><\/a> ou no box abaixo:<\/p>\n<div class=\"fb-like\" data-href=\"https:\/\/www.facebook.com\/aconteceunovale\" data-width=\"120\" data-layout=\"standard\" data-action=\"like\" data-size=\"small\" data-show-faces=\"true\" data-share=\"true\"><\/div>\n<p><\/br><\/p>\n<p><em>(Fonte: MPMG)<\/em><\/p>\n","protected":false},"excerpt":{"rendered":"<p>A pedido do Minist\u00e9rio P\u00fablico de Minas Gerais (MPMG), a Justi\u00e7a condenou 24 pessoas, sendo v\u00e1rias de uma mesma fam\u00edlia, pelo crime de forma\u00e7\u00e3o de organiza\u00e7\u00e3o criminosa, em Itamarandiba, munic\u00edpio do Vale do Jequitinhonha. As penas dos l\u00edderes da fac\u00e7\u00e3o ainda foram aumentadas devido ao fato de usarem arma de fogo, aceitarem a participa\u00e7\u00e3o de [&hellip;]<\/p>\n","protected":false},"author":1,"featured_media":62552,"comment_status":"open","ping_status":"closed","sticky":false,"template":"","format":"standard","meta":{"amp_status":"","footnotes":""},"categories":[120],"tags":[158104,98430,88711,98436,99369,557,98445,99371,99368,158102,98444,98432,198,98431,98448,98437,98424,98449,879,98441,149,98451,98429,98425,47224,98443,98428,98450,98426,98438,98427,98453,19674,19675,98452,98423,98422,99370,76552,98421,134044,80523,147720,88728,134043,158103,98435,98446,98442,88712,2382,40916,88723,98433,98440,98439,98434,98447],"class_list":["post-120475","post","type-post","status-publish","format-standard","has-post-thumbnail","hentry","category-jequi","tag-24-integrantes-de-organizacao-criminosa-sao-condenados-em-itamarandiba","tag-alex-marcos-fernandes","tag-ana-clara-costa","tag-bruno-fernandes-gomes","tag-calcario-da-morte-ii","tag-carbonita","tag-cleide-coelho","tag-comissao-da-almg-homenageia-policiais-de-itamarandiba","tag-comissao-da-almg-homenageia-policiais-que-desarticularam-quadrilha-em-itamarandiba","tag-condenados-em-itamarandiba","tag-daniel-ventura-da-silva","tag-deivid-lorran-guimaraes-de-andrade","tag-diamantina","tag-edvaldo-lopes-gomes","tag-enoch-paranhos-da-silva","tag-fabio-aparecido-vieira-costa","tag-fabio-caetano-de-andrade","tag-fabio-junior-lages","tag-felicio-dos-santos","tag-igor-matos-moura","tag-itamarandiba","tag-joao-nilson-oliveira","tag-jose-henrique-caetano-de-andrade","tag-jose-maria-caetano-de-andrade","tag-jose-olegario-de-oliveira","tag-josefina-ventura-da-silva-hirai","tag-kaike-santos-de-andrade","tag-lucas-cantideo-conceicao","tag-manoel-caetano-de-andrade","tag-marcos-antonio-rodrigues-de-paula","tag-maria-das-gracas-batista-dos-santos","tag-megaoperacao-prende-22-integrantes-de-quadrilha-que-atuava-em-itamarandiba-e-regiao","tag-ministerio-publico-de-minas-gerais","tag-mpmg","tag-neide-joias-em-itamarandiba","tag-operacao-calcario-da-morte-1-em-itamarandiba","tag-operacao-calcario-da-morte-2-em-itamarandiba","tag-operacao-calcario-da-morte-ii","tag-operacao-da-policia-civil-itamarandiba","tag-operacao-itamarandiba","tag-pcc","tag-policia-civil-de-itamarandiba","tag-presos-em-itamarandiba","tag-presos-itamarandiba","tag-primeiro-comando-da-capital","tag-promotoria-de-justica-criminal-de-itamarandiba","tag-rayanderson-silva-moreira","tag-reinaldo-coimbra-leite","tag-renato-de-cassio-meira","tag-robson-fernandes-dos-reis","tag-sao-paulo","tag-sp","tag-trafico-de-drogas-itamarandiba","tag-vanessa-fernandes-da-silva","tag-vitor-henrique-oliveira","tag-wagner-aparecido-costa","tag-welliton-gomes","tag-wesley-rodrigo-lemes-oliveira"],"_links":{"self":[{"href":"https:\/\/aconteceunovale.com.br\/portal\/index.php?rest_route=\/wp\/v2\/posts\/120475","targetHints":{"allow":["GET"]}}],"collection":[{"href":"https:\/\/aconteceunovale.com.br\/portal\/index.php?rest_route=\/wp\/v2\/posts"}],"about":[{"href":"https:\/\/aconteceunovale.com.br\/portal\/index.php?rest_route=\/wp\/v2\/types\/post"}],"author":[{"embeddable":true,"href":"https:\/\/aconteceunovale.com.br\/portal\/index.php?rest_route=\/wp\/v2\/users\/1"}],"replies":[{"embeddable":true,"href":"https:\/\/aconteceunovale.com.br\/portal\/index.php?rest_route=%2Fwp%2Fv2%2Fcomments&post=120475"}],"version-history":[{"count":0,"href":"https:\/\/aconteceunovale.com.br\/portal\/index.php?rest_route=\/wp\/v2\/posts\/120475\/revisions"}],"wp:featuredmedia":[{"embeddable":true,"href":"https:\/\/aconteceunovale.com.br\/portal\/index.php?rest_route=\/wp\/v2\/media\/62552"}],"wp:attachment":[{"href":"https:\/\/aconteceunovale.com.br\/portal\/index.php?rest_route=%2Fwp%2Fv2%2Fmedia&parent=120475"}],"wp:term":[{"taxonomy":"category","embeddable":true,"href":"https:\/\/aconteceunovale.com.br\/portal\/index.php?rest_route=%2Fwp%2Fv2%2Fcategories&post=120475"},{"taxonomy":"post_tag","embeddable":true,"href":"https:\/\/aconteceunovale.com.br\/portal\/index.php?rest_route=%2Fwp%2Fv2%2Ftags&post=120475"}],"curies":[{"name":"wp","href":"https:\/\/api.w.org\/{rel}","templated":true}]}}