{"id":120471,"date":"2017-08-23T21:33:08","date_gmt":"2017-08-23T23:33:08","guid":{"rendered":"http:\/\/aconteceunovale.com.br\/portal\/?p=120471"},"modified":"2017-08-23T21:33:08","modified_gmt":"2017-08-23T23:33:08","slug":"policia-civil-prende-tres-suspeitos-de-homicidio-em-ipatinga","status":"publish","type":"post","link":"https:\/\/aconteceunovale.com.br\/portal\/?p=120471","title":{"rendered":"Pol\u00edcia Civil prende tr\u00eas suspeitos de homic\u00eddio em Ipatinga"},"content":{"rendered":"<p>A Pol\u00edcia Civil de Minas Gerais (PCMG) prendeu tr\u00eas pessoas suspeitas do homic\u00eddio de um homem de 21 anos, no dia 28 de junho deste ano, no bairro Jardim Panorama, em Ipatinga, regi\u00e3o do Vale do A\u00e7o. Os suspeitos, de 21 e 23 anos, planejaram uma emboscada para praticaram o crime com a ajuda de duas adolescentes de 14 anos e de uma mulher de 26, que tamb\u00e9m foi presa.<\/p>\n<p>No dia do homic\u00eddio, a v\u00edtima Paulo C\u00e9sar Braga Neto foi atingida por disparos de arma de fogo efetuados pelo carona de uma motocicleta. Paulo C\u00e9sar teria sido atra\u00eddo ao local por uma das adolescentes que, a pedido de um dos suspeitos, marcou um encontro com ele.<\/p>\n<p>Os homens suspeitos, sabendo do hor\u00e1rio e endere\u00e7o do encontro, foram ao local em uma moto Honda preta e atiraram contra a v\u00edtima, que foi atingida e morreu no local. Ap\u00f3s o crime, a mulher de 26 anos ficou encarregada de esconder a arma. <\/p>\n<p>O home de 23 anos foi preso no dia 2 de agosto, em cumprimento de mandado de pris\u00e3o tempor\u00e1ria, e o de 21 e a mulher no \u00faltimo dia 16, em cumprimento de mandado de pris\u00e3o preventiva. Nesse mesmo dia, a arma de fogo utilizada no crime, um rev\u00f3lver calibre 38, foi apreendida na resid\u00eancia do av\u00f4 da suspeita.<\/p>\n<p>A motiva\u00e7\u00e3o para o crime teria sido uma vingan\u00e7a contra a v\u00edtima, que seria o autor de uma tentativa de homic\u00eddio contra um dos suspeitos preso, em fevereiro deste ano.<\/p>\n<p>Os tr\u00eas foram presos por homic\u00eddio qualificado por motivo f\u00fatil e mediante emboscada, e por corrup\u00e7\u00e3o de menores. A v\u00edtima possu\u00eda passagens pela pol\u00edcia por roubo e recepta\u00e7\u00e3o.<\/p>\n<p><img decoding=\"async\" src=\"http:\/\/aconteceunovale.com.br\/portal\/wp-content\/uploads\/2017\/08\/presos_ipatinga.jpg\" alt=\"\" \/><em>Presos e material apreendido em Ipatinga (Foto: Divulga\u00e7\u00e3o\/PCMG)<\/em><br \/>\n<\/br><\/p>\n<p><strong>VER PRIMEIRO<\/strong><\/p>\n<p>Receba as not\u00edcias do Aconteceu no Vale em primeira m\u00e3o. Clique em curtir no endere\u00e7o <a href=\"https:\/\/www.facebook.com\/aconteceunovale\" target=\"_blank\"><font color=\"red\">www.facebook.com\/aconteceunovale<\/font><\/a> ou no box abaixo:<\/p>\n<div class=\"fb-like\" data-href=\"https:\/\/www.facebook.com\/aconteceunovale\" data-width=\"120\" data-layout=\"standard\" data-action=\"like\" data-size=\"small\" data-show-faces=\"true\" data-share=\"true\"><\/div>\n<p><\/br><\/p>\n<p><em>(Com informa\u00e7\u00f5es do Hoje em Dia e PCMG)<\/em><\/p>\n","protected":false},"excerpt":{"rendered":"<p>A Pol\u00edcia Civil de Minas Gerais (PCMG) prendeu tr\u00eas pessoas suspeitas do homic\u00eddio de um homem de 21 anos, no dia 28 de junho deste ano, no bairro Jardim Panorama, em Ipatinga, regi\u00e3o do Vale do A\u00e7o. Os suspeitos, de 21 e 23 anos, planejaram uma emboscada para praticaram o crime com a ajuda de [&hellip;]<\/p>\n","protected":false},"author":1,"featured_media":120473,"comment_status":"open","ping_status":"closed","sticky":false,"template":"","format":"standard","meta":{"amp_status":"","footnotes":""},"categories":[121],"tags":[158100,158101,27671,201,158099,50007,50009,151239,158098,158097,75999],"class_list":["post-120471","post","type-post","status-publish","format-standard","has-post-thumbnail","hentry","category-leste","tag-bruninho-do-crc","tag-bruno-de-oliveira","tag-homicidio-em-ipatinga","tag-ipatinga","tag-maykson-douglas-ramos-de-souza","tag-morte-em-ipatinga","tag-morto-em-ipatinga","tag-nayara-borges-valadares","tag-paulo-cesar-braga-neto","tag-policia-civil-prende-tres-suspeitos-de-homicidio-em-ipatinga","tag-presos-em-ipatinga"],"_links":{"self":[{"href":"https:\/\/aconteceunovale.com.br\/portal\/index.php?rest_route=\/wp\/v2\/posts\/120471","targetHints":{"allow":["GET"]}}],"collection":[{"href":"https:\/\/aconteceunovale.com.br\/portal\/index.php?rest_route=\/wp\/v2\/posts"}],"about":[{"href":"https:\/\/aconteceunovale.com.br\/portal\/index.php?rest_route=\/wp\/v2\/types\/post"}],"author":[{"embeddable":true,"href":"https:\/\/aconteceunovale.com.br\/portal\/index.php?rest_route=\/wp\/v2\/users\/1"}],"replies":[{"embeddable":true,"href":"https:\/\/aconteceunovale.com.br\/portal\/index.php?rest_route=%2Fwp%2Fv2%2Fcomments&post=120471"}],"version-history":[{"count":0,"href":"https:\/\/aconteceunovale.com.br\/portal\/index.php?rest_route=\/wp\/v2\/posts\/120471\/revisions"}],"wp:featuredmedia":[{"embeddable":true,"href":"https:\/\/aconteceunovale.com.br\/portal\/index.php?rest_route=\/wp\/v2\/media\/120473"}],"wp:attachment":[{"href":"https:\/\/aconteceunovale.com.br\/portal\/index.php?rest_route=%2Fwp%2Fv2%2Fmedia&parent=120471"}],"wp:term":[{"taxonomy":"category","embeddable":true,"href":"https:\/\/aconteceunovale.com.br\/portal\/index.php?rest_route=%2Fwp%2Fv2%2Fcategories&post=120471"},{"taxonomy":"post_tag","embeddable":true,"href":"https:\/\/aconteceunovale.com.br\/portal\/index.php?rest_route=%2Fwp%2Fv2%2Ftags&post=120471"}],"curies":[{"name":"wp","href":"https:\/\/api.w.org\/{rel}","templated":true}]}}