{"id":120463,"date":"2017-08-23T19:51:25","date_gmt":"2017-08-23T21:51:25","guid":{"rendered":"http:\/\/aconteceunovale.com.br\/portal\/?p=120463"},"modified":"2017-08-23T19:51:25","modified_gmt":"2017-08-23T21:51:25","slug":"projeto-da-ufvjm-disponibiliza-acervo-digital-sobre-historia-do-vale-do-mucuri","status":"publish","type":"post","link":"https:\/\/aconteceunovale.com.br\/portal\/?p=120463","title":{"rendered":"Projeto da UFVJM disponibiliza acervo digital sobre hist\u00f3ria do Vale do Mucuri"},"content":{"rendered":"<p>A hist\u00f3ria do Vale do Mucuri agora pode ser encontrada de maneira f\u00e1cil e organizada. O projeto Centro de Documenta\u00e7\u00e3o e Arquivos da Universidade Federal dos Vales do Jequitinhonha e Mucuri (UFVJM) entregou um acervo digital sobre o tema para a Biblioteca do Campus do Mucuri, em Te\u00f3filo Otoni. A comunidade acad\u00eamica e, tamb\u00e9m, toda a popula\u00e7\u00e3o podem conhecer a hist\u00f3ria do Vale do Mucuri por meio desse acervo de jornais, revistas, documentos e fotografias dispon\u00edveis na Biblioteca do Campus do Mucuri.<\/p>\n<p>O projeto \u00e9 vinculado ao Departamento de Servi\u00e7o Social, do Campus do Mucuri, e foi iniciado em fevereiro de 2016. De acordo com o coordenador do projeto, professor M\u00e1rcio Achtschin Santos, o material disponibilizado para a biblioteca \u00e9 resultado de uma primeira fase (Edital do Programa Institucional de Bolsas de Inicia\u00e7\u00e3o Cient\u00edfica (Pibic-UFVJM), de fomento da Funda\u00e7\u00e3o de Amparo \u00e0 Pesquisa do Estado de Minas Gerais (Fapemig).<\/p>\n<p>Achtschin destaca que o objetivo do projeto \u00e9 mapear, identificar, catalogar e produzir arquivos digitais relacionados \u00e0 hist\u00f3ria do Vale do Mucuri que est\u00e3o sob a guarda de propriet\u00e1rios e institui\u00e7\u00f5es tanto na regi\u00e3o como aqueles espalhados no Brasil.<\/p>\n<p>\u201cForam mapeados os documentos dispon\u00edveis em Te\u00f3filo Otoni na primeira fase do projeto. Identificado o material, \u00e9 relacionado em uma lista de prioridades e posteriormente feita a digitaliza\u00e7\u00e3o\u201d, explicou o professor sobre como foi feito o trabalho, que conta com a atua\u00e7\u00e3o de alunos da UFVJM, como bolsistas.<\/p>\n<p>Todo o acervo pode ser consultado dentro da biblioteca, em computadores disponibilizados aos usu\u00e1rios. Empr\u00e9stimos n\u00e3o est\u00e3o dispon\u00edveis. A Biblioteca do Campus do Mucuri fica aberta de segunda-feira a sexta-feira, das 8h \u00e0s 22h, e aos s\u00e1bados letivos (conforme calend\u00e1rio da UFVJM, publicado no site da universidade: www.ufvjm.edu.br), das 8h \u00e0s 12h.<\/p>\n<p><img decoding=\"async\" src=\"http:\/\/aconteceunovale.com.br\/portal\/wp-content\/uploads\/2017\/08\/bibliotecamucuri.jpg\" alt=\"\" \/><em>Bolsista \u00cdgor Ribeiro Arruda, bibliotec\u00e1ria-chefe do Campus do Mucuri, \u00c9lida Andressa da Silva Bracks, e o coordenador do projeto M\u00e1rcio Achtschin Santos registram a entrega do acervo digital (foto: Graziela Lopes da Costa\/Divulga\u00e7\u00e3o UFVJM)<\/em><br \/>\n<\/br><\/p>\n<p><strong>VER PRIMEIRO<\/strong><\/p>\n<p>Receba as not\u00edcias do Aconteceu no Vale em primeira m\u00e3o. Clique em curtir no endere\u00e7o <a href=\"https:\/\/www.facebook.com\/aconteceunovale\" target=\"_blank\"><font color=\"red\">www.facebook.com\/aconteceunovale<\/font><\/a> ou no box abaixo:<\/p>\n<div class=\"fb-like\" data-href=\"https:\/\/www.facebook.com\/aconteceunovale\" data-width=\"120\" data-layout=\"standard\" data-action=\"like\" data-size=\"small\" data-show-faces=\"true\" data-share=\"true\"><\/div>\n<p><\/br><\/p>\n<p><em>(Fonte: UFVJM)<\/em><\/p>\n","protected":false},"excerpt":{"rendered":"<p>A hist\u00f3ria do Vale do Mucuri agora pode ser encontrada de maneira f\u00e1cil e organizada. O projeto Centro de Documenta\u00e7\u00e3o e Arquivos da Universidade Federal dos Vales do Jequitinhonha e Mucuri (UFVJM) entregou um acervo digital sobre o tema para a Biblioteca do Campus do Mucuri, em Te\u00f3filo Otoni. A comunidade acad\u00eamica e, tamb\u00e9m, toda [&hellip;]<\/p>\n","protected":false},"author":1,"featured_media":120464,"comment_status":"open","ping_status":"closed","sticky":false,"template":"","format":"standard","meta":{"amp_status":"","footnotes":""},"categories":[40238,122],"tags":[158081,158080,158083,158084,158079,158082,158085,158078,158077,158086,250,7129],"class_list":["post-120463","post","type-post","status-publish","format-standard","has-post-thumbnail","hentry","category-educacao-2","category-mucuri","tag-acervo-digital-sobre-historia-do-vale-do-mucuri","tag-acervo-sobre-a-historia-do-vale-do-mucuri","tag-bibliotecaria-chefe-do-campus-do-mucuri","tag-elida-andressa-da-silva-bracks","tag-historia-do-vale-do-mucuri","tag-igor-ribeiro-arruda","tag-marcio-achtschin-santos","tag-projeto-da-ufvjm","tag-projeto-da-ufvjm-disponibiliza-acervo-digital-sobre-historia-do-vale-do-mucuri","tag-projeto-marcio-achtschin-santos","tag-ufvjm","tag-universidade-federal-dos-vales-do-jequitinhonha-e-mucuri"],"_links":{"self":[{"href":"https:\/\/aconteceunovale.com.br\/portal\/index.php?rest_route=\/wp\/v2\/posts\/120463","targetHints":{"allow":["GET"]}}],"collection":[{"href":"https:\/\/aconteceunovale.com.br\/portal\/index.php?rest_route=\/wp\/v2\/posts"}],"about":[{"href":"https:\/\/aconteceunovale.com.br\/portal\/index.php?rest_route=\/wp\/v2\/types\/post"}],"author":[{"embeddable":true,"href":"https:\/\/aconteceunovale.com.br\/portal\/index.php?rest_route=\/wp\/v2\/users\/1"}],"replies":[{"embeddable":true,"href":"https:\/\/aconteceunovale.com.br\/portal\/index.php?rest_route=%2Fwp%2Fv2%2Fcomments&post=120463"}],"version-history":[{"count":0,"href":"https:\/\/aconteceunovale.com.br\/portal\/index.php?rest_route=\/wp\/v2\/posts\/120463\/revisions"}],"wp:featuredmedia":[{"embeddable":true,"href":"https:\/\/aconteceunovale.com.br\/portal\/index.php?rest_route=\/wp\/v2\/media\/120464"}],"wp:attachment":[{"href":"https:\/\/aconteceunovale.com.br\/portal\/index.php?rest_route=%2Fwp%2Fv2%2Fmedia&parent=120463"}],"wp:term":[{"taxonomy":"category","embeddable":true,"href":"https:\/\/aconteceunovale.com.br\/portal\/index.php?rest_route=%2Fwp%2Fv2%2Fcategories&post=120463"},{"taxonomy":"post_tag","embeddable":true,"href":"https:\/\/aconteceunovale.com.br\/portal\/index.php?rest_route=%2Fwp%2Fv2%2Ftags&post=120463"}],"curies":[{"name":"wp","href":"https:\/\/api.w.org\/{rel}","templated":true}]}}