{"id":120460,"date":"2017-08-23T16:16:32","date_gmt":"2017-08-23T18:16:32","guid":{"rendered":"http:\/\/aconteceunovale.com.br\/portal\/?p=120460"},"modified":"2017-08-23T16:16:32","modified_gmt":"2017-08-23T18:16:32","slug":"exponor-fipp-e-feira-dos-garimpeiros-geram-onda-de-otimismo-e-perspectiva-de-crescimento-economico-para-teofilo-otoni-e-regiao","status":"publish","type":"post","link":"https:\/\/aconteceunovale.com.br\/portal\/?p=120460","title":{"rendered":"Exponor, FIPP e Feira dos Garimpeiros geram onda de otimismo e perspectiva de crescimento econ\u00f4mico para Te\u00f3filo Otoni e regi\u00e3o"},"content":{"rendered":"<p>Na contram\u00e3o da realidade vivida pela maior parte dos munic\u00edpios brasileiros com o enfrentamento da crise econ\u00f4mica, Te\u00f3filo Otoni vivenciou na \u00faltima semana uma prova evidente de que pode se reinventar e criar novas possibilidades para encarar e superar momentos dif\u00edceis. A realiza\u00e7\u00e3o da Feira Internacional de Pedras Preciosas (FIPP), da Exponor (Mostra empresarial do Nordeste Mineiro) e Feira dos Garimpeiros criaram um ambiente de otimismo para o empresariado, popula\u00e7\u00e3o e gestores do munic\u00edpio.<\/p>\n<p>Como h\u00e1 muito tempo n\u00e3o se via, a visita\u00e7\u00e3o ao Centro de Conven\u00e7\u00f5es Expominas e \u00e0 Pra\u00e7a Tiradentes, onde os eventos foram realizados, bateu recorde de p\u00fablico durante os dias de evento. A decis\u00e3o acertada dos organizadores em promover as feiras na mesma data foi um diferencial aprovado para os pr\u00f3ximos anos.<\/p>\n<p>Com o interm\u00e9dio da Prefeitura de Te\u00f3filo Otoni, a Associa\u00e7\u00e3o Comercial, GEA (Gems Exporter Association) e Sindicato dos Garimpeiros firmaram um acordo in\u00e9dito para realiza\u00e7\u00e3o dos eventos. O entendimento gerou o interesse dos empres\u00e1rios e da m\u00eddia regional na propaga\u00e7\u00e3o dos eventos para todo o estado. Os grupos de comunica\u00e7\u00e3o TV Leste (Record) e INTERTV dos Vales (Globo) encabe\u00e7aram a divulga\u00e7\u00e3o com reportagens e links ao vivo na programa\u00e7\u00e3o jornal\u00edstica de suas grades. O fato in\u00e9dito foi essencial para que os eventos tomassem propor\u00e7\u00f5es al\u00e9m fronteiras do munic\u00edpio. R\u00e1dios, jornais e TVs locais tamb\u00e9m participaram ativamente da divulga\u00e7\u00e3o dos eventos. Com tanta repercuss\u00e3o positiva, prefeitos, empres\u00e1rios, autoridades estaduais e consumidores participaram em massa das feiras.<\/p>\n<p>Al\u00e9m dos stands empresariais e de venda de pedras, o espa\u00e7o Expominas recebeu palestras sobre Arranjos Produtivos Locais, Startups e outros assuntos. Desfiles de modas e shows com artistas de renome nacional tamb\u00e9m foram atra\u00e7\u00f5es para o p\u00fablico, dentre eles pode-se destacar a participa\u00e7\u00e3o de Pereira da Viola, Jorge Vercillo e a Banda Falamansa. Na Pra\u00e7a Tiradentes onde ocorreu a Feira dos Garimpeiros tamb\u00e9m teve shows e atra\u00e7\u00f5es culturais para o p\u00fablico participante.<\/p>\n<p><img decoding=\"async\" src=\"http:\/\/aconteceunovale.com.br\/portal\/wp-content\/uploads\/2017\/08\/exponor_2017_1.jpg\" alt=\"\" \/><em>Exponor 2017 (Foto: Divulga\u00e7\u00e3o\/Prefeitura de Te\u00f3filo Otoni)<\/em><br \/>\n<\/br><\/p>\n<p><strong>Empres\u00e1rios e autoridades apontam para futuro promissor da regi\u00e3o<\/strong><\/p>\n<p>No domingo, 20\/08, desembarcou em Te\u00f3filo Otoni, o presidente da Companhia de Desenvolvimento Econ\u00f4mico de Minas Gerais (CODEMIG), Marco Ant\u00f4nio Soares da Cunha Castello Branco. Acompanhado do Prefeito de Te\u00f3filo Otoni, Daniel Sucupira; do presidente da FIEMG, Olavo Machado; do deputado federal, Fabinho Ramalho; do presidente da Associa\u00e7\u00e3o Comercial de Te\u00f3filo Otoni, Ricardo Bastos; do presidente da GEA, Leonardo Souto; de vereadores e prefeitos da regi\u00e3o, Marco Ant\u00f4nio percorreu os stands e viu de perto toda a estrutura disponibilizada dentro do Centro Expominas para a realiza\u00e7\u00e3o da FIPP e EXPONOR.<\/p>\n<p>O presidente da Codemig disse que n\u00e3o tinha no\u00e7\u00e3o e magnitude do que era o p\u00f3lo de pedras e a economia de Te\u00f3filo Otoni. Ele fez compromissos pontuais com o prefeito Daniel Sucupira. \u201cVamos ajudar a Prefeitura de Te\u00f3filo Otoni a implantar o distrito industrial. Esse \u00e9 um compromisso da Codemig. Vai ser um trabalho da Codemig junto com a Prefeitura. Te\u00f3filo Otoni precisa e vai receber o empreendimento que chamamos de f\u00e1brica de rochas ornamentais que \u00e9 beneficiar o granito, formar a m\u00e3o de obra e desenvolver pesquisas nessa \u00e1rea. Essa regi\u00e3o \u00e9 muito importante para que seja vinculada ao beneficiamento de recursos minerais\u201d, destacou Marco Ant\u00f4nio Castello Branco.<\/p>\n<p>Na abertura da FIPP e da Exponor, os empres\u00e1rios e organizadores Ricardo Bastos Peres e Leonardo Silva Souto foram na mesma linha de an\u00e1lise. Para eles, Te\u00f3filo Otoni vive um novo momento em que as for\u00e7as pol\u00edticas e empresariais se juntam para promover o desenvolvimento econ\u00f4mico da cidade.<\/p>\n<p>O presidente da FIEMG, Olavo Machado, n\u00e3o poupou otimismo ao falar das feiras e apontou para um caminho promissor. \u201cVejo a regi\u00e3o nordeste de Minas com um potencial incr\u00edvel a ser explorado. Essa nova vis\u00e3o das lideran\u00e7as pode mudar a hist\u00f3ria dessa regi\u00e3o que vem encabe\u00e7ado por Te\u00f3filo Otoni e seus potenciais econ\u00f4micos\u201d, ressaltou.<\/p>\n<p>Diante de tanto otimismo e perspectiva de crescimento, o prefeito de Te\u00f3filo Otoni, Daniel Sucupira, principal respons\u00e1vel pelas mudan\u00e7as conceituais de pol\u00edtica p\u00fablica e de desenvolvimento econ\u00f4mico, tem promovido uma agenda incans\u00e1vel para trazer investimentos e gerar crescimento ao munic\u00edpio. Com o apoio dos empres\u00e1rios locais, da c\u00e2mara de vereadores, deputados da regi\u00e3o e do governo do estado, Sucupira acredita que Te\u00f3filo Otoni pode alavancar o t\u00e3o sonhado desenvolvimento da regi\u00e3o nordeste. \u201cS\u00e3o atrav\u00e9s de a\u00e7\u00f5es concretas como essas que vimos aqui na FIPP, Exponor e Feira dos Garimpeiros que podemos mudar nossa realidade econ\u00f4mica. \u00c9 com o ajuntamento de for\u00e7as e n\u00e3o com divis\u00e3o que vamos fazer fluir coisas boas para nossa regi\u00e3o. Ver tanta gente importante aqui, tantos prefeitos, tantos empres\u00e1rios acreditando no nosso potencial n\u00e3o h\u00e1 como deixar de acreditar num futuro melhor para essa regi\u00e3o. Sou o porta voz desse otimismo e vou fazer o que for poss\u00edvel pra que esse momento seja marcante e um divisor de \u00e1guas na nossa hist\u00f3ria. Saio desses eventos revigorado e com a certeza de que coisas muito grandiosas v\u00e3o acontecer daqui pra frente na nossa cidade\u201d, concluiu o prefeito.<\/p>\n<p><strong>VER PRIMEIRO<\/strong><\/p>\n<p>Receba as not\u00edcias do Aconteceu no Vale em primeira m\u00e3o. Clique em curtir no endere\u00e7o <a href=\"https:\/\/www.facebook.com\/aconteceunovale\" target=\"_blank\"><font color=\"red\">www.facebook.com\/aconteceunovale<\/font><\/a> ou no box abaixo:<\/p>\n<div class=\"fb-like\" data-href=\"https:\/\/www.facebook.com\/aconteceunovale\" data-width=\"120\" data-layout=\"standard\" data-action=\"like\" data-size=\"small\" data-show-faces=\"true\" data-share=\"true\"><\/div>\n<p><\/br><\/p>\n<p><em>(Ascom Prefeitura de Te\u00f3filo Otoni)<\/em><\/p>\n","protected":false},"excerpt":{"rendered":"<p>Na contram\u00e3o da realidade vivida pela maior parte dos munic\u00edpios brasileiros com o enfrentamento da crise econ\u00f4mica, Te\u00f3filo Otoni vivenciou na \u00faltima semana uma prova evidente de que pode se reinventar e criar novas possibilidades para encarar e superar momentos dif\u00edceis. A realiza\u00e7\u00e3o da Feira Internacional de Pedras Preciosas (FIPP), da Exponor (Mostra empresarial do [&hellip;]<\/p>\n","protected":false},"author":1,"featured_media":120461,"comment_status":"open","ping_status":"closed","sticky":false,"template":"","format":"standard","meta":{"amp_status":"","footnotes":""},"categories":[125,122],"tags":[158036,158070,158066,28355,27813,158062,1224,158067,158033,158034,158076,158064,158065,107872,11687,53433,158063,53435,54912,158071,158075,158072,11757,158074,158068,158069,15767,52483,158073,164],"class_list":["post-120460","post","type-post","status-publish","format-standard","has-post-thumbnail","hentry","category-noticias","category-mucuri","tag-ace","tag-ace-teofilo-otoni","tag-centro-de-convencoes-expominas","tag-codemig","tag-daniel-sucupira","tag-eventos-em-teofilo-otoni","tag-expominas","tag-expominas-teofilo-otoni","tag-exponor","tag-exponor-2017","tag-exponor-fipp-e-feira-dos-garimpeiros-geram-onda-de-otimismo-e-perspectiva-de-crescimento-economico-para-teofilo-otoni-e-regiao","tag-feira-dos-garimpeiros","tag-feira-dos-garimpeiros-de-teofilo-otoni","tag-feira-internacional-de-pedras-preciosas","tag-feira-internacional-de-pedras-preciosas-de-teofilo-otoni","tag-fipp","tag-fipp-2017","tag-fipp-teofilo-otoni","tag-gea","tag-gems-exporter-association","tag-intertv-dos-vales","tag-marco-antonio-soares-da-cunha-castello-branco","tag-mostra-empresarial-do-nordeste-mineiro","tag-olavo-machado","tag-praca-tiradentes","tag-praca-tiradentes-teofilo-otoni","tag-prefeito-de-teofilo-otoni","tag-prefeitura-de-teofilo-otoni","tag-presidente-da-fiemg","tag-teofilo-otoni"],"_links":{"self":[{"href":"https:\/\/aconteceunovale.com.br\/portal\/index.php?rest_route=\/wp\/v2\/posts\/120460","targetHints":{"allow":["GET"]}}],"collection":[{"href":"https:\/\/aconteceunovale.com.br\/portal\/index.php?rest_route=\/wp\/v2\/posts"}],"about":[{"href":"https:\/\/aconteceunovale.com.br\/portal\/index.php?rest_route=\/wp\/v2\/types\/post"}],"author":[{"embeddable":true,"href":"https:\/\/aconteceunovale.com.br\/portal\/index.php?rest_route=\/wp\/v2\/users\/1"}],"replies":[{"embeddable":true,"href":"https:\/\/aconteceunovale.com.br\/portal\/index.php?rest_route=%2Fwp%2Fv2%2Fcomments&post=120460"}],"version-history":[{"count":0,"href":"https:\/\/aconteceunovale.com.br\/portal\/index.php?rest_route=\/wp\/v2\/posts\/120460\/revisions"}],"wp:featuredmedia":[{"embeddable":true,"href":"https:\/\/aconteceunovale.com.br\/portal\/index.php?rest_route=\/wp\/v2\/media\/120461"}],"wp:attachment":[{"href":"https:\/\/aconteceunovale.com.br\/portal\/index.php?rest_route=%2Fwp%2Fv2%2Fmedia&parent=120460"}],"wp:term":[{"taxonomy":"category","embeddable":true,"href":"https:\/\/aconteceunovale.com.br\/portal\/index.php?rest_route=%2Fwp%2Fv2%2Fcategories&post=120460"},{"taxonomy":"post_tag","embeddable":true,"href":"https:\/\/aconteceunovale.com.br\/portal\/index.php?rest_route=%2Fwp%2Fv2%2Ftags&post=120460"}],"curies":[{"name":"wp","href":"https:\/\/api.w.org\/{rel}","templated":true}]}}