{"id":120457,"date":"2017-08-23T16:04:56","date_gmt":"2017-08-23T18:04:56","guid":{"rendered":"http:\/\/aconteceunovale.com.br\/portal\/?p=120457"},"modified":"2017-08-23T16:04:56","modified_gmt":"2017-08-23T18:04:56","slug":"cejusc-e-inaugurado-em-capelinha","status":"publish","type":"post","link":"https:\/\/aconteceunovale.com.br\/portal\/?p=120457","title":{"rendered":"Cejusc \u00e9 inaugurado em Capelinha"},"content":{"rendered":"<p>A partir de agora, a popula\u00e7\u00e3o de Capelinha ir\u00e1 contar com local apropriado para resolver conflitos de interesse de forma r\u00e1pida, barata e eficaz, al\u00e9m de encontrar atendimento e orienta\u00e7\u00e3o para quest\u00f5es jur\u00eddicas. Foi inaugurado na tarde de ontem, 22 de agosto de 2017, na comarca o Centro Judici\u00e1rio de Solu\u00e7\u00e3o de Conflitos e Cidadania (Cejusc). A solenidade de inaugura\u00e7\u00e3o foi realizada no F\u00f3rum Doutor Leonardo Ant\u00f4nio Pimenta, com a presen\u00e7a de v\u00e1rias autoridades, entre elas, o juiz auxiliar da 3\u00aa Vice-Presid\u00eancia do Tribunal de Justi\u00e7a de Minas Gerais (TJMG), Maur\u00edcio Pinto Ferreira.<\/p>\n<p>Em seu discurso, o diretor do foro da comarca e coordenador do Cejusc, juiz Jadir Halley Silva Cunha, lembrou que o Conselho Nacional de Justi\u00e7a procurou estabelecer formas de organizar, em \u00e2mbito nacional, n\u00e3o somente os servi\u00e7os prestados nos processos judiciais, como tamb\u00e9m aqueles mediante outros mecanismos de solu\u00e7\u00e3o de conflitos, em especial os consensuais, como a media\u00e7\u00e3o e a concilia\u00e7\u00e3o.<\/p>\n<p>E o Poder Judici\u00e1rio Mineiro, continuou, tem desempenhado papel crucial nesta caminhada, ajudando a estabelecer uma pol\u00edtica de tratamento adequado dos problemas jur\u00eddicos e dos conflitos de interesses, que ocorrem em larga e crescente escala na sociedade.<\/p>\n<p><img decoding=\"async\" src=\"http:\/\/aconteceunovale.com.br\/portal\/wp-content\/uploads\/2017\/08\/cejusc_cap_1.jpg\" alt=\"\" \/><em>Inaugura\u00e7\u00e3o do Cejusc em Capelinha (Foto: Divulga\u00e7\u00e3o\/TJMG)<\/em><br \/>\n<\/br><\/p>\n<p><strong>Pacifica\u00e7\u00e3o<\/strong><\/p>\n<p>O magistrado destacou ainda que o Cejusc, criado face \u00e0 necessidade de se consolidar uma pol\u00edtica p\u00fablica permanente de incentivo e aperfei\u00e7oamento dos mecanismos consensuais de solu\u00e7\u00e3o de lit\u00edgios, \u00e9 importante meio efetivo de pacifica\u00e7\u00e3o social, solu\u00e7\u00e3o e preven\u00e7\u00e3o de lit\u00edgios. No atual cen\u00e1rio de conflituosidade em massa, torna-se imprescind\u00edvel otimizar as ferramentas existentes e que se mostrem adequadas e eficazes.<\/p>\n<p>Mais do que possibilitar o direito de acesso \u00e0 Justi\u00e7a, a responsabilidade social \u00e9 objetivo estrat\u00e9gico do Poder Judici\u00e1rio, considerando tamb\u00e9m que, al\u00e9m dos setores processuais e pr\u00e9-processuais, o Cejusc ser\u00e1 integrado por um setor de cidadania, com atribui\u00e7\u00e3o de atender e orientar o cidad\u00e3o acerca dos seus direitos. Ser\u00e1 o primeiro contato do cidad\u00e3o com o Cejusc, observou.<\/p>\n<p>A Comarca de Capelinha sente-se prestigiada por ser mais uma agraciada com o Centro, que, certamente, dar\u00e1 muitos frutos na pacifica\u00e7\u00e3o social, e agradece aos gestores desta ideia, o presidente do Tribunal de Justi\u00e7a do Estado de Minas Gerais, desembargador Herbert Jos\u00e9 Almeida Carneiro, bem como ao 3\u00ba vice-presidente, desembargador Saulo Versiani Penna, representados na solenidade pelo juiz auxiliar da 3\u00aa Vice-Presid\u00eancia Maur\u00edcio Pinto Ferreira, finalizou..<\/p>\n<p>No centro judici\u00e1rio ser\u00e3o realizadas audi\u00eancias e sess\u00f5es de concilia\u00e7\u00e3o e media\u00e7\u00e3o pr\u00e9-processuais e processuais. No setor pr\u00e9-processual s\u00e3o realizadas orienta\u00e7\u00f5es e marcadas sess\u00f5es de concilia\u00e7\u00e3o antes que haja um processo em tramita\u00e7\u00e3o no Poder Judici\u00e1rio, buscando a resolu\u00e7\u00e3o de conflitos de modo informal, gratuito e por meio de acordo. E para o setor processual s\u00e3o encaminhados os processos que j\u00e1 est\u00e3o no Judici\u00e1rio para audi\u00eancia de concilia\u00e7\u00e3o e media\u00e7\u00e3o a pedido das partes.<\/p>\n<p>Em Minas Gerais, j\u00e1 s\u00e3o mais de 100 centros judici\u00e1rios instalados. O objetivo \u00e9 incentivar a cultura do di\u00e1logo, fomentar a pacifica\u00e7\u00e3o social e estimular os m\u00e9todos alternativos de solu\u00e7\u00e3o de conflitos.<\/p>\n<p><strong>VER PRIMEIRO<\/strong><\/p>\n<p>Receba as not\u00edcias do Aconteceu no Vale em primeira m\u00e3o. Clique em curtir no endere\u00e7o <a href=\"https:\/\/www.facebook.com\/aconteceunovale\" target=\"_blank\"><font color=\"red\">www.facebook.com\/aconteceunovale<\/font><\/a> ou no box abaixo:<\/p>\n<div class=\"fb-like\" data-href=\"https:\/\/www.facebook.com\/aconteceunovale\" data-width=\"120\" data-layout=\"standard\" data-action=\"like\" data-size=\"small\" data-show-faces=\"true\" data-share=\"true\"><\/div>\n<p><\/br><\/p>\n<p><em>(Fonte: TJMG)<\/em><\/p>\n","protected":false},"excerpt":{"rendered":"<p>A partir de agora, a popula\u00e7\u00e3o de Capelinha ir\u00e1 contar com local apropriado para resolver conflitos de interesse de forma r\u00e1pida, barata e eficaz, al\u00e9m de encontrar atendimento e orienta\u00e7\u00e3o para quest\u00f5es jur\u00eddicas. Foi inaugurado na tarde de ontem, 22 de agosto de 2017, na comarca o Centro Judici\u00e1rio de Solu\u00e7\u00e3o de Conflitos e Cidadania [&hellip;]<\/p>\n","protected":false},"author":1,"featured_media":120458,"comment_status":"open","ping_status":"closed","sticky":false,"template":"","format":"standard","meta":{"amp_status":"","footnotes":""},"categories":[125,120],"tags":[158054,132,116029,158056,158058,158052,49553,158055,158051,158059,158057,158053,158061,158060,270,92646],"class_list":["post-120457","post","type-post","status-publish","format-standard","has-post-thumbnail","hentry","category-noticias","category-jequi","tag-abertura-de-centro-judiciario-em-capelinha","tag-capelinha","tag-cejusc","tag-cejusc-de-capelinha","tag-cejusc-e-inaugurado-em-capelinha","tag-centro-judiciario-de-capelinha","tag-centro-judiciario-de-solucao-de-conflitos-e-cidadania","tag-centro-judiciario-de-solucao-de-conflitos-e-cidadania-em-capelinha","tag-centro-judiciario-e-inaugurado-em-capelinha","tag-forum-doutor-leonardo-antonio-pimenta","tag-inauguracao-de-cejusc-em-capelinha","tag-inauguracao-de-centro-judiciario-em-capelinha","tag-juiz-jadir-halley-silva-cunha","tag-mauricio-pinto-ferreira","tag-tjmg","tag-tribunal-de-justica-de-minas-gerais"],"_links":{"self":[{"href":"https:\/\/aconteceunovale.com.br\/portal\/index.php?rest_route=\/wp\/v2\/posts\/120457","targetHints":{"allow":["GET"]}}],"collection":[{"href":"https:\/\/aconteceunovale.com.br\/portal\/index.php?rest_route=\/wp\/v2\/posts"}],"about":[{"href":"https:\/\/aconteceunovale.com.br\/portal\/index.php?rest_route=\/wp\/v2\/types\/post"}],"author":[{"embeddable":true,"href":"https:\/\/aconteceunovale.com.br\/portal\/index.php?rest_route=\/wp\/v2\/users\/1"}],"replies":[{"embeddable":true,"href":"https:\/\/aconteceunovale.com.br\/portal\/index.php?rest_route=%2Fwp%2Fv2%2Fcomments&post=120457"}],"version-history":[{"count":0,"href":"https:\/\/aconteceunovale.com.br\/portal\/index.php?rest_route=\/wp\/v2\/posts\/120457\/revisions"}],"wp:featuredmedia":[{"embeddable":true,"href":"https:\/\/aconteceunovale.com.br\/portal\/index.php?rest_route=\/wp\/v2\/media\/120458"}],"wp:attachment":[{"href":"https:\/\/aconteceunovale.com.br\/portal\/index.php?rest_route=%2Fwp%2Fv2%2Fmedia&parent=120457"}],"wp:term":[{"taxonomy":"category","embeddable":true,"href":"https:\/\/aconteceunovale.com.br\/portal\/index.php?rest_route=%2Fwp%2Fv2%2Fcategories&post=120457"},{"taxonomy":"post_tag","embeddable":true,"href":"https:\/\/aconteceunovale.com.br\/portal\/index.php?rest_route=%2Fwp%2Fv2%2Ftags&post=120457"}],"curies":[{"name":"wp","href":"https:\/\/api.w.org\/{rel}","templated":true}]}}