{"id":120452,"date":"2017-08-23T15:58:04","date_gmt":"2017-08-23T17:58:04","guid":{"rendered":"http:\/\/aconteceunovale.com.br\/portal\/?p=120452"},"modified":"2017-08-23T15:58:04","modified_gmt":"2017-08-23T17:58:04","slug":"mototaxistas-de-teofilo-otoni-cobram-fiscalizacao-contra-clandestinos","status":"publish","type":"post","link":"https:\/\/aconteceunovale.com.br\/portal\/?p=120452","title":{"rendered":"Mototaxistas de Te\u00f3filo Otoni cobram fiscaliza\u00e7\u00e3o contra clandestinos"},"content":{"rendered":"<p>A Associa\u00e7\u00e3o dos Mototaxistas e Moto frentistas de Te\u00f3filo Otoni (MG) realizou, na tarde de segunda-feira (21\/08\/2017), uma manifesta\u00e7\u00e3o pelas ruas centrais da cidade, finalizada na entrada da Prefeitura. Dezenas de profissionais regularmente cadastrados da categoria participaram do ato. Acompanhados por um carro de som e escoltados pela Pol\u00edcia Militar, eles cobraram do poder p\u00fablico maior fiscaliza\u00e7\u00e3o sobre \u201cos mototaxistas clandestinos\u201d. Segundo a dire\u00e7\u00e3o da associa\u00e7\u00e3o, a competi\u00e7\u00e3o entre legalizados e n\u00e3o legalizados \u00e9 desleal, visto que os n\u00e3o cadastrados n\u00e3o pagam impostos e taxas, ao contr\u00e1rio dos trabalhadores da \u00e1rea que receberam a licen\u00e7a para a explora\u00e7\u00e3o do servi\u00e7o da Prefeitura.<\/p>\n<p>No Pa\u00e7o Municipal eles foram recebidos por uma junta de secret\u00e1rios municipais, j\u00e1 que o prefeito Daniel Sucupira (PT) cumpre agenda em Belo Horizonte. No encontro no gabinete oficial da PMTO, ficou definido que uma nova reuni\u00e3o entre o executivo municipal e representantes da associa\u00e7\u00e3o ser\u00e1 realizada, na pr\u00f3xima ter\u00e7a-feira (29), desta vez com a presen\u00e7a de integrantes das pol\u00edcias Militar e Civil, Minist\u00e9rio P\u00fablico e a C\u00e2mara Municipal.<\/p>\n<p>A administra\u00e7\u00e3o local emitiu uma nota sobre o encontro: \u201cA Prefeitura de Te\u00f3filo Otoni informa que recebeu na tarde desta segunda-feira, 21\/08, a diretoria da Associa\u00e7\u00e3o dos Mototaxistas de Te\u00f3filo Otoni. Na oportunidade ficou acordado uma nova reuni\u00e3o para a pr\u00f3xima ter\u00e7a-feira, 29\/08, na sede da Prefeitura com a presen\u00e7a de representantes do munic\u00edpio, C\u00e2mara Municipal, Pol\u00edcia Militar, Pol\u00edcia Civil, Minist\u00e9rio P\u00fablico, al\u00e9m da classe dos mototaxistas. No encontro desta segunda-feira n\u00e3o foi poss\u00edvel a tomada de decis\u00f5es devido \u00e0 falta de representantes legais de \u00f3rg\u00e3os p\u00fablicos que ajudariam a nortear as demandas trazidas pela classe\u201d.<\/p>\n<p><img decoding=\"async\" src=\"http:\/\/aconteceunovale.com.br\/portal\/wp-content\/uploads\/2017\/08\/protesto_taxi_teo_1.jpg\" alt=\"\" \/><\/p>\n<p><img decoding=\"async\" src=\"http:\/\/aconteceunovale.com.br\/portal\/wp-content\/uploads\/2017\/08\/protesto_taxi_teo_2.jpg\" alt=\"\" \/><br \/>\n<\/br><\/p>\n<p><strong>VER PRIMEIRO<\/strong><\/p>\n<p>Receba as not\u00edcias do Aconteceu no Vale em primeira m\u00e3o. Clique em curtir no endere\u00e7o <a href=\"https:\/\/www.facebook.com\/aconteceunovale\" target=\"_blank\"><font color=\"red\">www.facebook.com\/aconteceunovale<\/font><\/a> ou no box abaixo:<\/p>\n<div class=\"fb-like\" data-href=\"https:\/\/www.facebook.com\/aconteceunovale\" data-width=\"120\" data-layout=\"standard\" data-action=\"like\" data-size=\"small\" data-show-faces=\"true\" data-share=\"true\"><\/div>\n<p><\/br><\/p>\n<p><em>(Fotos e informa\u00e7\u00f5es do Di\u00e1rio de Te\u00f3filo Otoni)<\/em><\/p>\n","protected":false},"excerpt":{"rendered":"<p>A Associa\u00e7\u00e3o dos Mototaxistas e Moto frentistas de Te\u00f3filo Otoni (MG) realizou, na tarde de segunda-feira (21\/08\/2017), uma manifesta\u00e7\u00e3o pelas ruas centrais da cidade, finalizada na entrada da Prefeitura. Dezenas de profissionais regularmente cadastrados da categoria participaram do ato. Acompanhados por um carro de som e escoltados pela Pol\u00edcia Militar, eles cobraram do poder p\u00fablico [&hellip;]<\/p>\n","protected":false},"author":1,"featured_media":120454,"comment_status":"open","ping_status":"closed","sticky":false,"template":"","format":"standard","meta":{"amp_status":"","footnotes":""},"categories":[122],"tags":[158047,158049,158050,158048,164],"class_list":["post-120452","post","type-post","status-publish","format-standard","has-post-thumbnail","hentry","category-mucuri","tag-associacao-dos-mototaxistas-e-moto-frentistas-de-teofilo-otoni","tag-manifestacao-mototaxistas-de-teofilo-otoni","tag-mototaxistas-de-teofilo-otoni-cobram-fiscalizacao-contra-clandestinos","tag-protesto-mototaxistas-de-teofilo-otoni","tag-teofilo-otoni"],"_links":{"self":[{"href":"https:\/\/aconteceunovale.com.br\/portal\/index.php?rest_route=\/wp\/v2\/posts\/120452","targetHints":{"allow":["GET"]}}],"collection":[{"href":"https:\/\/aconteceunovale.com.br\/portal\/index.php?rest_route=\/wp\/v2\/posts"}],"about":[{"href":"https:\/\/aconteceunovale.com.br\/portal\/index.php?rest_route=\/wp\/v2\/types\/post"}],"author":[{"embeddable":true,"href":"https:\/\/aconteceunovale.com.br\/portal\/index.php?rest_route=\/wp\/v2\/users\/1"}],"replies":[{"embeddable":true,"href":"https:\/\/aconteceunovale.com.br\/portal\/index.php?rest_route=%2Fwp%2Fv2%2Fcomments&post=120452"}],"version-history":[{"count":0,"href":"https:\/\/aconteceunovale.com.br\/portal\/index.php?rest_route=\/wp\/v2\/posts\/120452\/revisions"}],"wp:featuredmedia":[{"embeddable":true,"href":"https:\/\/aconteceunovale.com.br\/portal\/index.php?rest_route=\/wp\/v2\/media\/120454"}],"wp:attachment":[{"href":"https:\/\/aconteceunovale.com.br\/portal\/index.php?rest_route=%2Fwp%2Fv2%2Fmedia&parent=120452"}],"wp:term":[{"taxonomy":"category","embeddable":true,"href":"https:\/\/aconteceunovale.com.br\/portal\/index.php?rest_route=%2Fwp%2Fv2%2Fcategories&post=120452"},{"taxonomy":"post_tag","embeddable":true,"href":"https:\/\/aconteceunovale.com.br\/portal\/index.php?rest_route=%2Fwp%2Fv2%2Ftags&post=120452"}],"curies":[{"name":"wp","href":"https:\/\/api.w.org\/{rel}","templated":true}]}}