{"id":120448,"date":"2017-08-23T15:51:57","date_gmt":"2017-08-23T17:51:57","guid":{"rendered":"http:\/\/aconteceunovale.com.br\/portal\/?p=120448"},"modified":"2017-08-23T15:51:57","modified_gmt":"2017-08-23T17:51:57","slug":"exponor-2017-superou-as-expectativas-e-movimentou-a-economia-em-teofilo-otoni","status":"publish","type":"post","link":"https:\/\/aconteceunovale.com.br\/portal\/?p=120448","title":{"rendered":"Exponor 2017 superou as expectativas e movimentou a economia em Te\u00f3filo Otoni"},"content":{"rendered":"<p>A Mostra Empresarial do Nordeste Mineiro (EXPONOR), em sua edi\u00e7\u00e3o 2017, se mostrou um evento maior, melhor e muito mais importante do que se prop\u00f4s a ser quando foi resgatada pela atual gest\u00e3o da Associa\u00e7\u00e3o Comercial e Empresarial (ACE) de Te\u00f3filo Otoni.<\/p>\n<p>De acordo com o presidente da ACE, Ricardo Bastos Peres, assim que assumiu a entidade, pediu ao gerente-executivo Mielly Maya Machado para iniciar a elabora\u00e7\u00e3o de um estudo para resgatar a EXPONOR, mas n\u00e3o apenas como um espa\u00e7o para exposi\u00e7\u00e3o de produtos e servi\u00e7os, como ocorria antes. \u201cA internet, que j\u00e1 estava consolidada em 2013, j\u00e1 fazia isso\u201d, comentou Ricardo. \u201cPrecis\u00e1vamos de algo a mais; precis\u00e1vamos de algo diferente\u201d, explicou ainda o presidente.<\/p>\n<p>E, de fato, a EXPONOR se tornou algo grande e marcante. O pr\u00f3prio Ricardo Bastos assim conceitua: \u201cMais do que uma Mostra Empresarial, a EXPONOR \u00e9 hoje um ecossistema completo e complexo onde empresas e empreendedores de todos os portes e segmentos exp\u00f5em os seus bens, produtos e servi\u00e7os para o p\u00fablico visitante e, ao mesmo tempo, interagem com outros expositores, fornecedores, prestadores de servi\u00e7os para o seu neg\u00f3cio e, assim, oportuniza o surgimento de muitos novos neg\u00f3cios na cidade e regi\u00e3o, gerando emprego, renda e riqueza para a nossa gente\u201d.<\/p>\n<p><img decoding=\"async\" src=\"http:\/\/aconteceunovale.com.br\/portal\/wp-content\/uploads\/2017\/08\/exponor_teo.jpg\" alt=\"\" \/><em>Vista da Exponor 2017 (Foto: Reprodu\u00e7\u00e3o\/Di\u00e1rio de Te\u00f3filo Otoni)<\/em><br \/>\n<\/br><\/p>\n<p><strong>ECOSSISTEMA EMPRESARIAL<\/strong><\/p>\n<p>Para o vice-presidente da ACE, empres\u00e1rio Sebasti\u00e3o Ribeiro de Souza, o Ti\u00e3o da Jhiane, a EXPONOR tem crescido todos os anos e se tornado a maior express\u00e3o da capacidade do nosso empresariado local se organizar em torno de objetivos comuns e criar um verdadeiro ecossistema empresarial em que todos ganham. \u201cGra\u00e7as ao nosso crescimento exponencial, neste ano pudemos ter a Feira Internacional de Pedras Preciosas sendo realizada paralelamente \u00e0 EXPONOR. Eu tenho certeza que, a partir daqui, continuaremos a crescer sempre mais e mais com a for\u00e7a da nossa equipe de trabalho\u201d, argumentou Ti\u00e3o.<\/p>\n<p>Por sua vez, o empres\u00e1rio Ricardo Bastos, falando sobre a import\u00e2ncia desse complexo ecossistema empresarial, explicou que \u201cA EXPONOR \u00e9 o resultado da ACE e outras entidades parceiras, todas representando o terceiro setor, darem um norte para o desenvolvimento econ\u00f4mico da nossa regi\u00e3o. O terceiro setor d\u00e1 o norte. O setor p\u00fablico, representado pelo apoio que recebemos do Governo do Estado e tamb\u00e9m da Prefeitura, nos ajuda com a infraestrutura. E a classe empresarial se soma a essa jun\u00e7\u00e3o de for\u00e7as incrementando o projeto e tornando-o vi\u00e1vel\u201d, defendeu Ricardo.<\/p>\n<p><strong>ESPA\u00c7O IT<\/strong><\/p>\n<p>O \u201cEspa\u00e7o It\u201d, da blogueira Vivi Ribeiro, foi, por sua vez, uma atra\u00e7\u00e3o \u00e0 parte durante os quatro dias do evento. Logo na primeira noite Vivi Ribeiro promoveu, no \u201cEspa\u00e7o It\u201d, o lan\u00e7amento da cole\u00e7\u00e3o Moda Resort Vivi Ribeiro, assinada pelo estilista Kleber Vieira. A partir da noite de sexta-feira foram promovidos desfiles dos parceiros do \u201cEspa\u00e7o It\u201d, que tornaram o espa\u00e7o ainda mais agrad\u00e1vel do que nas edi\u00e7\u00f5es anteriores. A blogger Vivi Ribeiro se disse muito contente com os resultados e deixou o p\u00fablico com um gostinho de \u201cquero mais\u201d para a edi\u00e7\u00e3o do ano que vem do \u201cEspa\u00e7o It\u201d.<\/p>\n<p><strong>PROGRAMA\u00c7\u00c3O CULTURAL<\/strong><\/p>\n<p>Todas as noites uma vasta programa\u00e7\u00e3o cultural atra\u00eda milhares de pessoas ao espa\u00e7o da Mostra Empresarial. Havia shows gratuitos todas as noites no \u201cEspa\u00e7o It\u201d, da blogger Vivi Ribeiro, e tamb\u00e9m na Pra\u00e7a de Alimenta\u00e7\u00e3o do Pavilh\u00e3o de Exposi\u00e7\u00f5es.<\/p>\n<p>Na sexta-feira, 18, o artista \u201cPereira da Viola\u201d, recentemente homenageado com o t\u00edtulo de Garimpeiro do Ano de Te\u00f3filo Otoni, promoveu uma espetacular apresenta\u00e7\u00e3o de m\u00fasica raiz e moda de viola.<\/p>\n<p>No s\u00e1bado, duas mega-apresenta\u00e7\u00f5es lotaram o espa\u00e7o de shows do Estacionamento do EXPOMINAS. O primeiro, com Jorge Vercillo, e o segundo com a Banda Falamansa. Foi um verdadeiro espet\u00e1culo de bom gosto musical.<\/p>\n<p>No domingo, 20, houve show com o Anima Kids a partir das 11h da manh\u00e3, al\u00e9m de continuarem as apresenta\u00e7\u00f5es com artistas locais e regionais.<\/p>\n<p><strong>RESULTADOS<\/strong><\/p>\n<p>Para Mielly Maya Machado, gerente-executivo da ACE, a EXPONOR, como bem colocou o presidente Ricardo Bastos, se tornou um evento maior, melhor e mais complexo do que originalmente planejado.<\/p>\n<p>\u201cN\u00f3s tivemos 176 estandes comercializados com pelo menos um m\u00eas de anteced\u00eancia em rela\u00e7\u00e3o \u00e0 data da Mostra\u201d, explicou Mielly, que continuou: \u201cIsso demonstra a credibilidade que os empres\u00e1rios da cidade e regi\u00e3o depositam na EXPONOR. Gra\u00e7as a esta credibilidade adquirida, neste ano pudemos contar, tamb\u00e9m, com a realiza\u00e7\u00e3o paralela da Feira Internacional de Pedras Preciosas, a FIPP; um maior engajamento do p\u00fablico para com o \u201cEspa\u00e7o It\u201d; al\u00e9m de shows de alt\u00edssimo n\u00edvel que foram coordenados pelo produtor Lula Guedes. A realiza\u00e7\u00e3o da Mostra j\u00e1 demandou, por si s\u00f3, um volume de neg\u00f3cios superior a R$ 1,5 milh\u00e3o de investimentos. Durante os quatro dias de realiza\u00e7\u00e3o da EXPONOR estimamos a realiza\u00e7\u00e3o de uma movimenta\u00e7\u00e3o superior a R$ 4 milh\u00f5es apenas na \u00e1rea interna do evento\u201d, finalizou Mielly.<\/p>\n<p><strong>EXPECTATIVA DE FUTURO<\/strong><\/p>\n<p>Para os pr\u00f3ximos anos o presidente da ACE, Ricardo Bastos prop\u00f5e aumentar o n\u00famero de parcerias da Mostra: \u201cQuem sabe podemos realizar, assim como fizemos este ano a EXPONOR e a FIPP, a Exposi\u00e7\u00e3o Agropecu\u00e1ria e outros eventos paralelos tamb\u00e9m?\u201d E, mais do que isso, Ricardo explicou que sua meta \u00e9 transformar a EXPONOR numa refer\u00eancia de progresso devolvendo a Te\u00f3filo Otoni a sua condi\u00e7\u00e3o de cidade-polo da economia regional, e tamb\u00e9m o seu protagonismo entre as mais importantes cidades de Minas Gerais.<\/p>\n<p><strong>VER PRIMEIRO<\/strong><\/p>\n<p>Receba as not\u00edcias do Aconteceu no Vale em primeira m\u00e3o. Clique em curtir no endere\u00e7o <a href=\"https:\/\/www.facebook.com\/aconteceunovale\" target=\"_blank\"><font color=\"red\">www.facebook.com\/aconteceunovale<\/font><\/a> ou no box abaixo:<\/p>\n<div class=\"fb-like\" data-href=\"https:\/\/www.facebook.com\/aconteceunovale\" data-width=\"120\" data-layout=\"standard\" data-action=\"like\" data-size=\"small\" data-show-faces=\"true\" data-share=\"true\"><\/div>\n<p><\/br><\/p>\n<p><em>(Fonte: ACE)<\/em><\/p>\n","protected":false},"excerpt":{"rendered":"<p>A Mostra Empresarial do Nordeste Mineiro (EXPONOR), em sua edi\u00e7\u00e3o 2017, se mostrou um evento maior, melhor e muito mais importante do que se prop\u00f4s a ser quando foi resgatada pela atual gest\u00e3o da Associa\u00e7\u00e3o Comercial e Empresarial (ACE) de Te\u00f3filo Otoni. De acordo com o presidente da ACE, Ricardo Bastos Peres, assim que assumiu [&hellip;]<\/p>\n","protected":false},"author":1,"featured_media":120449,"comment_status":"open","ping_status":"closed","sticky":false,"template":"","format":"standard","meta":{"amp_status":"","footnotes":""},"categories":[125,122],"tags":[158036,158037,158038,55263,158046,158043,158033,158034,158045,158040,11757,158035,158044,158039,158041,164,158042,47292],"class_list":["post-120448","post","type-post","status-publish","format-standard","has-post-thumbnail","hentry","category-noticias","category-mucuri","tag-ace","tag-ace-de-teofilo-otoni","tag-associacao-comercial-e-empresarial-de-teofilo-otoni","tag-blogueira-vivi-ribeiro","tag-economia-de-teofilo-otoni","tag-espaco-it","tag-exponor","tag-exponor-2017","tag-exponor-2017-superou-as-expectativas-e-movimentou-a-economia-em-teofilo-otoni","tag-mielly-maya-machado","tag-mostra-empresarial-do-nordeste-mineiro","tag-mostra-empresarial-do-nordeste-mineiro-2017","tag-pereira-da-viola","tag-ricardo-bastos-peres","tag-sebastiao-ribeiro-de-souza","tag-teofilo-otoni","tag-tiao-da-jhiane","tag-vivi-ribeiro"],"_links":{"self":[{"href":"https:\/\/aconteceunovale.com.br\/portal\/index.php?rest_route=\/wp\/v2\/posts\/120448","targetHints":{"allow":["GET"]}}],"collection":[{"href":"https:\/\/aconteceunovale.com.br\/portal\/index.php?rest_route=\/wp\/v2\/posts"}],"about":[{"href":"https:\/\/aconteceunovale.com.br\/portal\/index.php?rest_route=\/wp\/v2\/types\/post"}],"author":[{"embeddable":true,"href":"https:\/\/aconteceunovale.com.br\/portal\/index.php?rest_route=\/wp\/v2\/users\/1"}],"replies":[{"embeddable":true,"href":"https:\/\/aconteceunovale.com.br\/portal\/index.php?rest_route=%2Fwp%2Fv2%2Fcomments&post=120448"}],"version-history":[{"count":0,"href":"https:\/\/aconteceunovale.com.br\/portal\/index.php?rest_route=\/wp\/v2\/posts\/120448\/revisions"}],"wp:featuredmedia":[{"embeddable":true,"href":"https:\/\/aconteceunovale.com.br\/portal\/index.php?rest_route=\/wp\/v2\/media\/120449"}],"wp:attachment":[{"href":"https:\/\/aconteceunovale.com.br\/portal\/index.php?rest_route=%2Fwp%2Fv2%2Fmedia&parent=120448"}],"wp:term":[{"taxonomy":"category","embeddable":true,"href":"https:\/\/aconteceunovale.com.br\/portal\/index.php?rest_route=%2Fwp%2Fv2%2Fcategories&post=120448"},{"taxonomy":"post_tag","embeddable":true,"href":"https:\/\/aconteceunovale.com.br\/portal\/index.php?rest_route=%2Fwp%2Fv2%2Ftags&post=120448"}],"curies":[{"name":"wp","href":"https:\/\/api.w.org\/{rel}","templated":true}]}}