{"id":120442,"date":"2017-08-23T14:11:07","date_gmt":"2017-08-23T16:11:07","guid":{"rendered":"http:\/\/aconteceunovale.com.br\/portal\/?p=120442"},"modified":"2017-08-23T14:11:07","modified_gmt":"2017-08-23T16:11:07","slug":"bebe-vai-escolher-o-proprio-genero-decidem-pais","status":"publish","type":"post","link":"https:\/\/aconteceunovale.com.br\/portal\/?p=120442","title":{"rendered":"Beb\u00ea vai escolher o pr\u00f3prio g\u00eanero, decidem pais"},"content":{"rendered":"<p>A cena mais comum depois do nascimento de uma crian\u00e7a \u00e9 quando se come\u00e7a a perguntar: \u201c\u00c9 menino ou menina?\u201d. Mas, ao ouvir essa indaga\u00e7\u00e3o, o casal Taynan Carneiro, 18, e Yudi Luiz Santos, 25, simplesmente responde: \u201c\u00c9 um beb\u00ea\u201d.<\/p>\n<p>Desde que Ariel veio ao mundo \u2013 no dia 4 de julho \u2013, o casal, que mora em Camaragibe, em Pernambuco, decidiu que o rec\u00e9m-nascido vai escolher seu pr\u00f3prio g\u00eanero, quando quiser. Para refor\u00e7ar esse posicionamento, os pais decidiram dar um nome que n\u00e3o \u00e9 exclusivo de um sexo.<\/p>\n<p>Apesar da felicidade em conviver com a maternidade e convicta da educa\u00e7\u00e3o que pretende dar a Ariel, Taynan est\u00e1 perplexa com os coment\u00e1rios de \u00f3dio que internautas fizeram depois que a hist\u00f3ria viralizou nas redes sociais nas redes, desde essa ter\u00e7a-feira (22). Os xingamentos, por\u00e9m, n\u00e3o interferem na forma como o beb\u00ea ser\u00e1 criado.<\/p>\n<p>\u201cEstou estressada por conta dos coment\u00e1rios. Estou em choque. A sociedade tem que aprender a abrir a mente, \u00e9 uma coisa de constru\u00e7\u00e3o. Deixa a crian\u00e7a viver, ser feliz. Ele n\u00e3o precisa de um g\u00eanero para ser uma crian\u00e7a. Ariel acordou chorando desesperadamente com esse monte de energia ruim para ele, e eu, sem entender o choro\u201d, afirmou a m\u00e3e, firme diante de toda a situa\u00e7\u00e3o.<\/p>\n<p>Muitos amigos est\u00e3o deixando mensagens de apoio nas redes sociais para ela. \u201cVou at\u00e9 repetir o que voc\u00eas j\u00e1 sabem. O que importa \u00e9 o amor dos que nos cercam\u201d, disse um. \u201cSeu beb\u00ea \u00e9 lindo, que tenha muita luz e cres\u00e7a saud\u00e1vel\u201d, disse outro.<\/p>\n<p>O pai da crian\u00e7a tamb\u00e9m registrou em seu perfil o apoio \u00e0 cria\u00e7\u00e3o de Ariel. \u201cSai da frente com seu \u00f3dio, n\u00f3s vamos passar com nosso amor\u201d, afirmou Yudi em uma rede social.<\/p>\n<p><img decoding=\"async\" src=\"http:\/\/aconteceunovale.com.br\/portal\/wp-content\/uploads\/2017\/08\/bebe_genero.jpg\" alt=\"\" \/><em>Yudi e Taynan com Ariel (Foto: Reprodu\u00e7\u00e3o\/Facebook)<\/em><br \/>\n<\/br><\/p>\n<p><strong>Gravidez<\/strong><\/p>\n<p>O relacionamento de Taynan e Yudi, que \u00e9 um homem transexual, come\u00e7ou em 2015, mas foi interrompido em 2016. No mesmo ano, Taynan conheceu o pai biol\u00f3gico de Ariel, Andr\u00e9 dos Santos, e acabou engravidando. Meses depois, o relacionamento terminou. Taynan reatou o namoro com Yudi, que acompanhou toda a gravidez.<\/p>\n<p><strong>Fam\u00edlia<\/strong><\/p>\n<p>Andr\u00e9 dos Santos \u00e9 o pai biol\u00f3gico de Ariel. Yudi dos Santos \u00e9 o pai afetivo. Ele o ajudou a nascer de parto normal, fazendo massagens e segurando a m\u00e3o da companheira.<\/p>\n<h3>MINI ENTREVISTA<\/h3>\n<p><strong>Taynan Carneiro &#8211; M\u00e3e de Ariel<\/strong><\/p>\n<p><strong>Como o beb\u00ea Ariel foi registrado ap\u00f3s o nascimento? <\/strong>Tivemos que colocar o sexo masculino na certid\u00e3o porque a Justi\u00e7a brasileira n\u00e3o permite que o espa\u00e7o fique em branco ou que seja preenchido por outra classifica\u00e7\u00e3o.<\/p>\n<p><strong>Como pretendem fazer quanto a isso? <\/strong>Esperamos que o pa\u00eds mude as leis e permita a op\u00e7\u00e3o de deixar em branco o espa\u00e7o para g\u00eanero. Se isso n\u00e3o acontecer at\u00e9 o Ariel crescer, e caso ele n\u00e3o se identifique com o g\u00eanero masculino que precisamos registr\u00e1-lo, ele vai passar pelo mesmo processo do Yudi, que entrou na Justi\u00e7a para trocar os documentos.<\/p>\n<p><strong>Ariel foi registrado com o nome do pai biol\u00f3gico e do pai afetivo? <\/strong>Infelizmente, n\u00e3o foi poss\u00edvel. Vamos esperar que o processo do Yudi seja aprovado e, logo depois, vamos entrar com uma a\u00e7\u00e3o para acrescentar o nome dele na certid\u00e3o, ficando dois pais e uma m\u00e3e no documento.<\/p>\n<h3>Canad\u00e1 j\u00e1 tem beb\u00ea sem g\u00eanero<\/h3>\n<p>No dia em que Ariel nasceu \u2013 4 de julho deste ano \u2013, um fato in\u00e9dito e similar aconteceu no Canad\u00e1. Um beb\u00ea, com 9 meses hoje, recebeu um cart\u00e3o de sa\u00fade sem um identificador de g\u00eanero. \u00c9 o primeiro caso divulgado, no mundo, de um rec\u00e9m-nascido ag\u00eanero.<\/p>\n<p>Kori Doty \u2013 transg\u00eanero n\u00e3o bin\u00e1rio que n\u00e3o se identifica com pronomes nem no masculino nem no feminino \u2013 afirmou que quer dar oportunidade ao filho de descobrir seu pr\u00f3prio g\u00eanero. O cart\u00e3o de sa\u00fade da crian\u00e7a ter\u00e1 um \u201cU\u201d no espa\u00e7o reservado para \u201csexo\u201d, letra que simbolizar\u00e1 \u201cindeterminado\u201d ou \u201cn\u00e3o atribu\u00eddo\u201d.<\/p>\n<p>Doty deu \u00e0 luz Searyl Atli em novembro no Estado de Col\u00fambia Brit\u00e2nica. Doty, que se refere \u00e0 crian\u00e7a com o pronome \u201cthey\u201d (que pode ser traduzido como \u201celes\u201d ou \u201celas\u201d em portugu\u00eas), em vez de \u201cele\u201d ou \u201cela\u201d, argumentando que n\u00e3o \u00e9 necessariamente pelo g\u00eanero determinado ao nascer que uma pessoa se identificar\u00e1 ao longo da vida.<\/p>\n<p>Atualmente, o progenitor quer tirar a categoria sexo de todos o documentos oficiais de Searyl. H\u00e1 uma a\u00e7\u00e3o na Justi\u00e7a canadense para que a letra \u201cU\u201d, inicialmente colocada na certid\u00e3o de nascimento, seja apagada para que o espa\u00e7o fique em branco.<\/p>\n<p><strong>VER PRIMEIRO<\/strong><\/p>\n<p>Receba as not\u00edcias do Aconteceu no Vale em primeira m\u00e3o. Clique em curtir no endere\u00e7o <a href=\"https:\/\/www.facebook.com\/aconteceunovale\" target=\"_blank\"><font color=\"red\">www.facebook.com\/aconteceunovale<\/font><\/a> ou no box abaixo:<\/p>\n<div class=\"fb-like\" data-href=\"https:\/\/www.facebook.com\/aconteceunovale\" data-width=\"120\" data-layout=\"standard\" data-action=\"like\" data-size=\"small\" data-show-faces=\"true\" data-share=\"true\"><\/div>\n<p><\/br><\/p>\n<p><em>(Fonte: O Tempo \/ Rep\u00f3rter: Thuany Motta)<\/em><\/p>\n","protected":false},"excerpt":{"rendered":"<p>A cena mais comum depois do nascimento de uma crian\u00e7a \u00e9 quando se come\u00e7a a perguntar: \u201c\u00c9 menino ou menina?\u201d. Mas, ao ouvir essa indaga\u00e7\u00e3o, o casal Taynan Carneiro, 18, e Yudi Luiz Santos, 25, simplesmente responde: \u201c\u00c9 um beb\u00ea\u201d. Desde que Ariel veio ao mundo \u2013 no dia 4 de julho \u2013, o casal, [&hellip;]<\/p>\n","protected":false},"author":1,"featured_media":120443,"comment_status":"open","ping_status":"closed","sticky":false,"template":"","format":"standard","meta":{"amp_status":"","footnotes":""},"categories":[6],"tags":[71017,158027,158024,158028,158031,91038,21604,158023,158032,158026,158029,12300,158030,158021,158025,158022],"class_list":["post-120442","post","type-post","status-publish","format-standard","has-post-thumbnail","hentry","category-br","tag-andre-dos-santos","tag-ariel","tag-bebe-sem-genero","tag-bebe-sem-genero-do-canada","tag-bebe-vai-escolher-o-proprio-genero","tag-camaragibe","tag-canada","tag-crianca-sem-genero","tag-decidem-pais","tag-filho-de-taynan-e-yudi","tag-kori-doty","tag-pernambuco","tag-searyl-atli","tag-taynan-carneiro","tag-taynan-e-yudi","tag-yudi-luiz-santos"],"_links":{"self":[{"href":"https:\/\/aconteceunovale.com.br\/portal\/index.php?rest_route=\/wp\/v2\/posts\/120442","targetHints":{"allow":["GET"]}}],"collection":[{"href":"https:\/\/aconteceunovale.com.br\/portal\/index.php?rest_route=\/wp\/v2\/posts"}],"about":[{"href":"https:\/\/aconteceunovale.com.br\/portal\/index.php?rest_route=\/wp\/v2\/types\/post"}],"author":[{"embeddable":true,"href":"https:\/\/aconteceunovale.com.br\/portal\/index.php?rest_route=\/wp\/v2\/users\/1"}],"replies":[{"embeddable":true,"href":"https:\/\/aconteceunovale.com.br\/portal\/index.php?rest_route=%2Fwp%2Fv2%2Fcomments&post=120442"}],"version-history":[{"count":0,"href":"https:\/\/aconteceunovale.com.br\/portal\/index.php?rest_route=\/wp\/v2\/posts\/120442\/revisions"}],"wp:featuredmedia":[{"embeddable":true,"href":"https:\/\/aconteceunovale.com.br\/portal\/index.php?rest_route=\/wp\/v2\/media\/120443"}],"wp:attachment":[{"href":"https:\/\/aconteceunovale.com.br\/portal\/index.php?rest_route=%2Fwp%2Fv2%2Fmedia&parent=120442"}],"wp:term":[{"taxonomy":"category","embeddable":true,"href":"https:\/\/aconteceunovale.com.br\/portal\/index.php?rest_route=%2Fwp%2Fv2%2Fcategories&post=120442"},{"taxonomy":"post_tag","embeddable":true,"href":"https:\/\/aconteceunovale.com.br\/portal\/index.php?rest_route=%2Fwp%2Fv2%2Ftags&post=120442"}],"curies":[{"name":"wp","href":"https:\/\/api.w.org\/{rel}","templated":true}]}}