{"id":120434,"date":"2017-08-23T12:41:12","date_gmt":"2017-08-23T14:41:12","guid":{"rendered":"http:\/\/aconteceunovale.com.br\/portal\/?p=120434"},"modified":"2017-08-23T12:41:12","modified_gmt":"2017-08-23T14:41:12","slug":"governo-estuda-liberar-saque-do-saldo-do-pis-e-do-pasep-para-idosos","status":"publish","type":"post","link":"https:\/\/aconteceunovale.com.br\/portal\/?p=120434","title":{"rendered":"Governo estuda liberar saque do saldo do PIS e do Pasep para idosos"},"content":{"rendered":"<p>O governo estuda liberar o saque do saldo do Programa de Integra\u00e7\u00e3o Social (PIS) e do Programa de Forma\u00e7\u00e3o do Patrim\u00f4nio do Servidor P\u00fablico (Pasep) para idosos, disse hoje (23) o ministro da Fazenda, Henrique Meirelles, ap\u00f3s participar de palestra, em Bras\u00edlia, durante o Congresso A\u00e7o Brasil.<\/p>\n<p>Ele n\u00e3o adiantou as regras, como idade para libera\u00e7\u00e3o do saque, e quanto ser\u00e1 liberado. Disse que a proposta est\u00e1 em discuss\u00e3o com o presidente Michel Temer.<\/p>\n<p>\u201cEstamos estudando isso. \u00c9 projeto j\u00e1 em andamento, em discuss\u00e3o com o presidente. Vamos anunciar isso quando estiver de fato tudo aprovado\u201d, afirmou.<\/p>\n<p><strong>Quem tem direito<\/strong><\/p>\n<p>Atualmente, os trabalhadores t\u00eam direito ao abono salarial e rendimentos do PIS\/Pasep desde que cadastrados como participantes dos fundos at\u00e9 4 de outubro de 1988 e n\u00e3o tenham sacado o saldo. A Caixa, respons\u00e1vel pelo PIS, e o Banco do Brasil, administrador do Pasep, fazem esse pagamento de acordo com um calend\u00e1rio anual.<\/p>\n<p>O saque do saldo principal \u00e9 permitido atualmente nos seguintes casos: aposentadoria; 70 anos completos; invalidez; reforma militar ou transfer\u00eancia para a reserva remunerada; c\u00e2ncer de titular ou de dependentes; portador de HIV; amparo social ao idoso, concedido pela Previd\u00eancia; amparo assistencial a portadores de defici\u00eancia da Previd\u00eancia; falecimento e em casos de doen\u00e7as graves.<\/p>\n<p><strong>VER PRIMEIRO<\/strong><\/p>\n<p>Receba as not\u00edcias do Aconteceu no Vale em primeira m\u00e3o. Clique em curtir no endere\u00e7o <a href=\"https:\/\/www.facebook.com\/aconteceunovale\" target=\"_blank\"><font color=\"red\">www.facebook.com\/aconteceunovale<\/font><\/a> ou no box abaixo:<\/p>\n<div class=\"fb-like\" data-href=\"https:\/\/www.facebook.com\/aconteceunovale\" data-width=\"120\" data-layout=\"standard\" data-action=\"like\" data-size=\"small\" data-show-faces=\"true\" data-share=\"true\"><\/div>\n<p><\/br><\/p>\n<p><em>(Fonte: Ag\u00eancia Brasil)<\/em><\/p>\n","protected":false},"excerpt":{"rendered":"<p>O governo estuda liberar o saque do saldo do Programa de Integra\u00e7\u00e3o Social (PIS) e do Programa de Forma\u00e7\u00e3o do Patrim\u00f4nio do Servidor P\u00fablico (Pasep) para idosos, disse hoje (23) o ministro da Fazenda, Henrique Meirelles, ap\u00f3s participar de palestra, em Bras\u00edlia, durante o Congresso A\u00e7o Brasil. Ele n\u00e3o adiantou as regras, como idade para [&hellip;]<\/p>\n","protected":false},"author":1,"featured_media":104369,"comment_status":"open","ping_status":"closed","sticky":false,"template":"","format":"standard","meta":{"amp_status":"","footnotes":""},"categories":[6],"tags":[25698,158009,93872,43289,158012,158010,158011,76282,30677,158008],"class_list":["post-120434","post","type-post","status-publish","format-standard","has-post-thumbnail","hentry","category-br","tag-governo","tag-governo-estuda-liberar-saque-do-saldo-do-pis-e-do-pasep-para-idosos","tag-henrique-meirelles","tag-liberacao","tag-liberacao-de-saque-do-pis-pasep-para-idosos","tag-liberacao-do-pis-para-idosos","tag-liberacao-do-pis-pasep-para-idosos","tag-pasep","tag-pis","tag-saldo"],"_links":{"self":[{"href":"https:\/\/aconteceunovale.com.br\/portal\/index.php?rest_route=\/wp\/v2\/posts\/120434","targetHints":{"allow":["GET"]}}],"collection":[{"href":"https:\/\/aconteceunovale.com.br\/portal\/index.php?rest_route=\/wp\/v2\/posts"}],"about":[{"href":"https:\/\/aconteceunovale.com.br\/portal\/index.php?rest_route=\/wp\/v2\/types\/post"}],"author":[{"embeddable":true,"href":"https:\/\/aconteceunovale.com.br\/portal\/index.php?rest_route=\/wp\/v2\/users\/1"}],"replies":[{"embeddable":true,"href":"https:\/\/aconteceunovale.com.br\/portal\/index.php?rest_route=%2Fwp%2Fv2%2Fcomments&post=120434"}],"version-history":[{"count":0,"href":"https:\/\/aconteceunovale.com.br\/portal\/index.php?rest_route=\/wp\/v2\/posts\/120434\/revisions"}],"wp:featuredmedia":[{"embeddable":true,"href":"https:\/\/aconteceunovale.com.br\/portal\/index.php?rest_route=\/wp\/v2\/media\/104369"}],"wp:attachment":[{"href":"https:\/\/aconteceunovale.com.br\/portal\/index.php?rest_route=%2Fwp%2Fv2%2Fmedia&parent=120434"}],"wp:term":[{"taxonomy":"category","embeddable":true,"href":"https:\/\/aconteceunovale.com.br\/portal\/index.php?rest_route=%2Fwp%2Fv2%2Fcategories&post=120434"},{"taxonomy":"post_tag","embeddable":true,"href":"https:\/\/aconteceunovale.com.br\/portal\/index.php?rest_route=%2Fwp%2Fv2%2Ftags&post=120434"}],"curies":[{"name":"wp","href":"https:\/\/api.w.org\/{rel}","templated":true}]}}