{"id":120429,"date":"2017-08-23T10:40:42","date_gmt":"2017-08-23T12:40:42","guid":{"rendered":"http:\/\/aconteceunovale.com.br\/portal\/?p=120429"},"modified":"2017-08-23T10:40:42","modified_gmt":"2017-08-23T12:40:42","slug":"11a-mostra-cinebh-reune-101-filmes-e-propoe-debate-sobre-o-cinema-de-urgencia","status":"publish","type":"post","link":"https:\/\/aconteceunovale.com.br\/portal\/?p=120429","title":{"rendered":"11\u00aa Mostra CineBH re\u00fane 101 filmes e prop\u00f5e debate sobre o cinema de urg\u00eancia"},"content":{"rendered":"<p>A Mostra Internacional de Cinema de Belo Horizonte, ou simplesmente CineBH, fez na noite de ontem (22) a abertura de sua 11\u00aa edi\u00e7\u00e3o. Na cerim\u00f4nia, o tema &#8220;cinema de urg\u00eancia&#8221; foi apresentado por meio de performances e de um v\u00eddeo. A proposta \u00e9 oferecer um espa\u00e7o para a discuss\u00e3o da produ\u00e7\u00e3o de filmes em contextos de crise social e pol\u00edtica.<\/p>\n<p>O evento \u00e9 produzido pela Universo Produ\u00e7\u00f5es, que tamb\u00e9m organiza as mostras de cinema de Tiradentes e de Ouro Preto. Nesta edi\u00e7\u00e3o, que vai at\u00e9 domingo (27), ser\u00e3o exibidos 101 filmes de seis estados brasileiros e de mais 15 pa\u00edses. S\u00e3o 41 longas-metragem, um m\u00e9dia-metragem e 59 curtas.<\/p>\n<p>A programa\u00e7\u00e3o, dispon\u00edvel na\u00a0<span style=\"text-decoration: underline;\"><span style=\"color: #ff0000;\"><a href=\"http:\/\/www.cinebh.com.br\/programacao\/programacao-completa\" target=\"_blank\"><span style=\"color: #ff0000; text-decoration: underline;\">p\u00e1gina do evento<\/span><\/a><\/span><\/span>, inclui ainda exposi\u00e7\u00f5es, semin\u00e1rios, apresenta\u00e7\u00f5es art\u00edsticas e\u00a0<em>shows<\/em>. Todas as atividades s\u00e3o abertas ao p\u00fablico e gratuitas. As sess\u00f5es cinematogr\u00e1ficas est\u00e3o sujeitas \u00e0 lota\u00e7\u00e3o dos espa\u00e7os e, por essa raz\u00e3o, senhas ser\u00e3o distribu\u00eddas com 30 minutos de anteced\u00eancia.<\/p>\n<p><img decoding=\"async\" src=\"http:\/\/aconteceunovale.com.br\/portal\/wp-content\/uploads\/2017\/08\/mostra_bh.jpg\" alt=\"\" \/><em>Na abertura da Mostra Internacional de Cinema de Belo Horizonte, o tema &#8220;cinema de urg\u00eancia&#8221; foi apresentado por meio de performances e de um v\u00eddeo (Foto: L\u00e9o Rodrigues\/Ag\u00eancia Brasil)<\/em><br \/>\n<\/br><\/p>\n<p><strong>Cinema de urg\u00eancia<\/strong><\/p>\n<p>Raquel Hallak, diretora da Universo Produ\u00e7\u00f5es e coordenadora-geral do CineBH, explica que a ideia de debater o cinema de urg\u00eancia foi motivada pelo atual cen\u00e1rio social e pol\u00edtico do Brasil e do mundo. &#8220;Estamos vivendo uma crise e, no calor dos acontecimentos, como o cinema est\u00e1 retratando isso, em um momento onde temos c\u00e2meras por todas as partes?&#8221;, questiona.<\/p>\n<p>De acordo com a locu\u00e7\u00e3o do v\u00eddeo exibido na cerim\u00f4nia de abertura, a crise \u00e9 o momento onde a realidade convoca o cinema, exigindo o registro e uma reflex\u00e3o sobre os acontecimentos. &#8220;H\u00e1 urg\u00eancia em nadar contra a corrente dos fluxos narrativos dominantes. Filmes que cada um a seu modo prometem produzir uma contranarrativa \u00e0 avalanche midi\u00e1tica que acompanha essa profunda crise pol\u00edtica. Mas, no cinema, a urg\u00eancia \u00e9 de outra ordem. Por mais emergencial que seja o conte\u00fado de um filme, ele demanda novamente tempo&#8221;, diz o locutor.<\/p>\n<p>As performances de artistas levantaram ainda reflex\u00f5es ligadas ao racismo, ao machismo e \u00e0 homofobia. &#8220;As mostras da Universo Produ\u00e7\u00f5es est\u00e3o atentas ao mundo atual. N\u00f3s, realizadores, precisamos colocar essas quest\u00f5es para o p\u00fablico e dialogar com a plateia. Afinal, esses eventos s\u00e3o instrumentos tamb\u00e9m de transforma\u00e7\u00e3o social e o cinema deve se aproximar desses temas que est\u00e3o a\u00ed espalhadas, nas redes, na ruas, nos movimentos, nos coletivos&#8221;, diz Raquel Hallak.<\/p>\n<p><strong>Descentraliza\u00e7\u00e3o<\/strong><\/p>\n<p>A Mostra CineBH surgiu em 2007 com a proposta de criar para a capital do estado um evento representativo. O evento surgiu tamb\u00e9m da preocupa\u00e7\u00e3o com o fato de que os filmes exibidos na Mostra de Cinema de Tiradentes n\u00e3o estavam tendo visibilidade em Belo Horizonte e no restante dos munic\u00edpios mineiros.<\/p>\n<p>Para ampliar o alcance do evento, que foi crescendo ano a ano, a mostra vem investindo cada vez mais em uma programa\u00e7\u00e3o descentralizada. Neste ano, as atividades ocorrem em dez espa\u00e7os distintos de Belo Horizonte, entre eles o Teatro Sesiminas, o Sesc Palladium, o Cine Theatro Brasil Vallourec, o Cine Santa Tereza e as pra\u00e7as da Esta\u00e7\u00e3o e Duque de Caxias.<\/p>\n<p>A CineBH tem ainda como objetivo potencializar o mercado audiovidual brasleiro, possibilitando o interc\u00e2mbio de profissionais e dando visibilidade a novos autores, atores e outros talentos. Tamb\u00e9m com essa preocupa\u00e7\u00e3o, foi criada em 2009 o Brasil Cinemundi, um evento que chega a sua oitava edi\u00e7\u00e3o e ocorre simultaneamente com a CineBH. Trata-se de um encontro internacional de coprodu\u00e7\u00e3o, que re\u00fane representantes da ind\u00fastria mundial com interesse em coproduzir com o Brasil e conhecer pessoalmente projetos que muitas vezes n\u00e3o chegam at\u00e9 eles.<\/p>\n<p>Outro evento que tamb\u00e9m est\u00e1 dialogando com a CineBH e compartilhando a programa\u00e7\u00e3o \u00e9 o MAX Minas Gerais Audiovisual Expo. Realizado pela primeira vez no ano passado por meio de parceria entre o governo de Minas Gerais e o Servi\u00e7o Brasileiro de Apoio \u00e0s Micro e Pequenas Empresas (Sebrae), ele busca oferecer oportunidades de neg\u00f3cios, fortalecer a cadeia produtiva do audivisual e aumentar a competitividade da ind\u00fastria criativa no estado.<\/p>\n<p><strong>Homenagem<\/strong><\/p>\n<p>O principal homenageado da 11\u00aa CineBH \u00e9 o ator, cr\u00edtico e cineasta franc\u00eas Pierre Le\u00f3n. Nesta noite, ele recebeu um trof\u00e9u simb\u00f3lico. Com uma vasta produ\u00e7\u00e3o independente no curr\u00edculo, sua obra \u00e9 praticamente desconhecida do p\u00fablico brasileiro. Com o objetivo de divulgar este trabalho, foi inclu\u00eddo na programa\u00e7\u00e3o uma retrospectiva com 14 filmes do cineasta, quase todos in\u00e9ditos no Brasil.<\/p>\n<p>&#8220;Foi a escolha de um autor com uma cinematografia diversificada que se aproxima do perfil da mostra. E \u00e9 uma oportunidade de trazer um nome muito desconhecido no Brasil e pouco reconhecido na Fran\u00e7a. Eu acho que os festivais t\u00eam esse papel, de apontar talentos que ficam muitas vezes num casulo e que tem uma obra magn\u00edfica pra ser desvendada. E o Pierre Le\u00f3n dialoga com a tem\u00e1tica desse ano, que \u00e9 o cinema de urg\u00eancia&#8221;, explica Raquel Hallak.<\/p>\n<p><strong>VER PRIMEIRO<\/strong><\/p>\n<p>Receba as not\u00edcias do Aconteceu no Vale em primeira m\u00e3o. Clique em curtir no endere\u00e7o <a href=\"https:\/\/www.facebook.com\/aconteceunovale\" target=\"_blank\"><font color=\"red\">www.facebook.com\/aconteceunovale<\/font><\/a> ou no box abaixo:<\/p>\n<div class=\"fb-like\" data-href=\"https:\/\/www.facebook.com\/aconteceunovale\" data-width=\"120\" data-layout=\"standard\" data-action=\"like\" data-size=\"small\" data-show-faces=\"true\" data-share=\"true\"><\/div>\n<p><\/br><\/p>\n<p><em>(Fonte: Ag\u00eancia Brasil)<\/em><\/p>\n","protected":false},"excerpt":{"rendered":"<p>A Mostra Internacional de Cinema de Belo Horizonte, ou simplesmente CineBH, fez na noite de ontem (22) a abertura de sua 11\u00aa edi\u00e7\u00e3o. Na cerim\u00f4nia, o tema &#8220;cinema de urg\u00eancia&#8221; foi apresentado por meio de performances e de um v\u00eddeo. A proposta \u00e9 oferecer um espa\u00e7o para a discuss\u00e3o da produ\u00e7\u00e3o de filmes em contextos [&hellip;]<\/p>\n","protected":false},"author":1,"featured_media":120430,"comment_status":"open","ping_status":"closed","sticky":false,"template":"","format":"standard","meta":{"amp_status":"","footnotes":""},"categories":[125,123],"tags":[158000,194,1017,157996,73171,157994,157995,157999,137467,157992,157993,211,157998,711,157997],"class_list":["post-120429","post","type-post","status-publish","format-standard","has-post-thumbnail","hentry","category-noticias","category-gerais","tag-11a-mostra-cinebh-reune-101-filmes-e-propoe-debate-sobre-o-cinema-de-urgencia","tag-belo-horizonte","tag-bh","tag-cinebh","tag-cinema","tag-cinema-de-belo-horizontecinema-de-belo-horizonte","tag-cinema-de-bh","tag-diretora-da-universo-producoes","tag-festival","tag-mostra-internacional-de-cinema-de-belo-horizonte","tag-mostra-internacional-de-cinema-de-bh","tag-ouro-preto","tag-raquel-hallak","tag-tiradentes","tag-universo-producoes"],"_links":{"self":[{"href":"https:\/\/aconteceunovale.com.br\/portal\/index.php?rest_route=\/wp\/v2\/posts\/120429","targetHints":{"allow":["GET"]}}],"collection":[{"href":"https:\/\/aconteceunovale.com.br\/portal\/index.php?rest_route=\/wp\/v2\/posts"}],"about":[{"href":"https:\/\/aconteceunovale.com.br\/portal\/index.php?rest_route=\/wp\/v2\/types\/post"}],"author":[{"embeddable":true,"href":"https:\/\/aconteceunovale.com.br\/portal\/index.php?rest_route=\/wp\/v2\/users\/1"}],"replies":[{"embeddable":true,"href":"https:\/\/aconteceunovale.com.br\/portal\/index.php?rest_route=%2Fwp%2Fv2%2Fcomments&post=120429"}],"version-history":[{"count":0,"href":"https:\/\/aconteceunovale.com.br\/portal\/index.php?rest_route=\/wp\/v2\/posts\/120429\/revisions"}],"wp:featuredmedia":[{"embeddable":true,"href":"https:\/\/aconteceunovale.com.br\/portal\/index.php?rest_route=\/wp\/v2\/media\/120430"}],"wp:attachment":[{"href":"https:\/\/aconteceunovale.com.br\/portal\/index.php?rest_route=%2Fwp%2Fv2%2Fmedia&parent=120429"}],"wp:term":[{"taxonomy":"category","embeddable":true,"href":"https:\/\/aconteceunovale.com.br\/portal\/index.php?rest_route=%2Fwp%2Fv2%2Fcategories&post=120429"},{"taxonomy":"post_tag","embeddable":true,"href":"https:\/\/aconteceunovale.com.br\/portal\/index.php?rest_route=%2Fwp%2Fv2%2Ftags&post=120429"}],"curies":[{"name":"wp","href":"https:\/\/api.w.org\/{rel}","templated":true}]}}