{"id":120427,"date":"2017-08-23T10:33:03","date_gmt":"2017-08-23T12:33:03","guid":{"rendered":"http:\/\/aconteceunovale.com.br\/portal\/?p=120427"},"modified":"2017-08-23T10:33:03","modified_gmt":"2017-08-23T12:33:03","slug":"inss-ja-cancelou-168-mil-auxilios-doenca-apos-convocacao-de-pericias","status":"publish","type":"post","link":"https:\/\/aconteceunovale.com.br\/portal\/?p=120427","title":{"rendered":"INSS j\u00e1 cancelou 168 mil aux\u00edlios-doen\u00e7a ap\u00f3s convoca\u00e7\u00e3o de per\u00edcias"},"content":{"rendered":"<p>At\u00e9 o in\u00edcio de agosto, o pente-fino feito pelo governo federal nos aux\u00edlios-doen\u00e7a concedidos por incapacidade resultou no cancelamento de 168.396 benef\u00edcios de segurados do Instituto Nacional do Seguro Social (INSS) que recebiam os valores e h\u00e1 mais de dois anos n\u00e3o passavam por avalia\u00e7\u00e3o m\u00e9dica. O n\u00famero corresponde a 79,94% das 210.649 per\u00edcias feitas at\u00e9 este m\u00eas.<\/p>\n<p>Al\u00e9m disso, tamb\u00e9m foram cancelados 20.304 benef\u00edcios porque os segurados n\u00e3o responderam \u00e0 convoca\u00e7\u00e3o para per\u00edcia feita pelo INSS. De acordo com Minist\u00e9rio do Desenvolvimento Social, 33.798 benef\u00edcios foram convertidos em aposentadoria por invalidez, 1.892 em aux\u00edlio-acidente, 1.105 em aposentadoria por invalidez, com acr\u00e9scimo de 25% no valor do benef\u00edcio e 5.458 pessoas foram encaminhadas para reabilita\u00e7\u00e3o profissional.<\/p>\n<p>Com o pente fino, segundo a pasta, a economia anual estimada at\u00e9 agora \u00e9 de R$ 2,7 bilh\u00f5es. Ao todo, 530.191 benef\u00edcios de aux\u00edlio-doen\u00e7a ser\u00e3o revisados.<\/p>\n<p><strong>VER PRIMEIRO<\/strong><\/p>\n<p>Receba as not\u00edcias do Aconteceu no Vale em primeira m\u00e3o. Clique em curtir no endere\u00e7o <a href=\"https:\/\/www.facebook.com\/aconteceunovale\" target=\"_blank\"><font color=\"red\">www.facebook.com\/aconteceunovale<\/font><\/a> ou no box abaixo:<\/p>\n<div class=\"fb-like\" data-href=\"https:\/\/www.facebook.com\/aconteceunovale\" data-width=\"120\" data-layout=\"standard\" data-action=\"like\" data-size=\"small\" data-show-faces=\"true\" data-share=\"true\"><\/div>\n<p><\/br><\/p>\n<p><em>(Fonte: Ag\u00eancia Brasil)<\/em><\/p>\n","protected":false},"excerpt":{"rendered":"<p>At\u00e9 o in\u00edcio de agosto, o pente-fino feito pelo governo federal nos aux\u00edlios-doen\u00e7a concedidos por incapacidade resultou no cancelamento de 168.396 benef\u00edcios de segurados do Instituto Nacional do Seguro Social (INSS) que recebiam os valores e h\u00e1 mais de dois anos n\u00e3o passavam por avalia\u00e7\u00e3o m\u00e9dica. O n\u00famero corresponde a 79,94% das 210.649 per\u00edcias feitas [&hellip;]<\/p>\n","protected":false},"author":1,"featured_media":112610,"comment_status":"open","ping_status":"closed","sticky":false,"template":"","format":"standard","meta":{"amp_status":"","footnotes":""},"categories":[6],"tags":[157991,104042,149499,157990,157988,157987,157989,6528,157986],"class_list":["post-120427","post","type-post","status-publish","format-standard","has-post-thumbnail","hentry","category-br","tag-aposentado","tag-auxilio-doenca","tag-auxilios-doenca","tag-auxilios-doenca-do-inss-cancelados","tag-beneficios-do-inss-cancelados","tag-cancelamento-beneficios-inss","tag-cancelamento-de-auxilios-doenca-do-inss","tag-inss","tag-inss-ja-cancelou-168-mil-auxilios-doenca-apos-convocacao-de-pericias"],"yoast_head":"<!-- This site is optimized with the Yoast SEO plugin v28.3 - https:\/\/yoast.com\/product\/yoast-seo-wordpress\/ -->\n<title>INSS j\u00e1 cancelou 168 mil aux\u00edlios-doen\u00e7a ap\u00f3s convoca\u00e7\u00e3o de per\u00edcias - Aconteceu no Vale<\/title>\n<meta name=\"robots\" content=\"index, follow, max-snippet:-1, max-image-preview:large, max-video-preview:-1\" \/>\n<link rel=\"canonical\" href=\"https:\/\/aconteceunovale.com.br\/portal\/?p=120427\" \/>\n<meta property=\"og:locale\" content=\"pt_BR\" \/>\n<meta property=\"og:type\" content=\"article\" \/>\n<meta property=\"og:title\" content=\"INSS j\u00e1 cancelou 168 mil aux\u00edlios-doen\u00e7a ap\u00f3s convoca\u00e7\u00e3o de per\u00edcias - Aconteceu no Vale\" \/>\n<meta property=\"og:description\" content=\"At\u00e9 o in\u00edcio de agosto, o pente-fino feito pelo governo federal nos aux\u00edlios-doen\u00e7a concedidos por incapacidade resultou no cancelamento de 168.396 benef\u00edcios de segurados do Instituto Nacional do Seguro Social (INSS) que recebiam os valores e h\u00e1 mais de dois anos n\u00e3o passavam por avalia\u00e7\u00e3o m\u00e9dica. O n\u00famero corresponde a 79,94% das 210.649 per\u00edcias feitas [&hellip;]\" \/>\n<meta property=\"og:url\" content=\"https:\/\/aconteceunovale.com.br\/portal\/?p=120427\" \/>\n<meta property=\"og:site_name\" content=\"Aconteceu no Vale\" \/>\n<meta property=\"article:publisher\" content=\"https:\/\/www.facebook.com\/aconteceunovale\/\" \/>\n<meta property=\"article:published_time\" content=\"2017-08-23T12:33:03+00:00\" \/>\n<meta property=\"og:image\" content=\"https:\/\/aconteceunovale.com.br\/portal\/wp-content\/uploads\/2017\/04\/inss.jpeg\" \/>\n\t<meta property=\"og:image:width\" content=\"678\" \/>\n\t<meta property=\"og:image:height\" content=\"450\" \/>\n\t<meta property=\"og:image:type\" content=\"image\/jpeg\" \/>\n<meta name=\"author\" content=\"Aconteceu no Vale\" \/>\n<meta name=\"twitter:card\" content=\"summary_large_image\" \/>\n<meta name=\"twitter:creator\" content=\"@noticiadosvales\" \/>\n<meta name=\"twitter:site\" content=\"@noticiadosvales\" \/>\n<meta name=\"twitter:label1\" content=\"Escrito por\" \/>\n\t<meta name=\"twitter:data1\" content=\"Aconteceu no Vale\" \/>\n\t<meta name=\"twitter:label2\" content=\"Est. tempo de leitura\" \/>\n\t<meta name=\"twitter:data2\" content=\"1 minuto\" \/>\n<script type=\"application\/ld+json\" class=\"yoast-schema-graph\">{\"@context\":\"https:\\\/\\\/schema.org\",\"@graph\":[{\"@type\":\"Article\",\"@id\":\"https:\\\/\\\/aconteceunovale.com.br\\\/portal\\\/?p=120427#article\",\"isPartOf\":{\"@id\":\"https:\\\/\\\/aconteceunovale.com.br\\\/portal\\\/?p=120427\"},\"author\":{\"name\":\"Aconteceu no Vale\",\"@id\":\"https:\\\/\\\/aconteceunovale.com.br\\\/portal\\\/#\\\/schema\\\/person\\\/633529146f2c94272bef50ac2953d589\"},\"headline\":\"INSS j\u00e1 cancelou 168 mil aux\u00edlios-doen\u00e7a ap\u00f3s convoca\u00e7\u00e3o de per\u00edcias\",\"datePublished\":\"2017-08-23T12:33:03+00:00\",\"mainEntityOfPage\":{\"@id\":\"https:\\\/\\\/aconteceunovale.com.br\\\/portal\\\/?p=120427\"},\"wordCount\":202,\"commentCount\":0,\"image\":{\"@id\":\"https:\\\/\\\/aconteceunovale.com.br\\\/portal\\\/?p=120427#primaryimage\"},\"thumbnailUrl\":\"https:\\\/\\\/aconteceunovale.com.br\\\/portal\\\/wp-content\\\/uploads\\\/2017\\\/04\\\/inss.jpeg\",\"keywords\":[\"aposentado\",\"Aux\u00edlio-doen\u00e7a\",\"aux\u00edlios-doen\u00e7a\",\"aux\u00edlios-doen\u00e7a do INSS cancelados\",\"Benef\u00edcios do INSS cancelados\",\"Cancelamento benef\u00edcios INSS\",\"Cancelamento de aux\u00edlios-doen\u00e7a do INSS\",\"INSS\",\"INSS j\u00e1 cancelou 168 mil aux\u00edlios-doen\u00e7a ap\u00f3s convoca\u00e7\u00e3o de per\u00edcias\"],\"articleSection\":[\"Brasil\"],\"inLanguage\":\"pt-BR\",\"potentialAction\":[{\"@type\":\"CommentAction\",\"name\":\"Comment\",\"target\":[\"https:\\\/\\\/aconteceunovale.com.br\\\/portal\\\/?p=120427#respond\"]}]},{\"@type\":\"WebPage\",\"@id\":\"https:\\\/\\\/aconteceunovale.com.br\\\/portal\\\/?p=120427\",\"url\":\"https:\\\/\\\/aconteceunovale.com.br\\\/portal\\\/?p=120427\",\"name\":\"INSS j\u00e1 cancelou 168 mil aux\u00edlios-doen\u00e7a ap\u00f3s convoca\u00e7\u00e3o de per\u00edcias - Aconteceu no Vale\",\"isPartOf\":{\"@id\":\"https:\\\/\\\/aconteceunovale.com.br\\\/portal\\\/#website\"},\"primaryImageOfPage\":{\"@id\":\"https:\\\/\\\/aconteceunovale.com.br\\\/portal\\\/?p=120427#primaryimage\"},\"image\":{\"@id\":\"https:\\\/\\\/aconteceunovale.com.br\\\/portal\\\/?p=120427#primaryimage\"},\"thumbnailUrl\":\"https:\\\/\\\/aconteceunovale.com.br\\\/portal\\\/wp-content\\\/uploads\\\/2017\\\/04\\\/inss.jpeg\",\"datePublished\":\"2017-08-23T12:33:03+00:00\",\"author\":{\"@id\":\"https:\\\/\\\/aconteceunovale.com.br\\\/portal\\\/#\\\/schema\\\/person\\\/633529146f2c94272bef50ac2953d589\"},\"breadcrumb\":{\"@id\":\"https:\\\/\\\/aconteceunovale.com.br\\\/portal\\\/?p=120427#breadcrumb\"},\"inLanguage\":\"pt-BR\",\"potentialAction\":[{\"@type\":\"ReadAction\",\"target\":[\"https:\\\/\\\/aconteceunovale.com.br\\\/portal\\\/?p=120427\"]}]},{\"@type\":\"ImageObject\",\"inLanguage\":\"pt-BR\",\"@id\":\"https:\\\/\\\/aconteceunovale.com.br\\\/portal\\\/?p=120427#primaryimage\",\"url\":\"https:\\\/\\\/aconteceunovale.com.br\\\/portal\\\/wp-content\\\/uploads\\\/2017\\\/04\\\/inss.jpeg\",\"contentUrl\":\"https:\\\/\\\/aconteceunovale.com.br\\\/portal\\\/wp-content\\\/uploads\\\/2017\\\/04\\\/inss.jpeg\",\"width\":678,\"height\":450},{\"@type\":\"BreadcrumbList\",\"@id\":\"https:\\\/\\\/aconteceunovale.com.br\\\/portal\\\/?p=120427#breadcrumb\",\"itemListElement\":[{\"@type\":\"ListItem\",\"position\":1,\"name\":\"In\u00edcio\",\"item\":\"https:\\\/\\\/aconteceunovale.com.br\\\/portal\\\/\"},{\"@type\":\"ListItem\",\"position\":2,\"name\":\"INSS j\u00e1 cancelou 168 mil aux\u00edlios-doen\u00e7a ap\u00f3s convoca\u00e7\u00e3o de per\u00edcias\"}]},{\"@type\":\"WebSite\",\"@id\":\"https:\\\/\\\/aconteceunovale.com.br\\\/portal\\\/#website\",\"url\":\"https:\\\/\\\/aconteceunovale.com.br\\\/portal\\\/\",\"name\":\"Aconteceu no Vale\",\"description\":\"Portal de Not\u00edcias\",\"potentialAction\":[{\"@type\":\"SearchAction\",\"target\":{\"@type\":\"EntryPoint\",\"urlTemplate\":\"https:\\\/\\\/aconteceunovale.com.br\\\/portal\\\/?s={search_term_string}\"},\"query-input\":{\"@type\":\"PropertyValueSpecification\",\"valueRequired\":true,\"valueName\":\"search_term_string\"}}],\"inLanguage\":\"pt-BR\"},{\"@type\":\"Person\",\"@id\":\"https:\\\/\\\/aconteceunovale.com.br\\\/portal\\\/#\\\/schema\\\/person\\\/633529146f2c94272bef50ac2953d589\",\"name\":\"Aconteceu no Vale\",\"description\":\"Equipe de reportagem do Aconteceu no Vale, portal de not\u00edcias do Vale do Jequitinhonha, em Minas Gerais. Cobrimos as 51 cidades do Vale desde 2013. Sugest\u00f5es de pauta e pedidos de corre\u00e7\u00e3o: contato@aconteceunovale.com.br\",\"sameAs\":[\"http:\\\/\\\/www.aconteceunovale.com.br\"],\"url\":\"https:\\\/\\\/aconteceunovale.com.br\\\/portal\\\/?author=1\"}]}<\/script>\n<!-- \/ Yoast SEO plugin. -->","yoast_head_json":{"title":"INSS j\u00e1 cancelou 168 mil aux\u00edlios-doen\u00e7a ap\u00f3s convoca\u00e7\u00e3o de per\u00edcias - Aconteceu no Vale","robots":{"index":"index","follow":"follow","max-snippet":"max-snippet:-1","max-image-preview":"max-image-preview:large","max-video-preview":"max-video-preview:-1"},"canonical":"https:\/\/aconteceunovale.com.br\/portal\/?p=120427","og_locale":"pt_BR","og_type":"article","og_title":"INSS j\u00e1 cancelou 168 mil aux\u00edlios-doen\u00e7a ap\u00f3s convoca\u00e7\u00e3o de per\u00edcias - Aconteceu no Vale","og_description":"At\u00e9 o in\u00edcio de agosto, o pente-fino feito pelo governo federal nos aux\u00edlios-doen\u00e7a concedidos por incapacidade resultou no cancelamento de 168.396 benef\u00edcios de segurados do Instituto Nacional do Seguro Social (INSS) que recebiam os valores e h\u00e1 mais de dois anos n\u00e3o passavam por avalia\u00e7\u00e3o m\u00e9dica. O n\u00famero corresponde a 79,94% das 210.649 per\u00edcias feitas [&hellip;]","og_url":"https:\/\/aconteceunovale.com.br\/portal\/?p=120427","og_site_name":"Aconteceu no Vale","article_publisher":"https:\/\/www.facebook.com\/aconteceunovale\/","article_published_time":"2017-08-23T12:33:03+00:00","og_image":[{"width":678,"height":450,"url":"https:\/\/aconteceunovale.com.br\/portal\/wp-content\/uploads\/2017\/04\/inss.jpeg","type":"image\/jpeg"}],"author":"Aconteceu no Vale","twitter_card":"summary_large_image","twitter_creator":"@noticiadosvales","twitter_site":"@noticiadosvales","twitter_misc":{"Escrito por":"Aconteceu no Vale","Est. tempo de leitura":"1 minuto"},"schema":{"@context":"https:\/\/schema.org","@graph":[{"@type":"Article","@id":"https:\/\/aconteceunovale.com.br\/portal\/?p=120427#article","isPartOf":{"@id":"https:\/\/aconteceunovale.com.br\/portal\/?p=120427"},"author":{"name":"Aconteceu no Vale","@id":"https:\/\/aconteceunovale.com.br\/portal\/#\/schema\/person\/633529146f2c94272bef50ac2953d589"},"headline":"INSS j\u00e1 cancelou 168 mil aux\u00edlios-doen\u00e7a ap\u00f3s convoca\u00e7\u00e3o de per\u00edcias","datePublished":"2017-08-23T12:33:03+00:00","mainEntityOfPage":{"@id":"https:\/\/aconteceunovale.com.br\/portal\/?p=120427"},"wordCount":202,"commentCount":0,"image":{"@id":"https:\/\/aconteceunovale.com.br\/portal\/?p=120427#primaryimage"},"thumbnailUrl":"https:\/\/aconteceunovale.com.br\/portal\/wp-content\/uploads\/2017\/04\/inss.jpeg","keywords":["aposentado","Aux\u00edlio-doen\u00e7a","aux\u00edlios-doen\u00e7a","aux\u00edlios-doen\u00e7a do INSS cancelados","Benef\u00edcios do INSS cancelados","Cancelamento benef\u00edcios INSS","Cancelamento de aux\u00edlios-doen\u00e7a do INSS","INSS","INSS j\u00e1 cancelou 168 mil aux\u00edlios-doen\u00e7a ap\u00f3s convoca\u00e7\u00e3o de per\u00edcias"],"articleSection":["Brasil"],"inLanguage":"pt-BR","potentialAction":[{"@type":"CommentAction","name":"Comment","target":["https:\/\/aconteceunovale.com.br\/portal\/?p=120427#respond"]}]},{"@type":"WebPage","@id":"https:\/\/aconteceunovale.com.br\/portal\/?p=120427","url":"https:\/\/aconteceunovale.com.br\/portal\/?p=120427","name":"INSS j\u00e1 cancelou 168 mil aux\u00edlios-doen\u00e7a ap\u00f3s convoca\u00e7\u00e3o de per\u00edcias - Aconteceu no Vale","isPartOf":{"@id":"https:\/\/aconteceunovale.com.br\/portal\/#website"},"primaryImageOfPage":{"@id":"https:\/\/aconteceunovale.com.br\/portal\/?p=120427#primaryimage"},"image":{"@id":"https:\/\/aconteceunovale.com.br\/portal\/?p=120427#primaryimage"},"thumbnailUrl":"https:\/\/aconteceunovale.com.br\/portal\/wp-content\/uploads\/2017\/04\/inss.jpeg","datePublished":"2017-08-23T12:33:03+00:00","author":{"@id":"https:\/\/aconteceunovale.com.br\/portal\/#\/schema\/person\/633529146f2c94272bef50ac2953d589"},"breadcrumb":{"@id":"https:\/\/aconteceunovale.com.br\/portal\/?p=120427#breadcrumb"},"inLanguage":"pt-BR","potentialAction":[{"@type":"ReadAction","target":["https:\/\/aconteceunovale.com.br\/portal\/?p=120427"]}]},{"@type":"ImageObject","inLanguage":"pt-BR","@id":"https:\/\/aconteceunovale.com.br\/portal\/?p=120427#primaryimage","url":"https:\/\/aconteceunovale.com.br\/portal\/wp-content\/uploads\/2017\/04\/inss.jpeg","contentUrl":"https:\/\/aconteceunovale.com.br\/portal\/wp-content\/uploads\/2017\/04\/inss.jpeg","width":678,"height":450},{"@type":"BreadcrumbList","@id":"https:\/\/aconteceunovale.com.br\/portal\/?p=120427#breadcrumb","itemListElement":[{"@type":"ListItem","position":1,"name":"In\u00edcio","item":"https:\/\/aconteceunovale.com.br\/portal\/"},{"@type":"ListItem","position":2,"name":"INSS j\u00e1 cancelou 168 mil aux\u00edlios-doen\u00e7a ap\u00f3s convoca\u00e7\u00e3o de per\u00edcias"}]},{"@type":"WebSite","@id":"https:\/\/aconteceunovale.com.br\/portal\/#website","url":"https:\/\/aconteceunovale.com.br\/portal\/","name":"Aconteceu no Vale","description":"Portal de Not\u00edcias","potentialAction":[{"@type":"SearchAction","target":{"@type":"EntryPoint","urlTemplate":"https:\/\/aconteceunovale.com.br\/portal\/?s={search_term_string}"},"query-input":{"@type":"PropertyValueSpecification","valueRequired":true,"valueName":"search_term_string"}}],"inLanguage":"pt-BR"},{"@type":"Person","@id":"https:\/\/aconteceunovale.com.br\/portal\/#\/schema\/person\/633529146f2c94272bef50ac2953d589","name":"Aconteceu no Vale","description":"Equipe de reportagem do Aconteceu no Vale, portal de not\u00edcias do Vale do Jequitinhonha, em Minas Gerais. Cobrimos as 51 cidades do Vale desde 2013. Sugest\u00f5es de pauta e pedidos de corre\u00e7\u00e3o: contato@aconteceunovale.com.br","sameAs":["http:\/\/www.aconteceunovale.com.br"],"url":"https:\/\/aconteceunovale.com.br\/portal\/?author=1"}]}},"_links":{"self":[{"href":"https:\/\/aconteceunovale.com.br\/portal\/index.php?rest_route=\/wp\/v2\/posts\/120427","targetHints":{"allow":["GET"]}}],"collection":[{"href":"https:\/\/aconteceunovale.com.br\/portal\/index.php?rest_route=\/wp\/v2\/posts"}],"about":[{"href":"https:\/\/aconteceunovale.com.br\/portal\/index.php?rest_route=\/wp\/v2\/types\/post"}],"author":[{"embeddable":true,"href":"https:\/\/aconteceunovale.com.br\/portal\/index.php?rest_route=\/wp\/v2\/users\/1"}],"replies":[{"embeddable":true,"href":"https:\/\/aconteceunovale.com.br\/portal\/index.php?rest_route=%2Fwp%2Fv2%2Fcomments&post=120427"}],"version-history":[{"count":0,"href":"https:\/\/aconteceunovale.com.br\/portal\/index.php?rest_route=\/wp\/v2\/posts\/120427\/revisions"}],"wp:featuredmedia":[{"embeddable":true,"href":"https:\/\/aconteceunovale.com.br\/portal\/index.php?rest_route=\/wp\/v2\/media\/112610"}],"wp:attachment":[{"href":"https:\/\/aconteceunovale.com.br\/portal\/index.php?rest_route=%2Fwp%2Fv2%2Fmedia&parent=120427"}],"wp:term":[{"taxonomy":"category","embeddable":true,"href":"https:\/\/aconteceunovale.com.br\/portal\/index.php?rest_route=%2Fwp%2Fv2%2Fcategories&post=120427"},{"taxonomy":"post_tag","embeddable":true,"href":"https:\/\/aconteceunovale.com.br\/portal\/index.php?rest_route=%2Fwp%2Fv2%2Ftags&post=120427"}],"curies":[{"name":"wp","href":"https:\/\/api.w.org\/{rel}","templated":true}]}}