{"id":120425,"date":"2017-08-23T10:29:52","date_gmt":"2017-08-23T12:29:52","guid":{"rendered":"http:\/\/aconteceunovale.com.br\/portal\/?p=120425"},"modified":"2017-08-23T10:29:52","modified_gmt":"2017-08-23T12:29:52","slug":"mec-libera-r-294-milhoes-para-universidades-federais","status":"publish","type":"post","link":"https:\/\/aconteceunovale.com.br\/portal\/?p=120425","title":{"rendered":"MEC libera R$ 294 milh\u00f5es para universidades federais"},"content":{"rendered":"<p>O Minist\u00e9rio da Educa\u00e7\u00e3o (MEC) autorizou o repasse de R$ 294,3 milh\u00f5es para as institui\u00e7\u00f5es federais de ensino em todo o pa\u00eds que s\u00e3o vinculadas \u00e0 pasta. Os recursos ter\u00e3o como destino a\u00e7\u00f5es de manuten\u00e7\u00e3o, custeio e pagamento de assist\u00eancia estudantil.<\/p>\n<p>Desse total, R$ 201,83 milh\u00f5es ser\u00e3o encaminhados \u00e0s universidades federais, incluindo os hospitais universit\u00e1rios. A Rede Federal de Educa\u00e7\u00e3o Profissional, Cient\u00edfica e Tecnol\u00f3gica receber\u00e1 R$ 91,32 milh\u00f5es e outros R$ 1,15 milh\u00e3o, ser\u00e3o repassados ao Instituto Nacional de Educa\u00e7\u00e3o de Surdos (Ines) e ao Instituto Benjamin Constant (IBC), ambos no Rio de Janeiro, e \u00e0 Funda\u00e7\u00e3o Joaquim Nabuco (Fundaj), em Pernambuco.<\/p>\n<p>O total liberado pelo governo para as institui\u00e7\u00f5es federais neste ano somam R$ 4,69 bilh\u00f5es. Recentemente, o MEC tamb\u00e9m anunciou um aumento no limite de empenho para custeio e investimento de universidades e institutos federais.<\/p>\n<p>Nos \u00faltimos meses, diversas universidades federais v\u00eam relatando dificuldades financeiras, especialmente com despesas de custeio. Segundo a Associa\u00e7\u00e3o Nacional dos Dirigentes das Institui\u00e7\u00f5es Federais de Ensino Superior (Andifes), os valores liberados s\u00f3 garantem o funcionamento das institui\u00e7\u00f5es at\u00e9 setembro.<\/p>\n<p><strong>VER PRIMEIRO<\/strong><\/p>\n<p>Receba as not\u00edcias do Aconteceu no Vale em primeira m\u00e3o. Clique em curtir no endere\u00e7o <a href=\"https:\/\/www.facebook.com\/aconteceunovale\" target=\"_blank\"><font color=\"red\">www.facebook.com\/aconteceunovale<\/font><\/a> ou no box abaixo:<\/p>\n<div class=\"fb-like\" data-href=\"https:\/\/www.facebook.com\/aconteceunovale\" data-width=\"120\" data-layout=\"standard\" data-action=\"like\" data-size=\"small\" data-show-faces=\"true\" data-share=\"true\"><\/div>\n<p><\/br><\/p>\n<p><em>(Fonte: Ag\u00eancia Brasil)<\/em><\/p>\n","protected":false},"excerpt":{"rendered":"<p>O Minist\u00e9rio da Educa\u00e7\u00e3o (MEC) autorizou o repasse de R$ 294,3 milh\u00f5es para as institui\u00e7\u00f5es federais de ensino em todo o pa\u00eds que s\u00e3o vinculadas \u00e0 pasta. Os recursos ter\u00e3o como destino a\u00e7\u00f5es de manuten\u00e7\u00e3o, custeio e pagamento de assist\u00eancia estudantil. Desse total, R$ 201,83 milh\u00f5es ser\u00e3o encaminhados \u00e0s universidades federais, incluindo os hospitais universit\u00e1rios. [&hellip;]<\/p>\n","protected":false},"author":1,"featured_media":113652,"comment_status":"open","ping_status":"closed","sticky":false,"template":"","format":"standard","meta":{"amp_status":"","footnotes":""},"categories":[6,40238],"tags":[82767,157330,157985,112829,157982,157981,157984,157983,1168,157979,22390,42383,97628,39242,157978,157980],"class_list":["post-120425","post","type-post","status-publish","format-standard","has-post-thumbnail","hentry","category-br","category-educacao-2","tag-andifes","tag-associacao-nacional-dos-dirigentes-das-instituicoes-federais-de-ensino-superior","tag-fundacao-joaquim-nabuco","tag-fundaj","tag-ibc","tag-ines","tag-instituto-benjamin-constant","tag-instituto-nacional-de-educacao-de-surdos","tag-mec","tag-mec-libera-r-294-milhoes-para-universidades-federais","tag-ministerio-da-educacao","tag-orcamento","tag-recursos-para-universidades-federais","tag-universidades-federais","tag-univesidades-federais","tag-verba-para-universidades-federais"],"_links":{"self":[{"href":"https:\/\/aconteceunovale.com.br\/portal\/index.php?rest_route=\/wp\/v2\/posts\/120425","targetHints":{"allow":["GET"]}}],"collection":[{"href":"https:\/\/aconteceunovale.com.br\/portal\/index.php?rest_route=\/wp\/v2\/posts"}],"about":[{"href":"https:\/\/aconteceunovale.com.br\/portal\/index.php?rest_route=\/wp\/v2\/types\/post"}],"author":[{"embeddable":true,"href":"https:\/\/aconteceunovale.com.br\/portal\/index.php?rest_route=\/wp\/v2\/users\/1"}],"replies":[{"embeddable":true,"href":"https:\/\/aconteceunovale.com.br\/portal\/index.php?rest_route=%2Fwp%2Fv2%2Fcomments&post=120425"}],"version-history":[{"count":0,"href":"https:\/\/aconteceunovale.com.br\/portal\/index.php?rest_route=\/wp\/v2\/posts\/120425\/revisions"}],"wp:featuredmedia":[{"embeddable":true,"href":"https:\/\/aconteceunovale.com.br\/portal\/index.php?rest_route=\/wp\/v2\/media\/113652"}],"wp:attachment":[{"href":"https:\/\/aconteceunovale.com.br\/portal\/index.php?rest_route=%2Fwp%2Fv2%2Fmedia&parent=120425"}],"wp:term":[{"taxonomy":"category","embeddable":true,"href":"https:\/\/aconteceunovale.com.br\/portal\/index.php?rest_route=%2Fwp%2Fv2%2Fcategories&post=120425"},{"taxonomy":"post_tag","embeddable":true,"href":"https:\/\/aconteceunovale.com.br\/portal\/index.php?rest_route=%2Fwp%2Fv2%2Ftags&post=120425"}],"curies":[{"name":"wp","href":"https:\/\/api.w.org\/{rel}","templated":true}]}}