{"id":120415,"date":"2017-08-22T23:14:10","date_gmt":"2017-08-23T01:14:10","guid":{"rendered":"http:\/\/aconteceunovale.com.br\/portal\/?p=120415"},"modified":"2017-08-22T23:14:10","modified_gmt":"2017-08-23T01:14:10","slug":"dois-jovens-sao-presos-com-15-kg-de-maconha-e-outras-drogas-em-montes-claros","status":"publish","type":"post","link":"https:\/\/aconteceunovale.com.br\/portal\/?p=120415","title":{"rendered":"Dois jovens s\u00e3o presos com 15 kg de maconha e outras drogas em Montes Claros"},"content":{"rendered":"<p>Dois jovens, de 21 e 23 anos, foram presos com mais de 15 quilos de maconha em Montes Claros, na noite dessa segunda-feira (21\/08\/2017). Com eles, a PM apreendeu ainda crack, coca\u00edna, colete e pe\u00e7as de uma motocicleta. De acordo com a Pol\u00edcia Militar, parte da droga estava enterrada no quintal de uma casa e a terra do local estava mexida, com o ch\u00e3o &#8216;fofo&#8217;, o que facilitou as buscas.<\/p>\n<p>\u201cConseguimos abord\u00e1-los em uma casa. Neste im\u00f3vel, apreendemos um colete e encontramos uma chave. Sabendo que eles s\u00e3o conhecidos nos meios policiais, testamos a chave em outros port\u00f5es vizinhos e descobrimos que era de uma casa desabitada, sem m\u00f3veis. Logo na entrada, j\u00e1 encontramos bastante droga no ch\u00e3o. Em outro c\u00f4modo, localizamos partes de uma motocicleta. Cavamos o quintal e encontramos uma caixa met\u00e1lica com a maior parte das drogas\u201d, explica o Sargento Marcelo Marques.<\/p>\n<p>Dentro da casa, foram apreendidas uma barra e 224 pedras de crack, al\u00e9m de 6 tabletes de maconha. No quintal, os militares localizaram 19 barras de maconha, com peso total de 15 quilos, tr\u00eas barras de crack e uma barra de coca\u00edna, de aproximadamente 1 quilo.<\/p>\n<p>Os rapazes foram autuados por tr\u00e1fico de drogas e levados para o Pres\u00eddio Regional.<\/p>\n<p><img decoding=\"async\" src=\"http:\/\/aconteceunovale.com.br\/portal\/wp-content\/uploads\/2017\/08\/trafico_moc.jpg\" alt=\"\" \/><em>Maior parte das drogas estava enterrada em uma caixa no quintal (Foto: PM\/Divulga\u00e7\u00e3o)<\/em><br \/>\n<\/br><\/p>\n<p><strong>VER PRIMEIRO<\/strong><\/p>\n<p>Receba as not\u00edcias do Aconteceu no Vale em primeira m\u00e3o. Clique em curtir no endere\u00e7o <a href=\"https:\/\/www.facebook.com\/aconteceunovale\" target=\"_blank\"><font color=\"red\">www.facebook.com\/aconteceunovale<\/font><\/a> ou no box abaixo:<\/p>\n<div class=\"fb-like\" data-href=\"https:\/\/www.facebook.com\/aconteceunovale\" data-width=\"120\" data-layout=\"standard\" data-action=\"like\" data-size=\"small\" data-show-faces=\"true\" data-share=\"true\"><\/div>\n<p><\/br><\/p>\n<p><em>(Fonte: G1 Grande Minas)<\/em><\/p>\n","protected":false},"excerpt":{"rendered":"<p>Dois jovens, de 21 e 23 anos, foram presos com mais de 15 quilos de maconha em Montes Claros, na noite dessa segunda-feira (21\/08\/2017). Com eles, a PM apreendeu ainda crack, coca\u00edna, colete e pe\u00e7as de uma motocicleta. De acordo com a Pol\u00edcia Militar, parte da droga estava enterrada no quintal de uma casa e [&hellip;]<\/p>\n","protected":false},"author":1,"featured_media":120416,"comment_status":"open","ping_status":"closed","sticky":false,"template":"","format":"standard","meta":{"amp_status":"","footnotes":""},"categories":[1236],"tags":[84150,157967,81953,210,127098,57790,114703,2549],"class_list":["post-120415","post","type-post","status-publish","format-standard","has-post-thumbnail","hentry","category-norte_de_minas","tag-apreensao-de-drogas-em-montes-claros","tag-dois-jovens-sao-presos-com-15-kg-de-maconha-e-outras-drogas-em-montes-claros","tag-drogas-apreendidas-em-montes-claros","tag-montes-claros","tag-presos-com-drogas-em-montes-claros","tag-presos-em-montes-claros","tag-traficantes-presos-em-montes-claros","tag-trafico-de-drogas-em-montes-claros"],"_links":{"self":[{"href":"https:\/\/aconteceunovale.com.br\/portal\/index.php?rest_route=\/wp\/v2\/posts\/120415","targetHints":{"allow":["GET"]}}],"collection":[{"href":"https:\/\/aconteceunovale.com.br\/portal\/index.php?rest_route=\/wp\/v2\/posts"}],"about":[{"href":"https:\/\/aconteceunovale.com.br\/portal\/index.php?rest_route=\/wp\/v2\/types\/post"}],"author":[{"embeddable":true,"href":"https:\/\/aconteceunovale.com.br\/portal\/index.php?rest_route=\/wp\/v2\/users\/1"}],"replies":[{"embeddable":true,"href":"https:\/\/aconteceunovale.com.br\/portal\/index.php?rest_route=%2Fwp%2Fv2%2Fcomments&post=120415"}],"version-history":[{"count":0,"href":"https:\/\/aconteceunovale.com.br\/portal\/index.php?rest_route=\/wp\/v2\/posts\/120415\/revisions"}],"wp:featuredmedia":[{"embeddable":true,"href":"https:\/\/aconteceunovale.com.br\/portal\/index.php?rest_route=\/wp\/v2\/media\/120416"}],"wp:attachment":[{"href":"https:\/\/aconteceunovale.com.br\/portal\/index.php?rest_route=%2Fwp%2Fv2%2Fmedia&parent=120415"}],"wp:term":[{"taxonomy":"category","embeddable":true,"href":"https:\/\/aconteceunovale.com.br\/portal\/index.php?rest_route=%2Fwp%2Fv2%2Fcategories&post=120415"},{"taxonomy":"post_tag","embeddable":true,"href":"https:\/\/aconteceunovale.com.br\/portal\/index.php?rest_route=%2Fwp%2Fv2%2Ftags&post=120415"}],"curies":[{"name":"wp","href":"https:\/\/api.w.org\/{rel}","templated":true}]}}