{"id":120412,"date":"2017-08-22T23:03:04","date_gmt":"2017-08-23T01:03:04","guid":{"rendered":"http:\/\/aconteceunovale.com.br\/portal\/?p=120412"},"modified":"2017-08-22T23:03:04","modified_gmt":"2017-08-23T01:03:04","slug":"operacao-contra-roubo-de-cargas-em-rodovias-do-norte-de-minas-e-vale-do-jequitinhonha-prende-7-pessoas-em-pedra-azul","status":"publish","type":"post","link":"https:\/\/aconteceunovale.com.br\/portal\/?p=120412","title":{"rendered":"Opera\u00e7\u00e3o contra roubo de cargas em rodovias do Norte de Minas e Vale do Jequitinhonha prende 7 pessoas em Pedra Azul"},"content":{"rendered":"<p>Sete pessoas, com idades entre 20 e 30 anos, foram presas na regi\u00e3o de Pedra Azul nesta ter\u00e7a-feira (22\/08\/2017) por envolvimento com roubo de cargas nas rodovias do Norte de Minas e Vale do Jequitinhonha. A opera\u00e7\u00e3o, deflagrada pelo Departamento Estadual de Opera\u00e7\u00f5es Especiais da Pol\u00edcia Civil, cumpriu mandados de pris\u00e3o contra suspeitos de participarem de duas associa\u00e7\u00f5es criminosas que atuavam nas BRs 116 e 251.<\/p>\n<p>Os envolvidos, de acordo com a PC, s\u00e3o naturais de Pedra Azul, Medina, Taiobeiras e do estado da Bahia. Segundo o delegado respons\u00e1vel pelo caso, Gustavo Barletta, as investiga\u00e7\u00f5es come\u00e7aram h\u00e1 quatro meses e os respons\u00e1veis por assaltos a caminh\u00f5es e carretas foram identificados neste per\u00edodo. A Pol\u00edcia Civil de Pedra Azul e da Bahia participaram da opera\u00e7\u00e3o.<\/p>\n<p>Ainda de acordo com a pol\u00edcia, pelo menos mais cinco mandados de pris\u00e3o devem ser cumpridos. As duas quadrilhas, segundo o delegado respons\u00e1vel, contavam com participa\u00e7\u00e3o de mais de 15 pessoas, que continuam sendo investigadas.<\/p>\n<p><strong>VER PRIMEIRO<\/strong><\/p>\n<p>Receba as not\u00edcias do Aconteceu no Vale em primeira m\u00e3o. Clique em curtir no endere\u00e7o <a href=\"https:\/\/www.facebook.com\/aconteceunovale\" target=\"_blank\"><font color=\"red\">www.facebook.com\/aconteceunovale<\/font><\/a> ou no box abaixo:<\/p>\n<div class=\"fb-like\" data-href=\"https:\/\/www.facebook.com\/aconteceunovale\" data-width=\"120\" data-layout=\"standard\" data-action=\"like\" data-size=\"small\" data-show-faces=\"true\" data-share=\"true\"><\/div>\n<p><\/br><\/p>\n<p><em>(Fonte: G1 Grande Minas)<\/em><\/p>\n","protected":false},"excerpt":{"rendered":"<p>Sete pessoas, com idades entre 20 e 30 anos, foram presas na regi\u00e3o de Pedra Azul nesta ter\u00e7a-feira (22\/08\/2017) por envolvimento com roubo de cargas nas rodovias do Norte de Minas e Vale do Jequitinhonha. A opera\u00e7\u00e3o, deflagrada pelo Departamento Estadual de Opera\u00e7\u00f5es Especiais da Pol\u00edcia Civil, cumpriu mandados de pris\u00e3o contra suspeitos de participarem [&hellip;]<\/p>\n","protected":false},"author":1,"featured_media":120413,"comment_status":"open","ping_status":"closed","sticky":false,"template":"","format":"standard","meta":{"amp_status":"","footnotes":""},"categories":[1236,120],"tags":[157965,921,182,150122,389,157966,455,30180,75667,157962,157964,157963,92318,61820,419],"class_list":["post-120412","post","type-post","status-publish","format-standard","has-post-thumbnail","hentry","category-norte_de_minas","category-jequi","tag-bandidos-que-roubavam-cargas-em-rodovias-do-norte-de-minas-e-vale-do-jequitinhonha-sao-presos-em-pedra-azul","tag-br-251","tag-br-116","tag-gustavo-barletta","tag-medina","tag-operacao-contra-roubo-de-cargas-em-rodovias-do-norte-de-minas-e-vale-do-jequitinhonha-prende-7-pessoas-em-pedra-azul","tag-pedra-azul","tag-presos-em-pedra-azul","tag-quadrilha-presa-em-pedra-azul","tag-quadrilha-que-roubava-cargas-em-rodovias-do-norte-de-minas-e-vale-do-jequitinhonha-e-presa-em-pedra-azul","tag-quadrilhas-que-roubavam-cargas-em-rodovias-do-norte-de-minas-e-vale-do-jequitinhonha-sao-presas-em-pedra-azul","tag-roubo-de-cargas-br-116","tag-roubo-de-cargas-br-251","tag-roubo-de-cargas-pedra-azul","tag-taiobeiras"],"_links":{"self":[{"href":"https:\/\/aconteceunovale.com.br\/portal\/index.php?rest_route=\/wp\/v2\/posts\/120412","targetHints":{"allow":["GET"]}}],"collection":[{"href":"https:\/\/aconteceunovale.com.br\/portal\/index.php?rest_route=\/wp\/v2\/posts"}],"about":[{"href":"https:\/\/aconteceunovale.com.br\/portal\/index.php?rest_route=\/wp\/v2\/types\/post"}],"author":[{"embeddable":true,"href":"https:\/\/aconteceunovale.com.br\/portal\/index.php?rest_route=\/wp\/v2\/users\/1"}],"replies":[{"embeddable":true,"href":"https:\/\/aconteceunovale.com.br\/portal\/index.php?rest_route=%2Fwp%2Fv2%2Fcomments&post=120412"}],"version-history":[{"count":0,"href":"https:\/\/aconteceunovale.com.br\/portal\/index.php?rest_route=\/wp\/v2\/posts\/120412\/revisions"}],"wp:featuredmedia":[{"embeddable":true,"href":"https:\/\/aconteceunovale.com.br\/portal\/index.php?rest_route=\/wp\/v2\/media\/120413"}],"wp:attachment":[{"href":"https:\/\/aconteceunovale.com.br\/portal\/index.php?rest_route=%2Fwp%2Fv2%2Fmedia&parent=120412"}],"wp:term":[{"taxonomy":"category","embeddable":true,"href":"https:\/\/aconteceunovale.com.br\/portal\/index.php?rest_route=%2Fwp%2Fv2%2Fcategories&post=120412"},{"taxonomy":"post_tag","embeddable":true,"href":"https:\/\/aconteceunovale.com.br\/portal\/index.php?rest_route=%2Fwp%2Fv2%2Ftags&post=120412"}],"curies":[{"name":"wp","href":"https:\/\/api.w.org\/{rel}","templated":true}]}}