{"id":120409,"date":"2017-08-22T22:45:17","date_gmt":"2017-08-23T00:45:17","guid":{"rendered":"http:\/\/aconteceunovale.com.br\/portal\/?p=120409"},"modified":"2017-08-22T22:45:17","modified_gmt":"2017-08-23T00:45:17","slug":"suspeito-de-participar-de-chacina-no-interior-de-sao-paulo-e-preso-em-salinas","status":"publish","type":"post","link":"https:\/\/aconteceunovale.com.br\/portal\/?p=120409","title":{"rendered":"Suspeito de participar de chacina no interior de S\u00e3o Paulo \u00e9 preso em Salinas"},"content":{"rendered":"<p>Um foragido da Justi\u00e7a de S\u00e3o Paulo foi preso em Salinas, na manh\u00e3 desta ter\u00e7a-feira (22\/08\/2017), em uma opera\u00e7\u00e3o da Pol\u00edcia Militar. Gilson Maur\u00edcio de Lima, de 37 anos, \u00e9 acusado de v\u00e1rios crimes, entre eles de participar de uma chacina no bairro Jardim Borghese, em Piracicaba (SP), em abril de 2013. De acordo com a PM de Salinas, o homem estava trabalhando como pedreiro na cidade e morava com a esposa e uma filha adolescente no bairro Maracan\u00e3.<\/p>\n<p>\u201cJ\u00e1 h\u00e1 alguns meses, a Pol\u00edcia Civil de S\u00e3o Paulo mant\u00e9m contato com a PM de Salinas para troca de informa\u00e7\u00f5es. Ele estava foragido por diversos crimes cometidos e que contra ele h\u00e1 mandados de pris\u00e3o em aberto. Come\u00e7amos a fazer levantamentos sobre o paradeiro dele e, hoje, o encontramos saindo de casa com o carro para trabalhar\u201d, explica o sargento Daniel Caetano.<\/p>\n<p>Os levantamentos para localizar o foragido duraram aproximadamente dois meses. O homem foi encaminhado \u00e0 Delegacia de Salinas.<\/p>\n<p><img decoding=\"async\" src=\"http:\/\/aconteceunovale.com.br\/portal\/wp-content\/uploads\/2017\/08\/foragido_salinas.jpg\" alt=\"\" \/><em>Foragido da Justi\u00e7a trabalhava como pedreiro em Salinas (Foto: PM\/Divulga\u00e7\u00e3o)<\/em><br \/>\n<\/br><\/p>\n<p><strong>VER PRIMEIRO<\/strong><\/p>\n<p>Receba as not\u00edcias do Aconteceu no Vale em primeira m\u00e3o. Clique em curtir no endere\u00e7o <a href=\"https:\/\/www.facebook.com\/aconteceunovale\" target=\"_blank\"><font color=\"red\">www.facebook.com\/aconteceunovale<\/font><\/a> ou no box abaixo:<\/p>\n<div class=\"fb-like\" data-href=\"https:\/\/www.facebook.com\/aconteceunovale\" data-width=\"120\" data-layout=\"standard\" data-action=\"like\" data-size=\"small\" data-show-faces=\"true\" data-share=\"true\"><\/div>\n<p><\/br><\/p>\n<p><em>(Fonte: G1 Grande Minas)<\/em><\/p>\n","protected":false},"excerpt":{"rendered":"<p>Um foragido da Justi\u00e7a de S\u00e3o Paulo foi preso em Salinas, na manh\u00e3 desta ter\u00e7a-feira (22\/08\/2017), em uma opera\u00e7\u00e3o da Pol\u00edcia Militar. Gilson Maur\u00edcio de Lima, de 37 anos, \u00e9 acusado de v\u00e1rios crimes, entre eles de participar de uma chacina no bairro Jardim Borghese, em Piracicaba (SP), em abril de 2013. De acordo com [&hellip;]<\/p>\n","protected":false},"author":1,"featured_media":120410,"comment_status":"open","ping_status":"closed","sticky":false,"template":"","format":"standard","meta":{"amp_status":"","footnotes":""},"categories":[6,1236],"tags":[157959,1018,157958,84325,157955,30457,58204,190,157960,157957,157956,157954,157961],"class_list":["post-120409","post","type-post","status-publish","format-standard","has-post-thumbnail","hentry","category-br","category-norte_de_minas","tag-chacina-em-piracicaba","tag-destaque","tag-gilson-mauricio-de-lima","tag-homem-preso-em-salinas","tag-pedreiro-preso-em-salinas","tag-piracicaba","tag-preso-em-salinas","tag-salinas","tag-suspeito-de-chacina-em-piracicaba","tag-suspeito-de-participar-de-chacina-com-5-vitimas-em-sao-paulo-e-preso-em-salinas","tag-suspeito-de-participar-de-chacina-em-sao-paulo","tag-suspeito-de-participar-de-chacina-em-sao-paulo-e-preso-em-salinas","tag-suspeito-de-participar-de-chacina-no-interior-de-sao-paulo-e-preso-em-salinas"],"yoast_head":"<!-- This site is optimized with the Yoast SEO plugin v28.3 - https:\/\/yoast.com\/product\/yoast-seo-wordpress\/ -->\n<title>Suspeito de participar de chacina no interior de S\u00e3o Paulo \u00e9 preso em Salinas - Aconteceu no Vale<\/title>\n<meta name=\"robots\" content=\"index, follow, max-snippet:-1, max-image-preview:large, max-video-preview:-1\" \/>\n<link rel=\"canonical\" href=\"https:\/\/aconteceunovale.com.br\/portal\/?p=120409\" \/>\n<meta property=\"og:locale\" content=\"pt_BR\" \/>\n<meta property=\"og:type\" content=\"article\" \/>\n<meta property=\"og:title\" content=\"Suspeito de participar de chacina no interior de S\u00e3o Paulo \u00e9 preso em Salinas - Aconteceu no Vale\" \/>\n<meta property=\"og:description\" content=\"Um foragido da Justi\u00e7a de S\u00e3o Paulo foi preso em Salinas, na manh\u00e3 desta ter\u00e7a-feira (22\/08\/2017), em uma opera\u00e7\u00e3o da Pol\u00edcia Militar. Gilson Maur\u00edcio de Lima, de 37 anos, \u00e9 acusado de v\u00e1rios crimes, entre eles de participar de uma chacina no bairro Jardim Borghese, em Piracicaba (SP), em abril de 2013. De acordo com [&hellip;]\" \/>\n<meta property=\"og:url\" content=\"https:\/\/aconteceunovale.com.br\/portal\/?p=120409\" \/>\n<meta property=\"og:site_name\" content=\"Aconteceu no Vale\" \/>\n<meta property=\"article:publisher\" content=\"https:\/\/www.facebook.com\/aconteceunovale\/\" \/>\n<meta property=\"article:published_time\" content=\"2017-08-23T00:45:17+00:00\" \/>\n<meta property=\"og:image\" content=\"https:\/\/aconteceunovale.com.br\/portal\/wp-content\/uploads\/2017\/08\/foragido_salinas.jpg\" \/>\n\t<meta property=\"og:image:width\" content=\"678\" \/>\n\t<meta property=\"og:image:height\" content=\"381\" \/>\n\t<meta property=\"og:image:type\" content=\"image\/jpeg\" \/>\n<meta name=\"author\" content=\"Aconteceu no Vale\" \/>\n<meta name=\"twitter:card\" content=\"summary_large_image\" \/>\n<meta name=\"twitter:creator\" content=\"@noticiadosvales\" \/>\n<meta name=\"twitter:site\" content=\"@noticiadosvales\" \/>\n<meta name=\"twitter:label1\" content=\"Escrito por\" \/>\n\t<meta name=\"twitter:data1\" content=\"Aconteceu no Vale\" \/>\n\t<meta name=\"twitter:label2\" content=\"Est. tempo de leitura\" \/>\n\t<meta name=\"twitter:data2\" content=\"1 minuto\" \/>\n<script type=\"application\/ld+json\" class=\"yoast-schema-graph\">{\"@context\":\"https:\\\/\\\/schema.org\",\"@graph\":[{\"@type\":\"Article\",\"@id\":\"https:\\\/\\\/aconteceunovale.com.br\\\/portal\\\/?p=120409#article\",\"isPartOf\":{\"@id\":\"https:\\\/\\\/aconteceunovale.com.br\\\/portal\\\/?p=120409\"},\"author\":{\"name\":\"Aconteceu no Vale\",\"@id\":\"https:\\\/\\\/aconteceunovale.com.br\\\/portal\\\/#\\\/schema\\\/person\\\/633529146f2c94272bef50ac2953d589\"},\"headline\":\"Suspeito de participar de chacina no interior de S\u00e3o Paulo \u00e9 preso em Salinas\",\"datePublished\":\"2017-08-23T00:45:17+00:00\",\"mainEntityOfPage\":{\"@id\":\"https:\\\/\\\/aconteceunovale.com.br\\\/portal\\\/?p=120409\"},\"wordCount\":227,\"commentCount\":0,\"image\":{\"@id\":\"https:\\\/\\\/aconteceunovale.com.br\\\/portal\\\/?p=120409#primaryimage\"},\"thumbnailUrl\":\"https:\\\/\\\/aconteceunovale.com.br\\\/portal\\\/wp-content\\\/uploads\\\/2017\\\/08\\\/foragido_salinas.jpg\",\"keywords\":[\"Chacina em Piracicaba\",\"destaque\",\"Gilson Maur\u00edcio de Lima\",\"homem preso em Salinas\",\"Pedreiro preso em Salinas\",\"Piracicaba\",\"preso em Salinas\",\"Salinas\",\"Suspeito de chacina em Piracicaba\",\"Suspeito de participar de chacina com 5 v\u00edtimas em S\u00e3o Paulo \u00e9 preso em Salinas\",\"Suspeito de participar de chacina em S\u00e3o Paulo\",\"Suspeito de participar de chacina em S\u00e3o Paulo \u00e9 preso em Salinas\",\"Suspeito de participar de chacina no interior de S\u00e3o Paulo \u00e9 preso em Salinas\"],\"articleSection\":[\"Brasil\",\"Norte de Minas\"],\"inLanguage\":\"pt-BR\",\"potentialAction\":[{\"@type\":\"CommentAction\",\"name\":\"Comment\",\"target\":[\"https:\\\/\\\/aconteceunovale.com.br\\\/portal\\\/?p=120409#respond\"]}]},{\"@type\":\"WebPage\",\"@id\":\"https:\\\/\\\/aconteceunovale.com.br\\\/portal\\\/?p=120409\",\"url\":\"https:\\\/\\\/aconteceunovale.com.br\\\/portal\\\/?p=120409\",\"name\":\"Suspeito de participar de chacina no interior de S\u00e3o Paulo \u00e9 preso em Salinas - Aconteceu no Vale\",\"isPartOf\":{\"@id\":\"https:\\\/\\\/aconteceunovale.com.br\\\/portal\\\/#website\"},\"primaryImageOfPage\":{\"@id\":\"https:\\\/\\\/aconteceunovale.com.br\\\/portal\\\/?p=120409#primaryimage\"},\"image\":{\"@id\":\"https:\\\/\\\/aconteceunovale.com.br\\\/portal\\\/?p=120409#primaryimage\"},\"thumbnailUrl\":\"https:\\\/\\\/aconteceunovale.com.br\\\/portal\\\/wp-content\\\/uploads\\\/2017\\\/08\\\/foragido_salinas.jpg\",\"datePublished\":\"2017-08-23T00:45:17+00:00\",\"author\":{\"@id\":\"https:\\\/\\\/aconteceunovale.com.br\\\/portal\\\/#\\\/schema\\\/person\\\/633529146f2c94272bef50ac2953d589\"},\"breadcrumb\":{\"@id\":\"https:\\\/\\\/aconteceunovale.com.br\\\/portal\\\/?p=120409#breadcrumb\"},\"inLanguage\":\"pt-BR\",\"potentialAction\":[{\"@type\":\"ReadAction\",\"target\":[\"https:\\\/\\\/aconteceunovale.com.br\\\/portal\\\/?p=120409\"]}]},{\"@type\":\"ImageObject\",\"inLanguage\":\"pt-BR\",\"@id\":\"https:\\\/\\\/aconteceunovale.com.br\\\/portal\\\/?p=120409#primaryimage\",\"url\":\"https:\\\/\\\/aconteceunovale.com.br\\\/portal\\\/wp-content\\\/uploads\\\/2017\\\/08\\\/foragido_salinas.jpg\",\"contentUrl\":\"https:\\\/\\\/aconteceunovale.com.br\\\/portal\\\/wp-content\\\/uploads\\\/2017\\\/08\\\/foragido_salinas.jpg\",\"width\":678,\"height\":381},{\"@type\":\"BreadcrumbList\",\"@id\":\"https:\\\/\\\/aconteceunovale.com.br\\\/portal\\\/?p=120409#breadcrumb\",\"itemListElement\":[{\"@type\":\"ListItem\",\"position\":1,\"name\":\"In\u00edcio\",\"item\":\"https:\\\/\\\/aconteceunovale.com.br\\\/portal\\\/\"},{\"@type\":\"ListItem\",\"position\":2,\"name\":\"Suspeito de participar de chacina no interior de S\u00e3o Paulo \u00e9 preso em Salinas\"}]},{\"@type\":\"WebSite\",\"@id\":\"https:\\\/\\\/aconteceunovale.com.br\\\/portal\\\/#website\",\"url\":\"https:\\\/\\\/aconteceunovale.com.br\\\/portal\\\/\",\"name\":\"Aconteceu no Vale\",\"description\":\"Portal de Not\u00edcias\",\"potentialAction\":[{\"@type\":\"SearchAction\",\"target\":{\"@type\":\"EntryPoint\",\"urlTemplate\":\"https:\\\/\\\/aconteceunovale.com.br\\\/portal\\\/?s={search_term_string}\"},\"query-input\":{\"@type\":\"PropertyValueSpecification\",\"valueRequired\":true,\"valueName\":\"search_term_string\"}}],\"inLanguage\":\"pt-BR\"},{\"@type\":\"Person\",\"@id\":\"https:\\\/\\\/aconteceunovale.com.br\\\/portal\\\/#\\\/schema\\\/person\\\/633529146f2c94272bef50ac2953d589\",\"name\":\"Aconteceu no Vale\",\"description\":\"Equipe de reportagem do Aconteceu no Vale, portal de not\u00edcias do Vale do Jequitinhonha, em Minas Gerais. Cobrimos as 51 cidades do Vale desde 2013. Sugest\u00f5es de pauta e pedidos de corre\u00e7\u00e3o: contato@aconteceunovale.com.br\",\"sameAs\":[\"http:\\\/\\\/www.aconteceunovale.com.br\"],\"url\":\"https:\\\/\\\/aconteceunovale.com.br\\\/portal\\\/?author=1\"}]}<\/script>\n<!-- \/ Yoast SEO plugin. -->","yoast_head_json":{"title":"Suspeito de participar de chacina no interior de S\u00e3o Paulo \u00e9 preso em Salinas - Aconteceu no Vale","robots":{"index":"index","follow":"follow","max-snippet":"max-snippet:-1","max-image-preview":"max-image-preview:large","max-video-preview":"max-video-preview:-1"},"canonical":"https:\/\/aconteceunovale.com.br\/portal\/?p=120409","og_locale":"pt_BR","og_type":"article","og_title":"Suspeito de participar de chacina no interior de S\u00e3o Paulo \u00e9 preso em Salinas - Aconteceu no Vale","og_description":"Um foragido da Justi\u00e7a de S\u00e3o Paulo foi preso em Salinas, na manh\u00e3 desta ter\u00e7a-feira (22\/08\/2017), em uma opera\u00e7\u00e3o da Pol\u00edcia Militar. Gilson Maur\u00edcio de Lima, de 37 anos, \u00e9 acusado de v\u00e1rios crimes, entre eles de participar de uma chacina no bairro Jardim Borghese, em Piracicaba (SP), em abril de 2013. De acordo com [&hellip;]","og_url":"https:\/\/aconteceunovale.com.br\/portal\/?p=120409","og_site_name":"Aconteceu no Vale","article_publisher":"https:\/\/www.facebook.com\/aconteceunovale\/","article_published_time":"2017-08-23T00:45:17+00:00","og_image":[{"width":678,"height":381,"url":"https:\/\/aconteceunovale.com.br\/portal\/wp-content\/uploads\/2017\/08\/foragido_salinas.jpg","type":"image\/jpeg"}],"author":"Aconteceu no Vale","twitter_card":"summary_large_image","twitter_creator":"@noticiadosvales","twitter_site":"@noticiadosvales","twitter_misc":{"Escrito por":"Aconteceu no Vale","Est. tempo de leitura":"1 minuto"},"schema":{"@context":"https:\/\/schema.org","@graph":[{"@type":"Article","@id":"https:\/\/aconteceunovale.com.br\/portal\/?p=120409#article","isPartOf":{"@id":"https:\/\/aconteceunovale.com.br\/portal\/?p=120409"},"author":{"name":"Aconteceu no Vale","@id":"https:\/\/aconteceunovale.com.br\/portal\/#\/schema\/person\/633529146f2c94272bef50ac2953d589"},"headline":"Suspeito de participar de chacina no interior de S\u00e3o Paulo \u00e9 preso em Salinas","datePublished":"2017-08-23T00:45:17+00:00","mainEntityOfPage":{"@id":"https:\/\/aconteceunovale.com.br\/portal\/?p=120409"},"wordCount":227,"commentCount":0,"image":{"@id":"https:\/\/aconteceunovale.com.br\/portal\/?p=120409#primaryimage"},"thumbnailUrl":"https:\/\/aconteceunovale.com.br\/portal\/wp-content\/uploads\/2017\/08\/foragido_salinas.jpg","keywords":["Chacina em Piracicaba","destaque","Gilson Maur\u00edcio de Lima","homem preso em Salinas","Pedreiro preso em Salinas","Piracicaba","preso em Salinas","Salinas","Suspeito de chacina em Piracicaba","Suspeito de participar de chacina com 5 v\u00edtimas em S\u00e3o Paulo \u00e9 preso em Salinas","Suspeito de participar de chacina em S\u00e3o Paulo","Suspeito de participar de chacina em S\u00e3o Paulo \u00e9 preso em Salinas","Suspeito de participar de chacina no interior de S\u00e3o Paulo \u00e9 preso em Salinas"],"articleSection":["Brasil","Norte de Minas"],"inLanguage":"pt-BR","potentialAction":[{"@type":"CommentAction","name":"Comment","target":["https:\/\/aconteceunovale.com.br\/portal\/?p=120409#respond"]}]},{"@type":"WebPage","@id":"https:\/\/aconteceunovale.com.br\/portal\/?p=120409","url":"https:\/\/aconteceunovale.com.br\/portal\/?p=120409","name":"Suspeito de participar de chacina no interior de S\u00e3o Paulo \u00e9 preso em Salinas - Aconteceu no Vale","isPartOf":{"@id":"https:\/\/aconteceunovale.com.br\/portal\/#website"},"primaryImageOfPage":{"@id":"https:\/\/aconteceunovale.com.br\/portal\/?p=120409#primaryimage"},"image":{"@id":"https:\/\/aconteceunovale.com.br\/portal\/?p=120409#primaryimage"},"thumbnailUrl":"https:\/\/aconteceunovale.com.br\/portal\/wp-content\/uploads\/2017\/08\/foragido_salinas.jpg","datePublished":"2017-08-23T00:45:17+00:00","author":{"@id":"https:\/\/aconteceunovale.com.br\/portal\/#\/schema\/person\/633529146f2c94272bef50ac2953d589"},"breadcrumb":{"@id":"https:\/\/aconteceunovale.com.br\/portal\/?p=120409#breadcrumb"},"inLanguage":"pt-BR","potentialAction":[{"@type":"ReadAction","target":["https:\/\/aconteceunovale.com.br\/portal\/?p=120409"]}]},{"@type":"ImageObject","inLanguage":"pt-BR","@id":"https:\/\/aconteceunovale.com.br\/portal\/?p=120409#primaryimage","url":"https:\/\/aconteceunovale.com.br\/portal\/wp-content\/uploads\/2017\/08\/foragido_salinas.jpg","contentUrl":"https:\/\/aconteceunovale.com.br\/portal\/wp-content\/uploads\/2017\/08\/foragido_salinas.jpg","width":678,"height":381},{"@type":"BreadcrumbList","@id":"https:\/\/aconteceunovale.com.br\/portal\/?p=120409#breadcrumb","itemListElement":[{"@type":"ListItem","position":1,"name":"In\u00edcio","item":"https:\/\/aconteceunovale.com.br\/portal\/"},{"@type":"ListItem","position":2,"name":"Suspeito de participar de chacina no interior de S\u00e3o Paulo \u00e9 preso em Salinas"}]},{"@type":"WebSite","@id":"https:\/\/aconteceunovale.com.br\/portal\/#website","url":"https:\/\/aconteceunovale.com.br\/portal\/","name":"Aconteceu no Vale","description":"Portal de Not\u00edcias","potentialAction":[{"@type":"SearchAction","target":{"@type":"EntryPoint","urlTemplate":"https:\/\/aconteceunovale.com.br\/portal\/?s={search_term_string}"},"query-input":{"@type":"PropertyValueSpecification","valueRequired":true,"valueName":"search_term_string"}}],"inLanguage":"pt-BR"},{"@type":"Person","@id":"https:\/\/aconteceunovale.com.br\/portal\/#\/schema\/person\/633529146f2c94272bef50ac2953d589","name":"Aconteceu no Vale","description":"Equipe de reportagem do Aconteceu no Vale, portal de not\u00edcias do Vale do Jequitinhonha, em Minas Gerais. Cobrimos as 51 cidades do Vale desde 2013. Sugest\u00f5es de pauta e pedidos de corre\u00e7\u00e3o: contato@aconteceunovale.com.br","sameAs":["http:\/\/www.aconteceunovale.com.br"],"url":"https:\/\/aconteceunovale.com.br\/portal\/?author=1"}]}},"_links":{"self":[{"href":"https:\/\/aconteceunovale.com.br\/portal\/index.php?rest_route=\/wp\/v2\/posts\/120409","targetHints":{"allow":["GET"]}}],"collection":[{"href":"https:\/\/aconteceunovale.com.br\/portal\/index.php?rest_route=\/wp\/v2\/posts"}],"about":[{"href":"https:\/\/aconteceunovale.com.br\/portal\/index.php?rest_route=\/wp\/v2\/types\/post"}],"author":[{"embeddable":true,"href":"https:\/\/aconteceunovale.com.br\/portal\/index.php?rest_route=\/wp\/v2\/users\/1"}],"replies":[{"embeddable":true,"href":"https:\/\/aconteceunovale.com.br\/portal\/index.php?rest_route=%2Fwp%2Fv2%2Fcomments&post=120409"}],"version-history":[{"count":0,"href":"https:\/\/aconteceunovale.com.br\/portal\/index.php?rest_route=\/wp\/v2\/posts\/120409\/revisions"}],"wp:featuredmedia":[{"embeddable":true,"href":"https:\/\/aconteceunovale.com.br\/portal\/index.php?rest_route=\/wp\/v2\/media\/120410"}],"wp:attachment":[{"href":"https:\/\/aconteceunovale.com.br\/portal\/index.php?rest_route=%2Fwp%2Fv2%2Fmedia&parent=120409"}],"wp:term":[{"taxonomy":"category","embeddable":true,"href":"https:\/\/aconteceunovale.com.br\/portal\/index.php?rest_route=%2Fwp%2Fv2%2Fcategories&post=120409"},{"taxonomy":"post_tag","embeddable":true,"href":"https:\/\/aconteceunovale.com.br\/portal\/index.php?rest_route=%2Fwp%2Fv2%2Ftags&post=120409"}],"curies":[{"name":"wp","href":"https:\/\/api.w.org\/{rel}","templated":true}]}}