{"id":120405,"date":"2017-08-22T22:28:09","date_gmt":"2017-08-23T00:28:09","guid":{"rendered":"http:\/\/aconteceunovale.com.br\/portal\/?p=120405"},"modified":"2017-08-22T22:28:09","modified_gmt":"2017-08-23T00:28:09","slug":"policia-federal-investiga-quadrilha-que-falsificava-documentos-para-obter-linhas-de-credito-no-norte-de-minas","status":"publish","type":"post","link":"https:\/\/aconteceunovale.com.br\/portal\/?p=120405","title":{"rendered":"Pol\u00edcia Federal investiga quadrilha que falsificava documentos para obter linhas de cr\u00e9dito no Norte de Minas"},"content":{"rendered":"<p>Sete pessoas s\u00e3o investigadas na Opera\u00e7\u00e3o \u2018Gera\u00e7\u00e3o Perdida\u2019 realizada pela Pol\u00edcia Federal, na manh\u00e3 desta ter\u00e7a-feira (22\/08\/2017), no Norte de Minas. De acordo com a PF, av\u00f4, filho e neto s\u00e3o suspeitos de participarem do esquema que fraudava documentos, como CPF e RG, para conseguirem linhas de cr\u00e9ditos e aberturas de contas, h\u00e1 cinco anos. Tr\u00eas amigos e uma funcion\u00e1ria de um correspondente banc\u00e1rio tamb\u00e9m s\u00e3o investigados. Em um \u00fanico banco, os preju\u00edzos podem chegar a R$ 1,3 milh\u00e3o; em com\u00e9rcios, o preju\u00edzo estimado \u00e9 de R$ 50 mil, segundo a PF.<\/p>\n<p>\u201cO perfil do grupo \u00e9 predominante jovem; tem entre 24 e 37 anos, e o av\u00f4, de 68. Eles mantinham relacionamento em redes sociais, o que foi poss\u00edvel criar este v\u00ednculo entre eles. Em via de regra, a popula\u00e7\u00e3o tem dificuldade para abrir contas e contratar empr\u00e9stimos, mas, neste caso, eles ainda contavam com a ajuda da funcion\u00e1ria\u201d, explica o delegado Marcelo de Freitas.<\/p>\n<p>Durante a opera\u00e7\u00e3o, foram cumpridos sete mandados de busca e apreens\u00e3o, sete ordens de identifica\u00e7\u00e3o criminal e sete mandados de sequestro de bens, quando contas dos suspeitos s\u00e3o bloqueadas para poss\u00edveis ressarcimentos. Seis investigados s\u00e3o de V\u00e1rzea da Palma e a funcion\u00e1ria do correspondente banc\u00e1rio \u00e9 de Montes Claros.<\/p>\n<p>\u201cOs suspeitos pegavam um documento e, com a m\u00ednima altera\u00e7\u00e3o de dado \u2013 como no nome, por exemplo &#8211; conseguiam gerar um novo documento, mediante informa\u00e7\u00f5es falsas, de pessoas que n\u00e3o existem; em seguida, com a ajuda de uma funcion\u00e1ria de um correspondente banc\u00e1rio, abriam contas com limites elevados, conseguiam linhas de cr\u00e9ditos e compravam produtos em com\u00e9rcios, inclusive, virtual\u201d, diz o delegado.<\/p>\n<p>A Pol\u00edcia Federal come\u00e7ou as investiga\u00e7\u00f5es, que duraram oito meses, depois que o pr\u00f3prio banco desconfiou das aberturas de contas e de pedidos de empr\u00e9stimo. Durante o cumprimento dos mandados, os policiais apreenderam diversos cart\u00f5es, c\u00f3pias de documentos e folhas de cheques.<\/p>\n<p>Pelo menos tr\u00eas institui\u00e7\u00f5es financeiras e 10 com\u00e9rcios foram alvos da quadrilha. Os investigados foram intimados e devem ser ouvidos ainda nesta ter\u00e7a, na delegacia de Montes Claros. Se condenados, eles podem pegar at\u00e9 30 anos de pris\u00e3o pelos crimes de estelionato qualificado, por atuarem em \u00f3rg\u00e3os de compet\u00eancia federal, falsidade ideol\u00f3gica, uso de documento falso e falsidade ideol\u00f3gica.<\/p>\n<p><img decoding=\"async\" src=\"http:\/\/aconteceunovale.com.br\/portal\/wp-content\/uploads\/2017\/08\/operacao_pf_nm.jpg\" alt=\"\" \/><em>Mandados foram cumpridos em Montes Claros e V\u00e1rzea da Palma (Foto: PF\/Divulga\u00e7\u00e3o)<\/em><br \/>\n<\/br><\/p>\n<p><strong>VER PRIMEIRO<\/strong><\/p>\n<p>Receba as not\u00edcias do Aconteceu no Vale em primeira m\u00e3o. Clique em curtir no endere\u00e7o <a href=\"https:\/\/www.facebook.com\/aconteceunovale\" target=\"_blank\"><font color=\"red\">www.facebook.com\/aconteceunovale<\/font><\/a> ou no box abaixo:<\/p>\n<div class=\"fb-like\" data-href=\"https:\/\/www.facebook.com\/aconteceunovale\" data-width=\"120\" data-layout=\"standard\" data-action=\"like\" data-size=\"small\" data-show-faces=\"true\" data-share=\"true\"><\/div>\n<p><\/br><\/p>\n<p><em>(Fonte: G1 Grande Minas)<\/em><\/p>\n","protected":false},"excerpt":{"rendered":"<p>Sete pessoas s\u00e3o investigadas na Opera\u00e7\u00e3o \u2018Gera\u00e7\u00e3o Perdida\u2019 realizada pela Pol\u00edcia Federal, na manh\u00e3 desta ter\u00e7a-feira (22\/08\/2017), no Norte de Minas. De acordo com a PF, av\u00f4, filho e neto s\u00e3o suspeitos de participarem do esquema que fraudava documentos, como CPF e RG, para conseguirem linhas de cr\u00e9ditos e aberturas de contas, h\u00e1 cinco anos. [&hellip;]<\/p>\n","protected":false},"author":1,"featured_media":120406,"comment_status":"open","ping_status":"closed","sticky":false,"template":"","format":"standard","meta":{"amp_status":"","footnotes":""},"categories":[1236],"tags":[157952,1018,157953,157951,90839,90837,157948,157949,157950,20966,772,157947,1340],"class_list":["post-120405","post","type-post","status-publish","format-standard","has-post-thumbnail","hentry","category-norte_de_minas","tag-delegado-marcelo-de-freitas","tag-destaque","tag-investigados-em-operacao-da-policia-federal-no-norte-de-minas","tag-marcelo-de-freitas","tag-operacao-da-pf-no-norte-de-minas","tag-operacao-da-policia-federal-no-norte-de-minas","tag-operacao-geracao-perdida","tag-operacao-geracao-perdida-da-pf","tag-operacao-geracao-perdida-no-norte-de-minas","tag-pf","tag-policia-federal","tag-policia-federal-investiga-quadrilha-que-falsificava-documentos-para-obter-linhas-de-credito-no-norte-de-minas","tag-varzea-da-palma"],"_links":{"self":[{"href":"https:\/\/aconteceunovale.com.br\/portal\/index.php?rest_route=\/wp\/v2\/posts\/120405","targetHints":{"allow":["GET"]}}],"collection":[{"href":"https:\/\/aconteceunovale.com.br\/portal\/index.php?rest_route=\/wp\/v2\/posts"}],"about":[{"href":"https:\/\/aconteceunovale.com.br\/portal\/index.php?rest_route=\/wp\/v2\/types\/post"}],"author":[{"embeddable":true,"href":"https:\/\/aconteceunovale.com.br\/portal\/index.php?rest_route=\/wp\/v2\/users\/1"}],"replies":[{"embeddable":true,"href":"https:\/\/aconteceunovale.com.br\/portal\/index.php?rest_route=%2Fwp%2Fv2%2Fcomments&post=120405"}],"version-history":[{"count":0,"href":"https:\/\/aconteceunovale.com.br\/portal\/index.php?rest_route=\/wp\/v2\/posts\/120405\/revisions"}],"wp:featuredmedia":[{"embeddable":true,"href":"https:\/\/aconteceunovale.com.br\/portal\/index.php?rest_route=\/wp\/v2\/media\/120406"}],"wp:attachment":[{"href":"https:\/\/aconteceunovale.com.br\/portal\/index.php?rest_route=%2Fwp%2Fv2%2Fmedia&parent=120405"}],"wp:term":[{"taxonomy":"category","embeddable":true,"href":"https:\/\/aconteceunovale.com.br\/portal\/index.php?rest_route=%2Fwp%2Fv2%2Fcategories&post=120405"},{"taxonomy":"post_tag","embeddable":true,"href":"https:\/\/aconteceunovale.com.br\/portal\/index.php?rest_route=%2Fwp%2Fv2%2Ftags&post=120405"}],"curies":[{"name":"wp","href":"https:\/\/api.w.org\/{rel}","templated":true}]}}