{"id":120403,"date":"2017-08-22T22:20:12","date_gmt":"2017-08-23T00:20:12","guid":{"rendered":"http:\/\/aconteceunovale.com.br\/portal\/?p=120403"},"modified":"2017-08-22T22:33:06","modified_gmt":"2017-08-23T00:33:06","slug":"homem-e-assassinado-dentro-de-casa-em-bocaiuva","status":"publish","type":"post","link":"https:\/\/aconteceunovale.com.br\/portal\/?p=120403","title":{"rendered":"Homem \u00e9 assassinado dentro de casa em Bocaiuva"},"content":{"rendered":"<p>Um homem de 51 anos foi morto a tiros em Bocaiuva, na noite dessa segunda-feira (21\/08\/2017). De acordo com a Pol\u00edcia Militar (PM), o companheiro dele ouviu barulhos de tiro e, ao chegar em casa, encontrou a v\u00edtima encostado na cabeceira da cama, sangrando. Ao sair para pedir ajuda, o homem encontrou uma viatura da Pol\u00edcia Militar.<\/p>\n<p>\u201cMor\u00e1vamos juntos, sempre em Bocaiuva. Ele trabalhava com limpeza de lotes, de quintal, quando era chamado. Quando eu cheguei em casa, o encontrei j\u00e1 ferido. A televis\u00e3o estava ligada, porque ele sempre assistia a novela\u201d, lamenta o companheiro.<\/p>\n<p>O crime aconteceu por volta das 18h40, na Rua Santa Maria, no Bairro Jardim Am\u00e9rica. Samu e Per\u00edcia estiveram no local e constataram o \u00f3bito; Jos\u00e9 Aparecido Silva estava com ferimentos na boca e nariz. A suspeita \u00e9 de que a v\u00edtima tenha sido atingida pelas costas, por uma janela. A motiva\u00e7\u00e3o n\u00e3o foi esclarecida e a Pol\u00edcia Civil vai investigar o caso.<\/p>\n<p>O corpo da v\u00edtima foi encaminhada ao Instituto M\u00e9dico Legal (IML) em Montes Claros. Ningu\u00e9m foi preso.<\/p>\n<h4>Homem \u00e9 atingido por bala perdida em Montes Claros<\/h4>\n<p>Um homem de 30 anos foi ferido na coxa, na noite dessa segunda-feira (21), na Vila Mauriceia, em Montes Claros. A v\u00edtima contou aos militares que dois homens, em uma motocicleta, atiraram em outros dois homens que passavam correndo pela rua, quando ele foi atingido.<\/p>\n<p>O Samu esteve no local e levou o ferido at\u00e9 um hospital da cidade; ele foi atendido e liberado. Uma adolescente, de 13, tamb\u00e9m foi atingida de rasp\u00e3o por um estilha\u00e7o, mas n\u00e3o precisou ser socorrida at\u00e9 uma unidade de sa\u00fade.<\/p>\n<p>Os disparos foram por volta das 19h45, na Rua Bel\u00e9m. De acordo com a Pol\u00edcia Miliar, a suspeita \u00e9 que os tiros tenham ocorrido por disputa do tr\u00e1fico de drogas na regi\u00e3o. No local, foram apreendidas seis c\u00e1psulas de arma de fogo. A Pol\u00edcia Civil ir\u00e1 investigar o caso.<\/p>\n<p><strong>VER PRIMEIRO<\/strong><\/p>\n<p>Receba as not\u00edcias do Aconteceu no Vale em primeira m\u00e3o. Clique em curtir no endere\u00e7o <a href=\"https:\/\/www.facebook.com\/aconteceunovale\" target=\"_blank\"><font color=\"red\">www.facebook.com\/aconteceunovale<\/font><\/a> ou no box abaixo:<\/p>\n<div class=\"fb-like\" data-href=\"https:\/\/www.facebook.com\/aconteceunovale\" data-width=\"120\" data-layout=\"standard\" data-action=\"like\" data-size=\"small\" data-show-faces=\"true\" data-share=\"true\"><\/div>\n<p><\/br><\/p>\n<p><em>(Fonte: G1 Grande Minas)<\/em><\/p>\n","protected":false},"excerpt":{"rendered":"<p>Um homem de 51 anos foi morto a tiros em Bocaiuva, na noite dessa segunda-feira (21\/08\/2017). De acordo com a Pol\u00edcia Militar (PM), o companheiro dele ouviu barulhos de tiro e, ao chegar em casa, encontrou a v\u00edtima encostado na cabeceira da cama, sangrando. Ao sair para pedir ajuda, o homem encontrou uma viatura da [&hellip;]<\/p>\n","protected":false},"author":1,"featured_media":57698,"comment_status":"open","ping_status":"closed","sticky":false,"template":"","format":"standard","meta":{"amp_status":"","footnotes":""},"categories":[1236],"tags":[39392,645,157942,157946,39394,157945,210,157943,157944],"class_list":["post-120403","post","type-post","status-publish","format-standard","has-post-thumbnail","hentry","category-norte_de_minas","tag-assassinato-em-bocaiuva","tag-bocaiuva","tag-homem-e-assassinado-dentro-de-casa-em-bocaiuva","tag-homem-e-atingido-por-bala-perdida-em-montes-claros","tag-homicidio-em-bocaiuva","tag-jose-aparecido-silva","tag-montes-claros","tag-morto-em-bocaiuva","tag-violencia-em-bocaiuva"],"_links":{"self":[{"href":"https:\/\/aconteceunovale.com.br\/portal\/index.php?rest_route=\/wp\/v2\/posts\/120403","targetHints":{"allow":["GET"]}}],"collection":[{"href":"https:\/\/aconteceunovale.com.br\/portal\/index.php?rest_route=\/wp\/v2\/posts"}],"about":[{"href":"https:\/\/aconteceunovale.com.br\/portal\/index.php?rest_route=\/wp\/v2\/types\/post"}],"author":[{"embeddable":true,"href":"https:\/\/aconteceunovale.com.br\/portal\/index.php?rest_route=\/wp\/v2\/users\/1"}],"replies":[{"embeddable":true,"href":"https:\/\/aconteceunovale.com.br\/portal\/index.php?rest_route=%2Fwp%2Fv2%2Fcomments&post=120403"}],"version-history":[{"count":0,"href":"https:\/\/aconteceunovale.com.br\/portal\/index.php?rest_route=\/wp\/v2\/posts\/120403\/revisions"}],"wp:featuredmedia":[{"embeddable":true,"href":"https:\/\/aconteceunovale.com.br\/portal\/index.php?rest_route=\/wp\/v2\/media\/57698"}],"wp:attachment":[{"href":"https:\/\/aconteceunovale.com.br\/portal\/index.php?rest_route=%2Fwp%2Fv2%2Fmedia&parent=120403"}],"wp:term":[{"taxonomy":"category","embeddable":true,"href":"https:\/\/aconteceunovale.com.br\/portal\/index.php?rest_route=%2Fwp%2Fv2%2Fcategories&post=120403"},{"taxonomy":"post_tag","embeddable":true,"href":"https:\/\/aconteceunovale.com.br\/portal\/index.php?rest_route=%2Fwp%2Fv2%2Ftags&post=120403"}],"curies":[{"name":"wp","href":"https:\/\/api.w.org\/{rel}","templated":true}]}}