{"id":120393,"date":"2017-08-22T20:38:11","date_gmt":"2017-08-22T22:38:11","guid":{"rendered":"http:\/\/aconteceunovale.com.br\/portal\/?p=120393"},"modified":"2017-08-22T20:38:11","modified_gmt":"2017-08-22T22:38:11","slug":"igreja-afasta-padre-suspeito-de-assediar-sexualmente-adolescente-em-bocaiuva","status":"publish","type":"post","link":"https:\/\/aconteceunovale.com.br\/portal\/?p=120393","title":{"rendered":"Igreja afasta padre suspeito de assediar sexualmente adolescente em Bocaiuva"},"content":{"rendered":"<p>Um padre de Bocaiuva, no Norte de Minas, foi afastado de suas fun\u00e7\u00f5es religiosas devido a suspeita de assediar sexualmente um adolescente de  17 anos. Ap\u00f3s den\u00fancia feita pela fam\u00edlia, que gravou conversas telef\u00f4nicas com o sacerdote, o caso est\u00e1 sendo apurado pela Pol\u00edcia Civil e pelo Minist\u00e9rio P\u00fablico Estadual.<\/p>\n<p>O padre, de 52 anos, estava em Bocaiuva h\u00e1 quatro meses como vig\u00e1rio da Par\u00f3quia do Senhor do Bonfim (padroeiro da cidade). Antes, na manh\u00e3 desta ter\u00e7a-feira (22\/08\/2017), a assessoria de comunica\u00e7\u00e3o da Arquidiocese de Montes Claros informou que, por decis\u00e3o do arcebispo dom Jos\u00e9 Alberto Moura, o p\u00e1roco continuar\u00e1 afastado de suas fun\u00e7\u00f5es &#8220;at\u00e9 que as investiga\u00e7\u00f5es sejam conclu\u00eddas e tudo seja esclarecido.&#8221; O religioso tamb\u00e9m ser\u00e1 alvo de um processo de apura\u00e7\u00e3o por parte da Igreja Cat\u00f3lica.<\/p>\n<p>Conforme informa\u00e7\u00f5es divulgadas por uma pessoa da fam\u00edlia do adolescente, o ass\u00e9dio teria come\u00e7ado quando o padre conheceu o jovem e o convidou a fazer parte de um grupo de ora\u00e7\u00e3o. Na mesma ocasi\u00e3o, o p\u00e1roco teria solicitado o n\u00famero do telefone celular do adolescente, passando a ligar para ele insistentemente, com conversas libidinosas. Na sequ\u00eancia, o adolescente gravou os contatos telef\u00f4nicos. Em uma das conversas, o padre teria oferecido dinheiro ao menor em troca de sexo, segundo den\u00fancia da fam\u00edlia da v\u00edtima.<\/p>\n<p>O adolescente  e a m\u00e3e dele j\u00e1 prestaram depoimentos na delegacia de Pol\u00edcia Civil de Bocaiuva. O caso \u00e9 investigado pelo delegado da cidade, Leonardo Diniz.<\/p>\n<p>A reportagem n\u00e3o conseguiu contato com o padre suspeito de ass\u00e9dio sexual para ouvir a vers\u00e3o dele. Antes de Bocaiuva, ele trabalhou em outras pequenas cidades do Norte de Minas, como Claro dos Po\u00e7\u00f5es e Jequita\u00ed.<\/p>\n<p>No in\u00edcio da d\u00e9cada de 1990, uma outra den\u00fancia de ass\u00e9dio sexual ocorrido em Bocaiuva, tamb\u00e9m envolvendo um padre, ganhou repercuss\u00e3o nacional. Na ocasi\u00e3o, o p\u00e1roco suspeito, que trabalhava na Par\u00f3quia do Sagrado Cora\u00e7\u00e3o (Bairro Pernambuco) foi transferido da cidade ap\u00f3s o esc\u00e2ndalo.<\/p>\n<p><img decoding=\"async\" src=\"http:\/\/aconteceunovale.com.br\/portal\/wp-content\/uploads\/2017\/08\/paroquia_boc.jpg\" alt=\"\" \/><em>Par\u00f3quia do Senhor do Bonfim (Foto: Reprodu\u00e7\u00e3o\/Blog Ricardo Sena)<\/em><br \/>\n<\/br><\/p>\n<p><strong>VER PRIMEIRO<\/strong><\/p>\n<p>Receba as not\u00edcias do Aconteceu no Vale em primeira m\u00e3o. Clique em curtir no endere\u00e7o <a href=\"https:\/\/www.facebook.com\/aconteceunovale\" target=\"_blank\"><font color=\"red\">www.facebook.com\/aconteceunovale<\/font><\/a> ou no box abaixo:<\/p>\n<div class=\"fb-like\" data-href=\"https:\/\/www.facebook.com\/aconteceunovale\" data-width=\"120\" data-layout=\"standard\" data-action=\"like\" data-size=\"small\" data-show-faces=\"true\" data-share=\"true\"><\/div>\n<p><\/br><\/p>\n<p><em>(Fonte: Estado de Minas \/ Rep\u00f3rter: Luiz Ribeiro)<\/em><\/p>\n","protected":false},"excerpt":{"rendered":"<p>Um padre de Bocaiuva, no Norte de Minas, foi afastado de suas fun\u00e7\u00f5es religiosas devido a suspeita de assediar sexualmente um adolescente de 17 anos. Ap\u00f3s den\u00fancia feita pela fam\u00edlia, que gravou conversas telef\u00f4nicas com o sacerdote, o caso est\u00e1 sendo apurado pela Pol\u00edcia Civil e pelo Minist\u00e9rio P\u00fablico Estadual. O padre, de 52 anos, [&hellip;]<\/p>\n","protected":false},"author":1,"featured_media":120394,"comment_status":"open","ping_status":"closed","sticky":false,"template":"","format":"standard","meta":{"amp_status":"","footnotes":""},"categories":[1236],"tags":[645,157924,157927,157925,157926,157923,157922],"class_list":["post-120393","post","type-post","status-publish","format-standard","has-post-thumbnail","hentry","category-norte_de_minas","tag-bocaiuva","tag-estuprado-por-padre-em-bocaiuva","tag-igreja-afasta-padre-suspeito-de-assediar-sexualmente-adolescente-em-bocaiuva","tag-padre-afastado-em-bocaiuva","tag-padre-bocaiuva","tag-padre-estuprador-bocaiuva","tag-paroquia-do-senhor-do-bonfim"],"_links":{"self":[{"href":"https:\/\/aconteceunovale.com.br\/portal\/index.php?rest_route=\/wp\/v2\/posts\/120393","targetHints":{"allow":["GET"]}}],"collection":[{"href":"https:\/\/aconteceunovale.com.br\/portal\/index.php?rest_route=\/wp\/v2\/posts"}],"about":[{"href":"https:\/\/aconteceunovale.com.br\/portal\/index.php?rest_route=\/wp\/v2\/types\/post"}],"author":[{"embeddable":true,"href":"https:\/\/aconteceunovale.com.br\/portal\/index.php?rest_route=\/wp\/v2\/users\/1"}],"replies":[{"embeddable":true,"href":"https:\/\/aconteceunovale.com.br\/portal\/index.php?rest_route=%2Fwp%2Fv2%2Fcomments&post=120393"}],"version-history":[{"count":0,"href":"https:\/\/aconteceunovale.com.br\/portal\/index.php?rest_route=\/wp\/v2\/posts\/120393\/revisions"}],"wp:featuredmedia":[{"embeddable":true,"href":"https:\/\/aconteceunovale.com.br\/portal\/index.php?rest_route=\/wp\/v2\/media\/120394"}],"wp:attachment":[{"href":"https:\/\/aconteceunovale.com.br\/portal\/index.php?rest_route=%2Fwp%2Fv2%2Fmedia&parent=120393"}],"wp:term":[{"taxonomy":"category","embeddable":true,"href":"https:\/\/aconteceunovale.com.br\/portal\/index.php?rest_route=%2Fwp%2Fv2%2Fcategories&post=120393"},{"taxonomy":"post_tag","embeddable":true,"href":"https:\/\/aconteceunovale.com.br\/portal\/index.php?rest_route=%2Fwp%2Fv2%2Ftags&post=120393"}],"curies":[{"name":"wp","href":"https:\/\/api.w.org\/{rel}","templated":true}]}}