{"id":120389,"date":"2017-08-22T20:21:39","date_gmt":"2017-08-22T22:21:39","guid":{"rendered":"http:\/\/aconteceunovale.com.br\/portal\/?p=120389"},"modified":"2017-08-22T20:21:39","modified_gmt":"2017-08-22T22:21:39","slug":"locutor-esportivo-willy-gonser-morre-em-bh","status":"publish","type":"post","link":"https:\/\/aconteceunovale.com.br\/portal\/?p=120389","title":{"rendered":"Locutor esportivo Willy Gonser morre em BH"},"content":{"rendered":"<p>O radialista e narrador esportivo Willy Gonser morreu hoje (22\/08\/2017) aos 80 anos de idade. Reconhecido por ter atuado por 30 anos como locutor dos jogos do Atl\u00e9tico-MG transmitidos pela R\u00e1dio Itatiaia, ele tem ainda em seu curr\u00edculo passagens por emissoras ga\u00fachas, paulistas e cariocas. Willy estava internado em Belo Horizonte, onde fazia um tratamento contra pneumonia.<\/p>\n<p>O corpo est\u00e1 sendo velado no Funeral House, na regi\u00e3o centro-sul de Belo Horizonte. O enterro ser\u00e1 amanh\u00e3 (23), \u00e0s 10h, no cemit\u00e9rio Bosque da Esperan\u00e7a, tamb\u00e9m na capital mineira.<\/p>\n<p>Nascido em Curitiba, filho de um alem\u00e3o e uma paranaense, o radialista come\u00e7ou sua carreira em 1953 em sua cidade natal. Na R\u00e1dio Marumby, ele emprestou sua voz ao notici\u00e1rio, \u00e0s chamadas musicais e aos comerciais, at\u00e9 ter oportunidade em uma transmiss\u00e3o esportiva.<\/p>\n<p>O v\u00ednculo de Gonser com o Atl\u00e9tico-MG come\u00e7ou em 1979, quando ele foi contratado pela R\u00e1dio Itatiaia. Caracterizado pela emissora como &#8220;o mais completo narrador esportivo do Brasil&#8221;, ele eternizou com a sua voz partidas memor\u00e1veis que emocionaram torcedores at\u00e9 2009. Em reconhecimento ao seu trabalho e \u00e0 idolatria de gera\u00e7\u00f5es de atleticanos, o clube mineiro lhe entregou em 2002 sua maior honraria: o Galo de Prata.<\/p>\n<p>Antes de chegar \u00e0 R\u00e1dio Itatiaia, o locutor passou pelas r\u00e1dios Ga\u00facha (RS), Farroupilha (RS), Continental (RJ), Jovem Pan (SP), Bandeirantes (SP) e Nacional (RJ). Pelas diferentes emissoras, ele somou 11 coberturas de Copas do Mundo. E foi em uma delas que ele narrou o gol que posteriormente classificaria como o mais emocionante de sua carreira: o segundo de Ronaldo, na final de 2002, contra a Alemanha.<\/p>\n<p><img decoding=\"async\" src=\"http:\/\/aconteceunovale.com.br\/portal\/wp-content\/uploads\/2017\/08\/villy_galo.jpg\" alt=\"\" \/><em>Willy Gonser era o narrador oficial do Atl\u00e9tico-MG (Reprodu\u00e7\u00e3o\/O Dia)<\/em><br \/>\n<\/br><\/p>\n<p><strong>R\u00e1dio Nacional<\/strong><\/p>\n<p>Willy Gonser trabalhou na R\u00e1dio Nacional do Rio de Janeiro entre 1976 e 1978. Mas seu primeiro contato com a emissora foi em 1970, durante a cobertura da Copa do Mundo em que a Sele\u00e7\u00e3o Brasileira se sagrou tricampe\u00e3. Na \u00e9poca, ele trabalhava na R\u00e1dio Ga\u00facha, que encabe\u00e7ava a rede CRC &#8211; Comando Radiof\u00f4nico da Copa juntamente com a R\u00e1dio Nacional do Rio de Janeiro, a R\u00e1dio Nacional de Bras\u00edlia e a R\u00e1dio Globo do Rio de Janeiro.<\/p>\n<p>Durante a Copa disputada no M\u00e9xico, a rede forneceu as transmiss\u00f5es para o maior n\u00famero de emissoras em portugu\u00eas em todo o mundo. Organiza\u00e7\u00f5es semelhantes, mas com alcance menor, foram montadas por outras r\u00e1dios. Os ve\u00edculos ligados aos Di\u00e1rios Associados, por exemplo, se organizaram numa rede pr\u00f3pria. Criar redes com tr\u00eas ou quatro r\u00e1dios foi uma solu\u00e7\u00e3o encontrada pelo governo brasileiro para lidar com o n\u00famero limitado de frequ\u00eancias para transmiss\u00e3o a partir dos est\u00e1dios no M\u00e9xico.<\/p>\n<p>Em 2015, o programa Todas as Vozes, da R\u00e1dio MEC, levou ao ar uma edi\u00e7\u00e3o que resgatou dos arquivo da EBC trechos da final em que o Brasil goleou a It\u00e1lia por 4 a 1. A partida foi narrada por Waldir Amaral, da R\u00e1dio Globo, e Jorge Curi, da R\u00e1dio Nacional. Os coment\u00e1rios foram feitos por Luiz Mendes, M\u00e1rio Vianna, Willy Gonser e Paulo C\u00e9sar Tenius.<\/p>\n<p><strong>Fim da carreira<\/strong><\/p>\n<p>No final de 2009, Willy Gonser desligou-se da R\u00e1dio Itatiaia e posteriormente anunciou sua aposentadoria. Ele vinha enfrentando problemas cr\u00f4nicos com a sua voz.<\/p>\n<p>Em 2015, por\u00e9m, o radialista voltou a trabalhar ap\u00f3s aceitar um convite da R\u00e1dio Inconfid\u00eancia, emissora p\u00fablica vinculada ao governo de Minas Gerais. A nova experi\u00eancia durou apenas seis meses, nos quais ele atuou como comentarista durante as transmiss\u00f5es de partidas e como apresentador do programa Observat\u00f3rio do Esporte.<\/p>\n<p>Por meio das redes sociais, o Atl\u00e9tico-MG manifestou pesar pela morte do locutor. &#8220;Nossa imensa tristeza pelo falecimento do mais completo narrador esportivo do Brasil&#8221;, postou o clube. O rival Cruzeiro tamb\u00e9m ofereceu homenagem ao Willy Gonser, chamando-o de Alem\u00e3o como foi carinhosamente apelidado por amigos. &#8220;O Cruzeiro Esporte Clube se solidariza com a fam\u00edlia do Alem\u00e3o e seus amigos de imprensa. Descanse em paz, Willy Gonser&#8221;, diz a mensagem.<\/p>\n<p><strong>VER PRIMEIRO<\/strong><\/p>\n<p>Receba as not\u00edcias do Aconteceu no Vale em primeira m\u00e3o. Clique em curtir no endere\u00e7o <a href=\"https:\/\/www.facebook.com\/aconteceunovale\" target=\"_blank\"><font color=\"red\">www.facebook.com\/aconteceunovale<\/font><\/a> ou no box abaixo:<\/p>\n<div class=\"fb-like\" data-href=\"https:\/\/www.facebook.com\/aconteceunovale\" data-width=\"120\" data-layout=\"standard\" data-action=\"like\" data-size=\"small\" data-show-faces=\"true\" data-share=\"true\"><\/div>\n<p><\/br><\/p>\n<p><em>(Fonte: Ag\u00eancia Brasil)<\/em><\/p>\n","protected":false},"excerpt":{"rendered":"<p>O radialista e narrador esportivo Willy Gonser morreu hoje (22\/08\/2017) aos 80 anos de idade. Reconhecido por ter atuado por 30 anos como locutor dos jogos do Atl\u00e9tico-MG transmitidos pela R\u00e1dio Itatiaia, ele tem ainda em seu curr\u00edculo passagens por emissoras ga\u00fachas, paulistas e cariocas. Willy estava internado em Belo Horizonte, onde fazia um tratamento [&hellip;]<\/p>\n","protected":false},"author":1,"featured_media":120391,"comment_status":"open","ping_status":"closed","sticky":false,"template":"","format":"standard","meta":{"amp_status":"","footnotes":""},"categories":[59,123],"tags":[40575,194,1017,157910,4608,157907,157916,157911,157912,157906,157920,157909,157908,157915,157919,157918,157917,130253,157913,157914,157905,157921],"class_list":["post-120389","post","type-post","status-publish","format-standard","has-post-thumbnail","hentry","category-sports","category-gerais","tag-atletico-mg","tag-belo-horizonte","tag-bh","tag-causa-da-morte-de-willy-gonser","tag-curitiba","tag-falecimento","tag-galo-de-prata","tag-locutor-do-atletico-mg","tag-locutor-do-atletico-mg-na-radio-itatiaia","tag-locutor-esportivo","tag-locutor-esportivo-willy-gonser-morre-em-bh","tag-morre-willy-gonser","tag-morte-de-willy-gonser","tag-o-mais-completo-narrador-esportivo-do-brasil","tag-radio-continental","tag-radio-farroupilha","tag-radio-gaucha","tag-radio-inconfidencia","tag-radio-itatiaia","tag-radio-nacional-do-rio-de-janeiro","tag-willy-gonser","tag-willy-gonser-era-o-narrador-oficial-do-atletico-mg"],"_links":{"self":[{"href":"https:\/\/aconteceunovale.com.br\/portal\/index.php?rest_route=\/wp\/v2\/posts\/120389","targetHints":{"allow":["GET"]}}],"collection":[{"href":"https:\/\/aconteceunovale.com.br\/portal\/index.php?rest_route=\/wp\/v2\/posts"}],"about":[{"href":"https:\/\/aconteceunovale.com.br\/portal\/index.php?rest_route=\/wp\/v2\/types\/post"}],"author":[{"embeddable":true,"href":"https:\/\/aconteceunovale.com.br\/portal\/index.php?rest_route=\/wp\/v2\/users\/1"}],"replies":[{"embeddable":true,"href":"https:\/\/aconteceunovale.com.br\/portal\/index.php?rest_route=%2Fwp%2Fv2%2Fcomments&post=120389"}],"version-history":[{"count":0,"href":"https:\/\/aconteceunovale.com.br\/portal\/index.php?rest_route=\/wp\/v2\/posts\/120389\/revisions"}],"wp:featuredmedia":[{"embeddable":true,"href":"https:\/\/aconteceunovale.com.br\/portal\/index.php?rest_route=\/wp\/v2\/media\/120391"}],"wp:attachment":[{"href":"https:\/\/aconteceunovale.com.br\/portal\/index.php?rest_route=%2Fwp%2Fv2%2Fmedia&parent=120389"}],"wp:term":[{"taxonomy":"category","embeddable":true,"href":"https:\/\/aconteceunovale.com.br\/portal\/index.php?rest_route=%2Fwp%2Fv2%2Fcategories&post=120389"},{"taxonomy":"post_tag","embeddable":true,"href":"https:\/\/aconteceunovale.com.br\/portal\/index.php?rest_route=%2Fwp%2Fv2%2Ftags&post=120389"}],"curies":[{"name":"wp","href":"https:\/\/api.w.org\/{rel}","templated":true}]}}