{"id":120387,"date":"2017-08-22T10:20:39","date_gmt":"2017-08-22T12:20:39","guid":{"rendered":"http:\/\/aconteceunovale.com.br\/portal\/?p=120387"},"modified":"2017-08-22T10:20:39","modified_gmt":"2017-08-22T12:20:39","slug":"hoje-e-o-ultimo-dia-para-fazer-a-inscricao-em-cursos-do-pronatec","status":"publish","type":"post","link":"https:\/\/aconteceunovale.com.br\/portal\/?p=120387","title":{"rendered":"Hoje \u00e9 o \u00faltimo dia para fazer a inscri\u00e7\u00e3o em cursos do Pronatec"},"content":{"rendered":"<p>O prazo de inscri\u00e7\u00e3o para mais de 500 mil vagas do Programa Nacional de Acesso ao Ensino T\u00e9cnico e Emprego (Pronatec) \u2013 Oferta Volunt\u00e1ria termina hoje (22). Anteriormente previsto para ser encerrado em 18 de agosto, o prazo foi ampliado para garantir oportunidade aos que n\u00e3o puderam se inscrever em tempo h\u00e1bil.<\/p>\n<p>As oportunidades s\u00e3o gratuitas e os cursos, de forma\u00e7\u00e3o inicial e continuada e cursos t\u00e9cnicos, ser\u00e3o realizados tanto em modo presencial quanto a dist\u00e2ncia. As inscri\u00e7\u00f5es devem ser feitas pela internet, na\u00a0<span style=\"text-decoration: underline;\"><span style=\"color: #ff0000;\"><a href=\"http:\/\/sistec.mec.gov.br\/meu-cadastro\" target=\"_blank\"><span style=\"color: #ff0000; text-decoration: underline;\">p\u00e1gina do Sistema Nacional de Informa\u00e7\u00f5es da Educa\u00e7\u00e3o Profissional e Tecnol\u00f3gica<\/span><\/a><\/span><\/span>.<\/p>\n<p>No total, 570 vagas s\u00e3o para cursos de qualifica\u00e7\u00e3o profissional, sendo 190 presenciais. Outras 1.412 destinam-se a cursos t\u00e9cnicos, todos presenciais. Os cursos ter\u00e3o dura\u00e7\u00e3o m\u00ednima de 160 horas, sendo oferecidos por institui\u00e7\u00f5es privadas de educa\u00e7\u00e3o profissional e tecnol\u00f3gica, de forma volunt\u00e1ria. As aulas ter\u00e3o in\u00edcio no dia 28 de agosto.<\/p>\n<p><strong>VER PRIMEIRO<\/strong><\/p>\n<p>Receba as not\u00edcias do Aconteceu no Vale em primeira m\u00e3o. Clique em curtir no endere\u00e7o <a href=\"https:\/\/www.facebook.com\/aconteceunovale\" target=\"_blank\"><font color=\"red\">www.facebook.com\/aconteceunovale<\/font><\/a> ou no box abaixo:<\/p>\n<div class=\"fb-like\" data-href=\"https:\/\/www.facebook.com\/aconteceunovale\" data-width=\"120\" data-layout=\"standard\" data-action=\"like\" data-size=\"small\" data-show-faces=\"true\" data-share=\"true\"><\/div>\n<p><\/br><\/p>\n<p><em>(Fonte: Ag\u00eancia Brasil)<\/em><\/p>\n","protected":false},"excerpt":{"rendered":"<p>O prazo de inscri\u00e7\u00e3o para mais de 500 mil vagas do Programa Nacional de Acesso ao Ensino T\u00e9cnico e Emprego (Pronatec) \u2013 Oferta Volunt\u00e1ria termina hoje (22). Anteriormente previsto para ser encerrado em 18 de agosto, o prazo foi ampliado para garantir oportunidade aos que n\u00e3o puderam se inscrever em tempo h\u00e1bil. As oportunidades s\u00e3o [&hellip;]<\/p>\n","protected":false},"author":1,"featured_media":119696,"comment_status":"open","ping_status":"closed","sticky":false,"template":"","format":"standard","meta":{"amp_status":"","footnotes":""},"categories":[6,40238],"tags":[42583,157904,157815,157816,157813,157812,36144,157814,1296,157817],"class_list":["post-120387","post","type-post","status-publish","format-standard","has-post-thumbnail","hentry","category-br","category-educacao-2","tag-cursos-tecnicos-gratuitos","tag-hoje-e-o-ultimo-dia-para-fazer-a-inscricao-em-cursos-do-pronatec","tag-inscricao-para-o-programa-nacional-de-acesso-ao-ensino-tecnico-e-emprego","tag-inscricao-para-o-pronatec","tag-inscricoes-para-cursos-tecnicos-gratuitos","tag-inscricoes-para-cursos-tecnicos-gratuitos-vao-ate-amanha","tag-programa-nacional-de-acesso-ao-ensino-tecnico-e-emprego","tag-programa-nacional-de-acesso-ao-ensino-tecnico-e-emprego-2017","tag-pronatec","tag-pronatec-2017"],"yoast_head":"<!-- This site is optimized with the Yoast SEO plugin v28.3 - https:\/\/yoast.com\/product\/yoast-seo-wordpress\/ -->\n<title>Hoje \u00e9 o \u00faltimo dia para fazer a inscri\u00e7\u00e3o em cursos do Pronatec - Aconteceu no Vale<\/title>\n<meta name=\"robots\" content=\"index, follow, max-snippet:-1, max-image-preview:large, max-video-preview:-1\" \/>\n<link rel=\"canonical\" href=\"https:\/\/aconteceunovale.com.br\/portal\/?p=120387\" \/>\n<meta property=\"og:locale\" content=\"pt_BR\" \/>\n<meta property=\"og:type\" content=\"article\" \/>\n<meta property=\"og:title\" content=\"Hoje \u00e9 o \u00faltimo dia para fazer a inscri\u00e7\u00e3o em cursos do Pronatec - Aconteceu no Vale\" \/>\n<meta property=\"og:description\" content=\"O prazo de inscri\u00e7\u00e3o para mais de 500 mil vagas do Programa Nacional de Acesso ao Ensino T\u00e9cnico e Emprego (Pronatec) \u2013 Oferta Volunt\u00e1ria termina hoje (22). Anteriormente previsto para ser encerrado em 18 de agosto, o prazo foi ampliado para garantir oportunidade aos que n\u00e3o puderam se inscrever em tempo h\u00e1bil. As oportunidades s\u00e3o [&hellip;]\" \/>\n<meta property=\"og:url\" content=\"https:\/\/aconteceunovale.com.br\/portal\/?p=120387\" \/>\n<meta property=\"og:site_name\" content=\"Aconteceu no Vale\" \/>\n<meta property=\"article:publisher\" content=\"https:\/\/www.facebook.com\/aconteceunovale\/\" \/>\n<meta property=\"article:published_time\" content=\"2017-08-22T12:20:39+00:00\" \/>\n<meta property=\"og:image\" content=\"https:\/\/aconteceunovale.com.br\/portal\/wp-content\/uploads\/2017\/08\/pronatec.jpeg\" \/>\n\t<meta property=\"og:image:width\" content=\"678\" \/>\n\t<meta property=\"og:image:height\" content=\"428\" \/>\n\t<meta property=\"og:image:type\" content=\"image\/jpeg\" \/>\n<meta name=\"author\" content=\"Aconteceu no Vale\" \/>\n<meta name=\"twitter:card\" content=\"summary_large_image\" \/>\n<meta name=\"twitter:creator\" content=\"@noticiadosvales\" \/>\n<meta name=\"twitter:site\" content=\"@noticiadosvales\" \/>\n<meta name=\"twitter:label1\" content=\"Escrito por\" \/>\n\t<meta name=\"twitter:data1\" content=\"Aconteceu no Vale\" \/>\n\t<meta name=\"twitter:label2\" content=\"Est. tempo de leitura\" \/>\n\t<meta name=\"twitter:data2\" content=\"1 minuto\" \/>\n<script type=\"application\/ld+json\" class=\"yoast-schema-graph\">{\"@context\":\"https:\\\/\\\/schema.org\",\"@graph\":[{\"@type\":\"Article\",\"@id\":\"https:\\\/\\\/aconteceunovale.com.br\\\/portal\\\/?p=120387#article\",\"isPartOf\":{\"@id\":\"https:\\\/\\\/aconteceunovale.com.br\\\/portal\\\/?p=120387\"},\"author\":{\"name\":\"Aconteceu no Vale\",\"@id\":\"https:\\\/\\\/aconteceunovale.com.br\\\/portal\\\/#\\\/schema\\\/person\\\/633529146f2c94272bef50ac2953d589\"},\"headline\":\"Hoje \u00e9 o \u00faltimo dia para fazer a inscri\u00e7\u00e3o em cursos do Pronatec\",\"datePublished\":\"2017-08-22T12:20:39+00:00\",\"mainEntityOfPage\":{\"@id\":\"https:\\\/\\\/aconteceunovale.com.br\\\/portal\\\/?p=120387\"},\"wordCount\":209,\"commentCount\":0,\"image\":{\"@id\":\"https:\\\/\\\/aconteceunovale.com.br\\\/portal\\\/?p=120387#primaryimage\"},\"thumbnailUrl\":\"https:\\\/\\\/aconteceunovale.com.br\\\/portal\\\/wp-content\\\/uploads\\\/2017\\\/08\\\/pronatec.jpeg\",\"keywords\":[\"cursos t\u00e9cnicos gratuitos\",\"Hoje \u00e9 o \u00faltimo dia para fazer a inscri\u00e7\u00e3o em cursos do Pronatec\",\"Inscri\u00e7\u00e3o para o Programa Nacional de Acesso ao Ensino T\u00e9cnico e Emprego\",\"Inscri\u00e7\u00e3o para o Pronatec\",\"Inscri\u00e7\u00f5es para cursos t\u00e9cnicos gratuitos\",\"Inscri\u00e7\u00f5es para cursos t\u00e9cnicos gratuitos v\u00e3o at\u00e9 amanh\u00e3\",\"Programa Nacional de Acesso ao Ensino T\u00e9cnico e Emprego\",\"Programa Nacional de Acesso ao Ensino T\u00e9cnico e Emprego 2017\",\"pronatec\",\"Pronatec 2017\"],\"articleSection\":[\"Brasil\",\"Educa\u00e7\u00e3o\"],\"inLanguage\":\"pt-BR\",\"potentialAction\":[{\"@type\":\"CommentAction\",\"name\":\"Comment\",\"target\":[\"https:\\\/\\\/aconteceunovale.com.br\\\/portal\\\/?p=120387#respond\"]}]},{\"@type\":\"WebPage\",\"@id\":\"https:\\\/\\\/aconteceunovale.com.br\\\/portal\\\/?p=120387\",\"url\":\"https:\\\/\\\/aconteceunovale.com.br\\\/portal\\\/?p=120387\",\"name\":\"Hoje \u00e9 o \u00faltimo dia para fazer a inscri\u00e7\u00e3o em cursos do Pronatec - Aconteceu no Vale\",\"isPartOf\":{\"@id\":\"https:\\\/\\\/aconteceunovale.com.br\\\/portal\\\/#website\"},\"primaryImageOfPage\":{\"@id\":\"https:\\\/\\\/aconteceunovale.com.br\\\/portal\\\/?p=120387#primaryimage\"},\"image\":{\"@id\":\"https:\\\/\\\/aconteceunovale.com.br\\\/portal\\\/?p=120387#primaryimage\"},\"thumbnailUrl\":\"https:\\\/\\\/aconteceunovale.com.br\\\/portal\\\/wp-content\\\/uploads\\\/2017\\\/08\\\/pronatec.jpeg\",\"datePublished\":\"2017-08-22T12:20:39+00:00\",\"author\":{\"@id\":\"https:\\\/\\\/aconteceunovale.com.br\\\/portal\\\/#\\\/schema\\\/person\\\/633529146f2c94272bef50ac2953d589\"},\"breadcrumb\":{\"@id\":\"https:\\\/\\\/aconteceunovale.com.br\\\/portal\\\/?p=120387#breadcrumb\"},\"inLanguage\":\"pt-BR\",\"potentialAction\":[{\"@type\":\"ReadAction\",\"target\":[\"https:\\\/\\\/aconteceunovale.com.br\\\/portal\\\/?p=120387\"]}]},{\"@type\":\"ImageObject\",\"inLanguage\":\"pt-BR\",\"@id\":\"https:\\\/\\\/aconteceunovale.com.br\\\/portal\\\/?p=120387#primaryimage\",\"url\":\"https:\\\/\\\/aconteceunovale.com.br\\\/portal\\\/wp-content\\\/uploads\\\/2017\\\/08\\\/pronatec.jpeg\",\"contentUrl\":\"https:\\\/\\\/aconteceunovale.com.br\\\/portal\\\/wp-content\\\/uploads\\\/2017\\\/08\\\/pronatec.jpeg\",\"width\":678,\"height\":428},{\"@type\":\"BreadcrumbList\",\"@id\":\"https:\\\/\\\/aconteceunovale.com.br\\\/portal\\\/?p=120387#breadcrumb\",\"itemListElement\":[{\"@type\":\"ListItem\",\"position\":1,\"name\":\"In\u00edcio\",\"item\":\"https:\\\/\\\/aconteceunovale.com.br\\\/portal\\\/\"},{\"@type\":\"ListItem\",\"position\":2,\"name\":\"Hoje \u00e9 o \u00faltimo dia para fazer a inscri\u00e7\u00e3o em cursos do Pronatec\"}]},{\"@type\":\"WebSite\",\"@id\":\"https:\\\/\\\/aconteceunovale.com.br\\\/portal\\\/#website\",\"url\":\"https:\\\/\\\/aconteceunovale.com.br\\\/portal\\\/\",\"name\":\"Aconteceu no Vale\",\"description\":\"Portal de Not\u00edcias\",\"potentialAction\":[{\"@type\":\"SearchAction\",\"target\":{\"@type\":\"EntryPoint\",\"urlTemplate\":\"https:\\\/\\\/aconteceunovale.com.br\\\/portal\\\/?s={search_term_string}\"},\"query-input\":{\"@type\":\"PropertyValueSpecification\",\"valueRequired\":true,\"valueName\":\"search_term_string\"}}],\"inLanguage\":\"pt-BR\"},{\"@type\":\"Person\",\"@id\":\"https:\\\/\\\/aconteceunovale.com.br\\\/portal\\\/#\\\/schema\\\/person\\\/633529146f2c94272bef50ac2953d589\",\"name\":\"Aconteceu no Vale\",\"description\":\"Equipe de reportagem do Aconteceu no Vale, portal de not\u00edcias do Vale do Jequitinhonha, em Minas Gerais. Cobrimos as 51 cidades do Vale desde 2013. Sugest\u00f5es de pauta e pedidos de corre\u00e7\u00e3o: contato@aconteceunovale.com.br\",\"sameAs\":[\"http:\\\/\\\/www.aconteceunovale.com.br\"],\"url\":\"https:\\\/\\\/aconteceunovale.com.br\\\/portal\\\/?author=1\"}]}<\/script>\n<!-- \/ Yoast SEO plugin. -->","yoast_head_json":{"title":"Hoje \u00e9 o \u00faltimo dia para fazer a inscri\u00e7\u00e3o em cursos do Pronatec - Aconteceu no Vale","robots":{"index":"index","follow":"follow","max-snippet":"max-snippet:-1","max-image-preview":"max-image-preview:large","max-video-preview":"max-video-preview:-1"},"canonical":"https:\/\/aconteceunovale.com.br\/portal\/?p=120387","og_locale":"pt_BR","og_type":"article","og_title":"Hoje \u00e9 o \u00faltimo dia para fazer a inscri\u00e7\u00e3o em cursos do Pronatec - Aconteceu no Vale","og_description":"O prazo de inscri\u00e7\u00e3o para mais de 500 mil vagas do Programa Nacional de Acesso ao Ensino T\u00e9cnico e Emprego (Pronatec) \u2013 Oferta Volunt\u00e1ria termina hoje (22). Anteriormente previsto para ser encerrado em 18 de agosto, o prazo foi ampliado para garantir oportunidade aos que n\u00e3o puderam se inscrever em tempo h\u00e1bil. As oportunidades s\u00e3o [&hellip;]","og_url":"https:\/\/aconteceunovale.com.br\/portal\/?p=120387","og_site_name":"Aconteceu no Vale","article_publisher":"https:\/\/www.facebook.com\/aconteceunovale\/","article_published_time":"2017-08-22T12:20:39+00:00","og_image":[{"width":678,"height":428,"url":"https:\/\/aconteceunovale.com.br\/portal\/wp-content\/uploads\/2017\/08\/pronatec.jpeg","type":"image\/jpeg"}],"author":"Aconteceu no Vale","twitter_card":"summary_large_image","twitter_creator":"@noticiadosvales","twitter_site":"@noticiadosvales","twitter_misc":{"Escrito por":"Aconteceu no Vale","Est. tempo de leitura":"1 minuto"},"schema":{"@context":"https:\/\/schema.org","@graph":[{"@type":"Article","@id":"https:\/\/aconteceunovale.com.br\/portal\/?p=120387#article","isPartOf":{"@id":"https:\/\/aconteceunovale.com.br\/portal\/?p=120387"},"author":{"name":"Aconteceu no Vale","@id":"https:\/\/aconteceunovale.com.br\/portal\/#\/schema\/person\/633529146f2c94272bef50ac2953d589"},"headline":"Hoje \u00e9 o \u00faltimo dia para fazer a inscri\u00e7\u00e3o em cursos do Pronatec","datePublished":"2017-08-22T12:20:39+00:00","mainEntityOfPage":{"@id":"https:\/\/aconteceunovale.com.br\/portal\/?p=120387"},"wordCount":209,"commentCount":0,"image":{"@id":"https:\/\/aconteceunovale.com.br\/portal\/?p=120387#primaryimage"},"thumbnailUrl":"https:\/\/aconteceunovale.com.br\/portal\/wp-content\/uploads\/2017\/08\/pronatec.jpeg","keywords":["cursos t\u00e9cnicos gratuitos","Hoje \u00e9 o \u00faltimo dia para fazer a inscri\u00e7\u00e3o em cursos do Pronatec","Inscri\u00e7\u00e3o para o Programa Nacional de Acesso ao Ensino T\u00e9cnico e Emprego","Inscri\u00e7\u00e3o para o Pronatec","Inscri\u00e7\u00f5es para cursos t\u00e9cnicos gratuitos","Inscri\u00e7\u00f5es para cursos t\u00e9cnicos gratuitos v\u00e3o at\u00e9 amanh\u00e3","Programa Nacional de Acesso ao Ensino T\u00e9cnico e Emprego","Programa Nacional de Acesso ao Ensino T\u00e9cnico e Emprego 2017","pronatec","Pronatec 2017"],"articleSection":["Brasil","Educa\u00e7\u00e3o"],"inLanguage":"pt-BR","potentialAction":[{"@type":"CommentAction","name":"Comment","target":["https:\/\/aconteceunovale.com.br\/portal\/?p=120387#respond"]}]},{"@type":"WebPage","@id":"https:\/\/aconteceunovale.com.br\/portal\/?p=120387","url":"https:\/\/aconteceunovale.com.br\/portal\/?p=120387","name":"Hoje \u00e9 o \u00faltimo dia para fazer a inscri\u00e7\u00e3o em cursos do Pronatec - Aconteceu no Vale","isPartOf":{"@id":"https:\/\/aconteceunovale.com.br\/portal\/#website"},"primaryImageOfPage":{"@id":"https:\/\/aconteceunovale.com.br\/portal\/?p=120387#primaryimage"},"image":{"@id":"https:\/\/aconteceunovale.com.br\/portal\/?p=120387#primaryimage"},"thumbnailUrl":"https:\/\/aconteceunovale.com.br\/portal\/wp-content\/uploads\/2017\/08\/pronatec.jpeg","datePublished":"2017-08-22T12:20:39+00:00","author":{"@id":"https:\/\/aconteceunovale.com.br\/portal\/#\/schema\/person\/633529146f2c94272bef50ac2953d589"},"breadcrumb":{"@id":"https:\/\/aconteceunovale.com.br\/portal\/?p=120387#breadcrumb"},"inLanguage":"pt-BR","potentialAction":[{"@type":"ReadAction","target":["https:\/\/aconteceunovale.com.br\/portal\/?p=120387"]}]},{"@type":"ImageObject","inLanguage":"pt-BR","@id":"https:\/\/aconteceunovale.com.br\/portal\/?p=120387#primaryimage","url":"https:\/\/aconteceunovale.com.br\/portal\/wp-content\/uploads\/2017\/08\/pronatec.jpeg","contentUrl":"https:\/\/aconteceunovale.com.br\/portal\/wp-content\/uploads\/2017\/08\/pronatec.jpeg","width":678,"height":428},{"@type":"BreadcrumbList","@id":"https:\/\/aconteceunovale.com.br\/portal\/?p=120387#breadcrumb","itemListElement":[{"@type":"ListItem","position":1,"name":"In\u00edcio","item":"https:\/\/aconteceunovale.com.br\/portal\/"},{"@type":"ListItem","position":2,"name":"Hoje \u00e9 o \u00faltimo dia para fazer a inscri\u00e7\u00e3o em cursos do Pronatec"}]},{"@type":"WebSite","@id":"https:\/\/aconteceunovale.com.br\/portal\/#website","url":"https:\/\/aconteceunovale.com.br\/portal\/","name":"Aconteceu no Vale","description":"Portal de Not\u00edcias","potentialAction":[{"@type":"SearchAction","target":{"@type":"EntryPoint","urlTemplate":"https:\/\/aconteceunovale.com.br\/portal\/?s={search_term_string}"},"query-input":{"@type":"PropertyValueSpecification","valueRequired":true,"valueName":"search_term_string"}}],"inLanguage":"pt-BR"},{"@type":"Person","@id":"https:\/\/aconteceunovale.com.br\/portal\/#\/schema\/person\/633529146f2c94272bef50ac2953d589","name":"Aconteceu no Vale","description":"Equipe de reportagem do Aconteceu no Vale, portal de not\u00edcias do Vale do Jequitinhonha, em Minas Gerais. Cobrimos as 51 cidades do Vale desde 2013. Sugest\u00f5es de pauta e pedidos de corre\u00e7\u00e3o: contato@aconteceunovale.com.br","sameAs":["http:\/\/www.aconteceunovale.com.br"],"url":"https:\/\/aconteceunovale.com.br\/portal\/?author=1"}]}},"_links":{"self":[{"href":"https:\/\/aconteceunovale.com.br\/portal\/index.php?rest_route=\/wp\/v2\/posts\/120387","targetHints":{"allow":["GET"]}}],"collection":[{"href":"https:\/\/aconteceunovale.com.br\/portal\/index.php?rest_route=\/wp\/v2\/posts"}],"about":[{"href":"https:\/\/aconteceunovale.com.br\/portal\/index.php?rest_route=\/wp\/v2\/types\/post"}],"author":[{"embeddable":true,"href":"https:\/\/aconteceunovale.com.br\/portal\/index.php?rest_route=\/wp\/v2\/users\/1"}],"replies":[{"embeddable":true,"href":"https:\/\/aconteceunovale.com.br\/portal\/index.php?rest_route=%2Fwp%2Fv2%2Fcomments&post=120387"}],"version-history":[{"count":0,"href":"https:\/\/aconteceunovale.com.br\/portal\/index.php?rest_route=\/wp\/v2\/posts\/120387\/revisions"}],"wp:featuredmedia":[{"embeddable":true,"href":"https:\/\/aconteceunovale.com.br\/portal\/index.php?rest_route=\/wp\/v2\/media\/119696"}],"wp:attachment":[{"href":"https:\/\/aconteceunovale.com.br\/portal\/index.php?rest_route=%2Fwp%2Fv2%2Fmedia&parent=120387"}],"wp:term":[{"taxonomy":"category","embeddable":true,"href":"https:\/\/aconteceunovale.com.br\/portal\/index.php?rest_route=%2Fwp%2Fv2%2Fcategories&post=120387"},{"taxonomy":"post_tag","embeddable":true,"href":"https:\/\/aconteceunovale.com.br\/portal\/index.php?rest_route=%2Fwp%2Fv2%2Ftags&post=120387"}],"curies":[{"name":"wp","href":"https:\/\/api.w.org\/{rel}","templated":true}]}}