{"id":120364,"date":"2017-08-21T22:22:56","date_gmt":"2017-08-22T00:22:56","guid":{"rendered":"http:\/\/aconteceunovale.com.br\/portal\/?p=120364"},"modified":"2017-08-21T22:24:23","modified_gmt":"2017-08-22T00:24:23","slug":"policia-registra-dois-homicidios-em-montes-claros","status":"publish","type":"post","link":"https:\/\/aconteceunovale.com.br\/portal\/?p=120364","title":{"rendered":"Pol\u00edcia registra dois homic\u00eddios em Montes Claros"},"content":{"rendered":"<p>Um jovem de 18 anos foi assassinado a tiros na tarde desta segunda-feira (21) em Montes Claros. Segundo a Pol\u00edcia Militar (PM), Ronaldo Pereira Gon\u00e7alves foi baleado tr\u00eas vezes quando transitava pela Rua Cinco, do Bairro Monte Si\u00e3o.<\/p>\n<p>A PM foi acionada por moradores do bairro por volta das 13h. No local, a v\u00edtima foi encontrada baleada e j\u00e1 sem sinais vitais. Uma equipe do Servi\u00e7o de Atendimento M\u00f3vel de Urg\u00eancia (SAMU) constatou o \u00f3bito. A per\u00edcia da Pol\u00edcia Civil encontrou perfura\u00e7\u00f5es na cabe\u00e7a, t\u00f3rax e axila direita.<\/p>\n<p>Ainda de acordo com a pol\u00edcia, dois suspeitos do crime s\u00e3o procurados. O corpo da v\u00edtima foi liberado para uma funer\u00e1ria.<\/p>\n<h3>Corpo encontrado com 19 perfura\u00e7\u00f5es na BR-365<\/h3>\n<p>O corpo de um homem foi encontrado na manh\u00e3 desta segunda-feira (21\/08\/2017) pr\u00f3ximo ao C\u00f3rrego dos Porcos, na BR-365, em Montes Claros. Segundo a Pol\u00edcia Militar (PM), a v\u00edtima apresentava 19 marcas de perfura\u00e7\u00f5es, possivelmente de facadas; sete c\u00e1psulas de muni\u00e7\u00e3o calibre 22 tamb\u00e9m foram encontradas no local.<\/p>\n<p>Ainda de acordo com a pol\u00edcia, moradores da regi\u00e3o, na altura do km 7 da rodovia, avistaram o corpo em meio a mata e acionaram os militares. Com a v\u00edtima, a PM encontrou apenas uma camisa de um time de futebol manchada de sangue; n\u00e3o havia nenhum documento pessoal.<\/p>\n<p>Das perfura\u00e7\u00f5es, 11 foram encontradas no t\u00f3rax, cinco no pesco\u00e7o e outras tr\u00eas nas costas, bra\u00e7o e rosto. Com o homem, a PM encontrou a quantia de R$ 114. O corpo foi entregue ao Instituto M\u00e9dico Legal (IML) para exames.<\/p>\n<p><strong>VER PRIMEIRO<\/strong><\/p>\n<p>Receba as not\u00edcias do Aconteceu no Vale em primeira m\u00e3o. Clique em curtir no endere\u00e7o <a href=\"https:\/\/www.facebook.com\/aconteceunovale\" target=\"_blank\"><font color=\"red\">www.facebook.com\/aconteceunovale<\/font><\/a> ou no box abaixo:<\/p>\n<div class=\"fb-like\" data-href=\"https:\/\/www.facebook.com\/aconteceunovale\" data-width=\"120\" data-layout=\"standard\" data-action=\"like\" data-size=\"small\" data-show-faces=\"true\" data-share=\"true\"><\/div>\n<p><\/br><\/p>\n<p><em>(Com informa\u00e7\u00f5es do G1 Grande Minas)<\/em><\/p>\n","protected":false},"excerpt":{"rendered":"<p>Um jovem de 18 anos foi assassinado a tiros na tarde desta segunda-feira (21) em Montes Claros. Segundo a Pol\u00edcia Militar (PM), Ronaldo Pereira Gon\u00e7alves foi baleado tr\u00eas vezes quando transitava pela Rua Cinco, do Bairro Monte Si\u00e3o. A PM foi acionada por moradores do bairro por volta das 13h. No local, a v\u00edtima foi [&hellip;]<\/p>\n","protected":false},"author":1,"featured_media":71442,"comment_status":"open","ping_status":"closed","sticky":false,"template":"","format":"standard","meta":{"amp_status":"","footnotes":""},"categories":[1236],"tags":[53918,157869,157870,25220,210,53916,63142,133612,157871,73285],"class_list":["post-120364","post","type-post","status-publish","format-standard","has-post-thumbnail","hentry","category-norte_de_minas","tag-assassinato-em-montes-claros","tag-corpo-encontrado-com-19-perfuracoes-na-br-365","tag-corpo-encontrado-com-19-perfuracoes-na-br-365-em-montes-claros","tag-homicidio-em-montes-claros","tag-montes-claros","tag-morte-em-montes-claros","tag-morto-em-montes-claros","tag-policia-registra-dois-homicidios-em-montes-claros","tag-ronaldo-pereira-goncalves","tag-violencia-em-montes-claros"],"yoast_head":"<!-- This site is optimized with the Yoast SEO plugin v28.3 - https:\/\/yoast.com\/product\/yoast-seo-wordpress\/ -->\n<title>Pol\u00edcia registra dois homic\u00eddios em Montes Claros - Aconteceu no Vale<\/title>\n<meta name=\"robots\" content=\"index, follow, max-snippet:-1, max-image-preview:large, max-video-preview:-1\" \/>\n<link rel=\"canonical\" href=\"https:\/\/aconteceunovale.com.br\/portal\/?p=120364\" \/>\n<meta property=\"og:locale\" content=\"pt_BR\" \/>\n<meta property=\"og:type\" content=\"article\" \/>\n<meta property=\"og:title\" content=\"Pol\u00edcia registra dois homic\u00eddios em Montes Claros - Aconteceu no Vale\" \/>\n<meta property=\"og:description\" content=\"Um jovem de 18 anos foi assassinado a tiros na tarde desta segunda-feira (21) em Montes Claros. Segundo a Pol\u00edcia Militar (PM), Ronaldo Pereira Gon\u00e7alves foi baleado tr\u00eas vezes quando transitava pela Rua Cinco, do Bairro Monte Si\u00e3o. A PM foi acionada por moradores do bairro por volta das 13h. No local, a v\u00edtima foi [&hellip;]\" \/>\n<meta property=\"og:url\" content=\"https:\/\/aconteceunovale.com.br\/portal\/?p=120364\" \/>\n<meta property=\"og:site_name\" content=\"Aconteceu no Vale\" \/>\n<meta property=\"article:publisher\" content=\"https:\/\/www.facebook.com\/aconteceunovale\/\" \/>\n<meta property=\"article:published_time\" content=\"2017-08-22T00:22:56+00:00\" \/>\n<meta property=\"article:modified_time\" content=\"2017-08-22T00:24:23+00:00\" \/>\n<meta property=\"og:image\" content=\"https:\/\/aconteceunovale.com.br\/portal\/wp-content\/uploads\/2015\/10\/plantao_giroflex.jpg\" \/>\n\t<meta property=\"og:image:width\" content=\"678\" \/>\n\t<meta property=\"og:image:height\" content=\"389\" \/>\n\t<meta property=\"og:image:type\" content=\"image\/jpeg\" \/>\n<meta name=\"author\" content=\"Aconteceu no Vale\" \/>\n<meta name=\"twitter:card\" content=\"summary_large_image\" \/>\n<meta name=\"twitter:creator\" content=\"@noticiadosvales\" \/>\n<meta name=\"twitter:site\" content=\"@noticiadosvales\" \/>\n<meta name=\"twitter:label1\" content=\"Escrito por\" \/>\n\t<meta name=\"twitter:data1\" content=\"Aconteceu no Vale\" \/>\n\t<meta name=\"twitter:label2\" content=\"Est. tempo de leitura\" \/>\n\t<meta name=\"twitter:data2\" content=\"2 minutos\" \/>\n<script type=\"application\/ld+json\" class=\"yoast-schema-graph\">{\"@context\":\"https:\\\/\\\/schema.org\",\"@graph\":[{\"@type\":\"Article\",\"@id\":\"https:\\\/\\\/aconteceunovale.com.br\\\/portal\\\/?p=120364#article\",\"isPartOf\":{\"@id\":\"https:\\\/\\\/aconteceunovale.com.br\\\/portal\\\/?p=120364\"},\"author\":{\"name\":\"Aconteceu no Vale\",\"@id\":\"https:\\\/\\\/aconteceunovale.com.br\\\/portal\\\/#\\\/schema\\\/person\\\/633529146f2c94272bef50ac2953d589\"},\"headline\":\"Pol\u00edcia registra dois homic\u00eddios em Montes Claros\",\"datePublished\":\"2017-08-22T00:22:56+00:00\",\"dateModified\":\"2017-08-22T00:24:23+00:00\",\"mainEntityOfPage\":{\"@id\":\"https:\\\/\\\/aconteceunovale.com.br\\\/portal\\\/?p=120364\"},\"wordCount\":324,\"commentCount\":0,\"image\":{\"@id\":\"https:\\\/\\\/aconteceunovale.com.br\\\/portal\\\/?p=120364#primaryimage\"},\"thumbnailUrl\":\"https:\\\/\\\/aconteceunovale.com.br\\\/portal\\\/wp-content\\\/uploads\\\/2015\\\/10\\\/plantao_giroflex.jpg\",\"keywords\":[\"assassinato em Montes Claros\",\"Corpo encontrado com 19 perfura\u00e7\u00f5es na BR-365\",\"Corpo encontrado com 19 perfura\u00e7\u00f5es na BR-365 em Montes Claros\",\"homic\u00eddio em montes claros\",\"Montes Claros\",\"morte em Montes Claros\",\"morto em montes claros\",\"Pol\u00edcia registra dois homic\u00eddios em Montes Claros\",\"Ronaldo Pereira Gon\u00e7alves\",\"viol\u00eancia em Montes Claros\"],\"articleSection\":[\"Norte de Minas\"],\"inLanguage\":\"pt-BR\",\"potentialAction\":[{\"@type\":\"CommentAction\",\"name\":\"Comment\",\"target\":[\"https:\\\/\\\/aconteceunovale.com.br\\\/portal\\\/?p=120364#respond\"]}]},{\"@type\":\"WebPage\",\"@id\":\"https:\\\/\\\/aconteceunovale.com.br\\\/portal\\\/?p=120364\",\"url\":\"https:\\\/\\\/aconteceunovale.com.br\\\/portal\\\/?p=120364\",\"name\":\"Pol\u00edcia registra dois homic\u00eddios em Montes Claros - Aconteceu no Vale\",\"isPartOf\":{\"@id\":\"https:\\\/\\\/aconteceunovale.com.br\\\/portal\\\/#website\"},\"primaryImageOfPage\":{\"@id\":\"https:\\\/\\\/aconteceunovale.com.br\\\/portal\\\/?p=120364#primaryimage\"},\"image\":{\"@id\":\"https:\\\/\\\/aconteceunovale.com.br\\\/portal\\\/?p=120364#primaryimage\"},\"thumbnailUrl\":\"https:\\\/\\\/aconteceunovale.com.br\\\/portal\\\/wp-content\\\/uploads\\\/2015\\\/10\\\/plantao_giroflex.jpg\",\"datePublished\":\"2017-08-22T00:22:56+00:00\",\"dateModified\":\"2017-08-22T00:24:23+00:00\",\"author\":{\"@id\":\"https:\\\/\\\/aconteceunovale.com.br\\\/portal\\\/#\\\/schema\\\/person\\\/633529146f2c94272bef50ac2953d589\"},\"breadcrumb\":{\"@id\":\"https:\\\/\\\/aconteceunovale.com.br\\\/portal\\\/?p=120364#breadcrumb\"},\"inLanguage\":\"pt-BR\",\"potentialAction\":[{\"@type\":\"ReadAction\",\"target\":[\"https:\\\/\\\/aconteceunovale.com.br\\\/portal\\\/?p=120364\"]}]},{\"@type\":\"ImageObject\",\"inLanguage\":\"pt-BR\",\"@id\":\"https:\\\/\\\/aconteceunovale.com.br\\\/portal\\\/?p=120364#primaryimage\",\"url\":\"https:\\\/\\\/aconteceunovale.com.br\\\/portal\\\/wp-content\\\/uploads\\\/2015\\\/10\\\/plantao_giroflex.jpg\",\"contentUrl\":\"https:\\\/\\\/aconteceunovale.com.br\\\/portal\\\/wp-content\\\/uploads\\\/2015\\\/10\\\/plantao_giroflex.jpg\",\"width\":678,\"height\":389},{\"@type\":\"BreadcrumbList\",\"@id\":\"https:\\\/\\\/aconteceunovale.com.br\\\/portal\\\/?p=120364#breadcrumb\",\"itemListElement\":[{\"@type\":\"ListItem\",\"position\":1,\"name\":\"In\u00edcio\",\"item\":\"https:\\\/\\\/aconteceunovale.com.br\\\/portal\\\/\"},{\"@type\":\"ListItem\",\"position\":2,\"name\":\"Pol\u00edcia registra dois homic\u00eddios em Montes Claros\"}]},{\"@type\":\"WebSite\",\"@id\":\"https:\\\/\\\/aconteceunovale.com.br\\\/portal\\\/#website\",\"url\":\"https:\\\/\\\/aconteceunovale.com.br\\\/portal\\\/\",\"name\":\"Aconteceu no Vale\",\"description\":\"Portal de Not\u00edcias\",\"potentialAction\":[{\"@type\":\"SearchAction\",\"target\":{\"@type\":\"EntryPoint\",\"urlTemplate\":\"https:\\\/\\\/aconteceunovale.com.br\\\/portal\\\/?s={search_term_string}\"},\"query-input\":{\"@type\":\"PropertyValueSpecification\",\"valueRequired\":true,\"valueName\":\"search_term_string\"}}],\"inLanguage\":\"pt-BR\"},{\"@type\":\"Person\",\"@id\":\"https:\\\/\\\/aconteceunovale.com.br\\\/portal\\\/#\\\/schema\\\/person\\\/633529146f2c94272bef50ac2953d589\",\"name\":\"Aconteceu no Vale\",\"description\":\"Equipe de reportagem do Aconteceu no Vale, portal de not\u00edcias do Vale do Jequitinhonha, em Minas Gerais. Cobrimos as 51 cidades do Vale desde 2013. Sugest\u00f5es de pauta e pedidos de corre\u00e7\u00e3o: contato@aconteceunovale.com.br\",\"sameAs\":[\"http:\\\/\\\/www.aconteceunovale.com.br\"],\"url\":\"https:\\\/\\\/aconteceunovale.com.br\\\/portal\\\/?author=1\"}]}<\/script>\n<!-- \/ Yoast SEO plugin. -->","yoast_head_json":{"title":"Pol\u00edcia registra dois homic\u00eddios em Montes Claros - Aconteceu no Vale","robots":{"index":"index","follow":"follow","max-snippet":"max-snippet:-1","max-image-preview":"max-image-preview:large","max-video-preview":"max-video-preview:-1"},"canonical":"https:\/\/aconteceunovale.com.br\/portal\/?p=120364","og_locale":"pt_BR","og_type":"article","og_title":"Pol\u00edcia registra dois homic\u00eddios em Montes Claros - Aconteceu no Vale","og_description":"Um jovem de 18 anos foi assassinado a tiros na tarde desta segunda-feira (21) em Montes Claros. Segundo a Pol\u00edcia Militar (PM), Ronaldo Pereira Gon\u00e7alves foi baleado tr\u00eas vezes quando transitava pela Rua Cinco, do Bairro Monte Si\u00e3o. A PM foi acionada por moradores do bairro por volta das 13h. No local, a v\u00edtima foi [&hellip;]","og_url":"https:\/\/aconteceunovale.com.br\/portal\/?p=120364","og_site_name":"Aconteceu no Vale","article_publisher":"https:\/\/www.facebook.com\/aconteceunovale\/","article_published_time":"2017-08-22T00:22:56+00:00","article_modified_time":"2017-08-22T00:24:23+00:00","og_image":[{"width":678,"height":389,"url":"https:\/\/aconteceunovale.com.br\/portal\/wp-content\/uploads\/2015\/10\/plantao_giroflex.jpg","type":"image\/jpeg"}],"author":"Aconteceu no Vale","twitter_card":"summary_large_image","twitter_creator":"@noticiadosvales","twitter_site":"@noticiadosvales","twitter_misc":{"Escrito por":"Aconteceu no Vale","Est. tempo de leitura":"2 minutos"},"schema":{"@context":"https:\/\/schema.org","@graph":[{"@type":"Article","@id":"https:\/\/aconteceunovale.com.br\/portal\/?p=120364#article","isPartOf":{"@id":"https:\/\/aconteceunovale.com.br\/portal\/?p=120364"},"author":{"name":"Aconteceu no Vale","@id":"https:\/\/aconteceunovale.com.br\/portal\/#\/schema\/person\/633529146f2c94272bef50ac2953d589"},"headline":"Pol\u00edcia registra dois homic\u00eddios em Montes Claros","datePublished":"2017-08-22T00:22:56+00:00","dateModified":"2017-08-22T00:24:23+00:00","mainEntityOfPage":{"@id":"https:\/\/aconteceunovale.com.br\/portal\/?p=120364"},"wordCount":324,"commentCount":0,"image":{"@id":"https:\/\/aconteceunovale.com.br\/portal\/?p=120364#primaryimage"},"thumbnailUrl":"https:\/\/aconteceunovale.com.br\/portal\/wp-content\/uploads\/2015\/10\/plantao_giroflex.jpg","keywords":["assassinato em Montes Claros","Corpo encontrado com 19 perfura\u00e7\u00f5es na BR-365","Corpo encontrado com 19 perfura\u00e7\u00f5es na BR-365 em Montes Claros","homic\u00eddio em montes claros","Montes Claros","morte em Montes Claros","morto em montes claros","Pol\u00edcia registra dois homic\u00eddios em Montes Claros","Ronaldo Pereira Gon\u00e7alves","viol\u00eancia em Montes Claros"],"articleSection":["Norte de Minas"],"inLanguage":"pt-BR","potentialAction":[{"@type":"CommentAction","name":"Comment","target":["https:\/\/aconteceunovale.com.br\/portal\/?p=120364#respond"]}]},{"@type":"WebPage","@id":"https:\/\/aconteceunovale.com.br\/portal\/?p=120364","url":"https:\/\/aconteceunovale.com.br\/portal\/?p=120364","name":"Pol\u00edcia registra dois homic\u00eddios em Montes Claros - Aconteceu no Vale","isPartOf":{"@id":"https:\/\/aconteceunovale.com.br\/portal\/#website"},"primaryImageOfPage":{"@id":"https:\/\/aconteceunovale.com.br\/portal\/?p=120364#primaryimage"},"image":{"@id":"https:\/\/aconteceunovale.com.br\/portal\/?p=120364#primaryimage"},"thumbnailUrl":"https:\/\/aconteceunovale.com.br\/portal\/wp-content\/uploads\/2015\/10\/plantao_giroflex.jpg","datePublished":"2017-08-22T00:22:56+00:00","dateModified":"2017-08-22T00:24:23+00:00","author":{"@id":"https:\/\/aconteceunovale.com.br\/portal\/#\/schema\/person\/633529146f2c94272bef50ac2953d589"},"breadcrumb":{"@id":"https:\/\/aconteceunovale.com.br\/portal\/?p=120364#breadcrumb"},"inLanguage":"pt-BR","potentialAction":[{"@type":"ReadAction","target":["https:\/\/aconteceunovale.com.br\/portal\/?p=120364"]}]},{"@type":"ImageObject","inLanguage":"pt-BR","@id":"https:\/\/aconteceunovale.com.br\/portal\/?p=120364#primaryimage","url":"https:\/\/aconteceunovale.com.br\/portal\/wp-content\/uploads\/2015\/10\/plantao_giroflex.jpg","contentUrl":"https:\/\/aconteceunovale.com.br\/portal\/wp-content\/uploads\/2015\/10\/plantao_giroflex.jpg","width":678,"height":389},{"@type":"BreadcrumbList","@id":"https:\/\/aconteceunovale.com.br\/portal\/?p=120364#breadcrumb","itemListElement":[{"@type":"ListItem","position":1,"name":"In\u00edcio","item":"https:\/\/aconteceunovale.com.br\/portal\/"},{"@type":"ListItem","position":2,"name":"Pol\u00edcia registra dois homic\u00eddios em Montes Claros"}]},{"@type":"WebSite","@id":"https:\/\/aconteceunovale.com.br\/portal\/#website","url":"https:\/\/aconteceunovale.com.br\/portal\/","name":"Aconteceu no Vale","description":"Portal de Not\u00edcias","potentialAction":[{"@type":"SearchAction","target":{"@type":"EntryPoint","urlTemplate":"https:\/\/aconteceunovale.com.br\/portal\/?s={search_term_string}"},"query-input":{"@type":"PropertyValueSpecification","valueRequired":true,"valueName":"search_term_string"}}],"inLanguage":"pt-BR"},{"@type":"Person","@id":"https:\/\/aconteceunovale.com.br\/portal\/#\/schema\/person\/633529146f2c94272bef50ac2953d589","name":"Aconteceu no Vale","description":"Equipe de reportagem do Aconteceu no Vale, portal de not\u00edcias do Vale do Jequitinhonha, em Minas Gerais. Cobrimos as 51 cidades do Vale desde 2013. Sugest\u00f5es de pauta e pedidos de corre\u00e7\u00e3o: contato@aconteceunovale.com.br","sameAs":["http:\/\/www.aconteceunovale.com.br"],"url":"https:\/\/aconteceunovale.com.br\/portal\/?author=1"}]}},"_links":{"self":[{"href":"https:\/\/aconteceunovale.com.br\/portal\/index.php?rest_route=\/wp\/v2\/posts\/120364","targetHints":{"allow":["GET"]}}],"collection":[{"href":"https:\/\/aconteceunovale.com.br\/portal\/index.php?rest_route=\/wp\/v2\/posts"}],"about":[{"href":"https:\/\/aconteceunovale.com.br\/portal\/index.php?rest_route=\/wp\/v2\/types\/post"}],"author":[{"embeddable":true,"href":"https:\/\/aconteceunovale.com.br\/portal\/index.php?rest_route=\/wp\/v2\/users\/1"}],"replies":[{"embeddable":true,"href":"https:\/\/aconteceunovale.com.br\/portal\/index.php?rest_route=%2Fwp%2Fv2%2Fcomments&post=120364"}],"version-history":[{"count":0,"href":"https:\/\/aconteceunovale.com.br\/portal\/index.php?rest_route=\/wp\/v2\/posts\/120364\/revisions"}],"wp:featuredmedia":[{"embeddable":true,"href":"https:\/\/aconteceunovale.com.br\/portal\/index.php?rest_route=\/wp\/v2\/media\/71442"}],"wp:attachment":[{"href":"https:\/\/aconteceunovale.com.br\/portal\/index.php?rest_route=%2Fwp%2Fv2%2Fmedia&parent=120364"}],"wp:term":[{"taxonomy":"category","embeddable":true,"href":"https:\/\/aconteceunovale.com.br\/portal\/index.php?rest_route=%2Fwp%2Fv2%2Fcategories&post=120364"},{"taxonomy":"post_tag","embeddable":true,"href":"https:\/\/aconteceunovale.com.br\/portal\/index.php?rest_route=%2Fwp%2Fv2%2Ftags&post=120364"}],"curies":[{"name":"wp","href":"https:\/\/api.w.org\/{rel}","templated":true}]}}