{"id":120348,"date":"2017-08-21T21:23:14","date_gmt":"2017-08-21T23:23:14","guid":{"rendered":"http:\/\/aconteceunovale.com.br\/portal\/?p=120348"},"modified":"2017-08-21T21:23:14","modified_gmt":"2017-08-21T23:23:14","slug":"homem-e-decapitado-por-vender-celular-de-amigo-em-curral-de-dentro-no-norte-de-minas","status":"publish","type":"post","link":"https:\/\/aconteceunovale.com.br\/portal\/?p=120348","title":{"rendered":"Homem \u00e9 decapitado por vender celular de amigo em Curral de Dentro, no Norte de Minas"},"content":{"rendered":"<p>Um jovem foi preso na manh\u00e3 desta segunda-feira (21\/08\/2017) por decapitar um amigo ap\u00f3s a v\u00edtima ter vendido o seu celular. O caso ocorreu em Curral de Dentro, na regi\u00e3o Norte de Minas Gerais, nesse domingo. O suspeito Ma\u00edlson Gomes Pereira foi encontrado em uma propriedade de sua fam\u00edlia no povoado de Boa Sorte. Ao ser abordado pela Pol\u00edcia Militar, ele confessou o crime.<\/p>\n<p>Em depoimento, o suspeito afirmou que estava na casa da v\u00edtima, Joc\u00e9lio J\u00fanior Silveira, de 56 anos, na manh\u00e3 de domingo e, por volta de meio-dia, por ter esquecido o seu celular no local, voltou para busc\u00e1-lo. Ao chegar \u00e0 resid\u00eancia, Joc\u00e9lio lhe disse que havia vendido o celular para comprar crack.<\/p>\n<p>Por causa do fato, o suspeito decidiu execut\u00e1-lo. Ele arrancou a sua cabe\u00e7a com um fac\u00e3o e a colocou em um saco pl\u00e1stico, desovando-a numa moita nas proximidades da cidade. No caminho at\u00e9 a casa de sua fam\u00edlia, o jovem abandonou sua bicicleta ensanguentada, que foi encontrada mais tarde por policiais.<\/p>\n<p>Quando questionado sobre o motivo de levar a cabe\u00e7a, o suspeito afirmou que foi uma decis\u00e3o tomada no calor do momento.<\/p>\n<p>A arma foi encontrada dentro de uma cisterna na casa de Joc\u00e9lio. O suspeito foi conduzido \u00e0 Delegacia Regional de Taiobeiras, onde foi ouvido pelo delegado Jo\u00e3o Marcos de Almeida. O jovem est\u00e1 preso preventivamente e aguarda a decis\u00e3o da ju\u00edza encarregada do caso. Ele responder\u00e1 por homic\u00eddio qualificado, por motivo torpe e cruel, e pode pegar de 12 a 30 anos de pris\u00e3o.<\/p>\n<p><img decoding=\"async\" src=\"http:\/\/aconteceunovale.com.br\/portal\/wp-content\/uploads\/2017\/08\/caso_curral_de_dentro_1.jpg\" alt=\"\" \/><em>Local onde a cabe\u00e7a foi encontrada (Foto: Divulga\u00e7\u00e3o\/PM)<\/em><br \/>\n<\/br><\/p>\n<h4>O caso<\/h4>\n<p>Joc\u00e9lio foi encontrado sem a cabe\u00e7a dentro de sua resid\u00eancia na tarde de ontem, no Bairro Boa Vista. A casa do homem, que era conhecido na regi\u00e3o como \u201cJ\u00fanior Pintor\u201d, teve a porta lateral arrombada. O corpo de J\u00fanior estava na sala de estar.<\/p>\n<p>De acordo com a Pol\u00edcia Militar, a v\u00edtima n\u00e3o estava em posse de documentos para a sua identifica\u00e7\u00e3o, e foi reconhecida por um morador da cidade, devido a uma tatuagem que t\u00eam no bra\u00e7o.<\/p>\n<p><img decoding=\"async\" src=\"http:\/\/aconteceunovale.com.br\/portal\/wp-content\/uploads\/2017\/08\/caso_curral_de_dentro_2.jpeg\" alt=\"\" \/><em>Fac\u00e3o foi recuperado com aux\u00edlio de im\u00e3 e corda (Foto: Divulga\u00e7\u00e3o\/PM)<\/em><br \/>\n<\/br><\/p>\n<p><strong>VER PRIMEIRO<\/strong><\/p>\n<p>Receba as not\u00edcias do Aconteceu no Vale em primeira m\u00e3o. Clique em curtir no endere\u00e7o <a href=\"https:\/\/www.facebook.com\/aconteceunovale\" target=\"_blank\"><font color=\"red\">www.facebook.com\/aconteceunovale<\/font><\/a> ou no box abaixo:<\/p>\n<div class=\"fb-like\" data-href=\"https:\/\/www.facebook.com\/aconteceunovale\" data-width=\"120\" data-layout=\"standard\" data-action=\"like\" data-size=\"small\" data-show-faces=\"true\" data-share=\"true\"><\/div>\n<p><\/br><\/p>\n<p><em>(Com informa\u00e7\u00f5es de O Tempo e Pol\u00edcia Civil)<\/em><\/p>\n","protected":false},"excerpt":{"rendered":"<p>Um jovem foi preso na manh\u00e3 desta segunda-feira (21\/08\/2017) por decapitar um amigo ap\u00f3s a v\u00edtima ter vendido o seu celular. O caso ocorreu em Curral de Dentro, na regi\u00e3o Norte de Minas Gerais, nesse domingo. O suspeito Ma\u00edlson Gomes Pereira foi encontrado em uma propriedade de sua fam\u00edlia no povoado de Boa Sorte. Ao [&hellip;]<\/p>\n","protected":false},"author":1,"featured_media":120350,"comment_status":"open","ping_status":"closed","sticky":false,"template":"","format":"standard","meta":{"amp_status":"","footnotes":""},"categories":[1236],"tags":[157850,157851,157852,1702,157847,157845,157846,157854,157853,157844,157849,157848],"class_list":["post-120348","post","type-post","status-publish","format-standard","has-post-thumbnail","hentry","category-norte_de_minas","tag-assassinado-em-curral-de-dentro","tag-crime-barbaro-em-curral-de-dentro","tag-crime-brutal-em-curral-de-dentro","tag-curral-de-dentro","tag-decapitado-em-curral-de-dentro","tag-homem-e-decapitado-por-vender-celular-de-amigo-em-curral-de-dentro","tag-homicidio-em-curral-de-dentro","tag-jocelio-junior-silveira","tag-junior-pintor","tag-mailson-gomes-pereira","tag-morte-em-curral-de-dentro","tag-morto-em-curral-de-dentro"],"_links":{"self":[{"href":"https:\/\/aconteceunovale.com.br\/portal\/index.php?rest_route=\/wp\/v2\/posts\/120348","targetHints":{"allow":["GET"]}}],"collection":[{"href":"https:\/\/aconteceunovale.com.br\/portal\/index.php?rest_route=\/wp\/v2\/posts"}],"about":[{"href":"https:\/\/aconteceunovale.com.br\/portal\/index.php?rest_route=\/wp\/v2\/types\/post"}],"author":[{"embeddable":true,"href":"https:\/\/aconteceunovale.com.br\/portal\/index.php?rest_route=\/wp\/v2\/users\/1"}],"replies":[{"embeddable":true,"href":"https:\/\/aconteceunovale.com.br\/portal\/index.php?rest_route=%2Fwp%2Fv2%2Fcomments&post=120348"}],"version-history":[{"count":0,"href":"https:\/\/aconteceunovale.com.br\/portal\/index.php?rest_route=\/wp\/v2\/posts\/120348\/revisions"}],"wp:featuredmedia":[{"embeddable":true,"href":"https:\/\/aconteceunovale.com.br\/portal\/index.php?rest_route=\/wp\/v2\/media\/120350"}],"wp:attachment":[{"href":"https:\/\/aconteceunovale.com.br\/portal\/index.php?rest_route=%2Fwp%2Fv2%2Fmedia&parent=120348"}],"wp:term":[{"taxonomy":"category","embeddable":true,"href":"https:\/\/aconteceunovale.com.br\/portal\/index.php?rest_route=%2Fwp%2Fv2%2Fcategories&post=120348"},{"taxonomy":"post_tag","embeddable":true,"href":"https:\/\/aconteceunovale.com.br\/portal\/index.php?rest_route=%2Fwp%2Fv2%2Ftags&post=120348"}],"curies":[{"name":"wp","href":"https:\/\/api.w.org\/{rel}","templated":true}]}}