{"id":120344,"date":"2017-08-21T20:56:02","date_gmt":"2017-08-21T22:56:02","guid":{"rendered":"http:\/\/aconteceunovale.com.br\/portal\/?p=120344"},"modified":"2017-08-21T21:00:19","modified_gmt":"2017-08-21T23:00:19","slug":"confirmada-sexta-morte-por-chikungunya-em-governador-valadares","status":"publish","type":"post","link":"https:\/\/aconteceunovale.com.br\/portal\/?p=120344","title":{"rendered":"Confirmada sexta morte por Chikungunya em Governador Valadares"},"content":{"rendered":"<p>A Secretaria Estadual de Sa\u00fade (SES) de Minas Gerais divulgou nesta segunda-feira (21\/08\/2017) o Boletim Epidemiol\u00f3gico de Monitoramento dos casos de Dengue, Chikungunya e Zika V\u00edrus informando que, desde o in\u00edcio do ano, o estado j\u00e1 registou seis mortes confirmadas por Febre Chikungunya. Ao todo, s\u00e3o 17.994 prov\u00e1veis casos da doen\u00e7a e com todos os \u00f3bitos ocorridos em Governador Valadares, regi\u00e3o do Rio do Doce.<\/p>\n<p>Conforme a SES, em todas as seis mortes ocasionadas pela febre, as v\u00edtimas j\u00e1 apresentavam comorbidades, ou seja, alguma doen\u00e7a que poderia agravar o estado de sa\u00fade, como diabetes, press\u00e3o alta, entre outras. Ainda conforme a Secretaria, a faixa et\u00e1ria dos mortos era de 66 a 96 anos. Todos os casos aconteceram no primeiro trimestre do ano.<\/p>\n<p>De acordo com o boletim, al\u00e9m da Chikungunya, em 2017, o Estado j\u00e1 registrou 25.463 casos prov\u00e1veis de dengue, sendo 13 mortes confirmadas pela doen\u00e7a, e 764 casos prov\u00e1veis de Zika V\u00edrus, mas sem registro de mortes.<\/p>\n<p>Segundo a SES, a cada quinze dias o boletim \u00e9 atualizado.<\/p>\n<h4>Febre Chikungunya<\/h4>\n<p>Os sintomas da doen\u00e7a s\u00e3o febre alta, dor muscular, exantema (erup\u00e7\u00e3o na pele), conjuntivite e dor nas articula\u00e7\u00f5es (poliartrite). No Brasil, o Aedes aegypti e o Aedes albopictus, mosquitos transmissores da dengue e da febre amarela, s\u00e3o os vetores da doen\u00e7a.<\/p>\n<p><strong>VER PRIMEIRO<\/strong><\/p>\n<p>Receba as not\u00edcias do Aconteceu no Vale em primeira m\u00e3o. Clique em curtir no endere\u00e7o <a href=\"https:\/\/www.facebook.com\/aconteceunovale\" target=\"_blank\"><font color=\"red\">www.facebook.com\/aconteceunovale<\/font><\/a> ou no box abaixo:<\/p>\n<div class=\"fb-like\" data-href=\"https:\/\/www.facebook.com\/aconteceunovale\" data-width=\"120\" data-layout=\"standard\" data-action=\"like\" data-size=\"small\" data-show-faces=\"true\" data-share=\"true\"><\/div>\n<p><\/br><\/p>\n<p><em>(Fonte: O Tempo)<\/em><\/p>\n","protected":false},"excerpt":{"rendered":"<p>A Secretaria Estadual de Sa\u00fade (SES) de Minas Gerais divulgou nesta segunda-feira (21\/08\/2017) o Boletim Epidemiol\u00f3gico de Monitoramento dos casos de Dengue, Chikungunya e Zika V\u00edrus informando que, desde o in\u00edcio do ano, o estado j\u00e1 registou seis mortes confirmadas por Febre Chikungunya. Ao todo, s\u00e3o 17.994 prov\u00e1veis casos da doen\u00e7a e com todos os [&hellip;]<\/p>\n","protected":false},"author":1,"featured_media":90580,"comment_status":"open","ping_status":"closed","sticky":false,"template":"","format":"standard","meta":{"amp_status":"","footnotes":""},"categories":[121,40242],"tags":[157839,157837,157838,18737,157843,1344,11059,247,18800,157842,157840,157841,43778],"class_list":["post-120344","post","type-post","status-publish","format-standard","has-post-thumbnail","hentry","category-leste","category-saude-2","tag-casos-de-febre-chikungunya-em-governador-valadares","tag-casos-de-febre-chikungunya-em-gv","tag-casos-de-febre-chikungunya-em-valadares","tag-chikungunya","tag-confirmada-sexta-morte-por-chikungunya-em-governador-valadares","tag-dengue","tag-febre-chikungunya","tag-governador-valadares","tag-gv","tag-mortes-por-febre-chikungunya-em-governador-valadares","tag-mortes-por-febre-chikungunya-em-gv","tag-mortes-por-febre-chikungunya-em-valadares","tag-zika-virus"],"_links":{"self":[{"href":"https:\/\/aconteceunovale.com.br\/portal\/index.php?rest_route=\/wp\/v2\/posts\/120344","targetHints":{"allow":["GET"]}}],"collection":[{"href":"https:\/\/aconteceunovale.com.br\/portal\/index.php?rest_route=\/wp\/v2\/posts"}],"about":[{"href":"https:\/\/aconteceunovale.com.br\/portal\/index.php?rest_route=\/wp\/v2\/types\/post"}],"author":[{"embeddable":true,"href":"https:\/\/aconteceunovale.com.br\/portal\/index.php?rest_route=\/wp\/v2\/users\/1"}],"replies":[{"embeddable":true,"href":"https:\/\/aconteceunovale.com.br\/portal\/index.php?rest_route=%2Fwp%2Fv2%2Fcomments&post=120344"}],"version-history":[{"count":0,"href":"https:\/\/aconteceunovale.com.br\/portal\/index.php?rest_route=\/wp\/v2\/posts\/120344\/revisions"}],"wp:featuredmedia":[{"embeddable":true,"href":"https:\/\/aconteceunovale.com.br\/portal\/index.php?rest_route=\/wp\/v2\/media\/90580"}],"wp:attachment":[{"href":"https:\/\/aconteceunovale.com.br\/portal\/index.php?rest_route=%2Fwp%2Fv2%2Fmedia&parent=120344"}],"wp:term":[{"taxonomy":"category","embeddable":true,"href":"https:\/\/aconteceunovale.com.br\/portal\/index.php?rest_route=%2Fwp%2Fv2%2Fcategories&post=120344"},{"taxonomy":"post_tag","embeddable":true,"href":"https:\/\/aconteceunovale.com.br\/portal\/index.php?rest_route=%2Fwp%2Fv2%2Ftags&post=120344"}],"curies":[{"name":"wp","href":"https:\/\/api.w.org\/{rel}","templated":true}]}}