{"id":120341,"date":"2017-08-21T18:43:55","date_gmt":"2017-08-21T20:43:55","guid":{"rendered":"http:\/\/aconteceunovale.com.br\/portal\/?p=120341"},"modified":"2017-08-21T18:43:55","modified_gmt":"2017-08-21T20:43:55","slug":"justica-federal-suspende-leilao-de-quatro-hidreletricas-da-cemig","status":"publish","type":"post","link":"https:\/\/aconteceunovale.com.br\/portal\/?p=120341","title":{"rendered":"Justi\u00e7a federal suspende leil\u00e3o de quatro hidrel\u00e9tricas da Cemig"},"content":{"rendered":"<p>Uma liminar (decis\u00e3o provis\u00f3ria) expedida pelo Tribunal Regional Federal da 1\u00aa Regi\u00e3o (TRF1) suspendeu o leil\u00e3o de quatro hidrel\u00e9tricas da Companhia El\u00e9trica de Minas Gerais (Cemig), que estavam previstas para serem vendidas pela Uni\u00e3o dia 22 de setembro.<\/p>\n<p>Em busca de cumprir a meta de d\u00e9ficit fiscal deste ano, o governo pretende arrecadar ao menos R$ 11 bilh\u00f5es com o leil\u00e3o das quatro hidrel\u00e9tricas \u2013 Jaguara, Miranda, S\u00e3o Sim\u00e3o e Volta Grande.<\/p>\n<p>Em decis\u00e3o do \u00faltimo dia 18, o desembargador federal Souza Prudente entendeu que o valor de venda estaria muito abaixo do que verdadeiramente valem as usinas. Ele acolheu a argumenta\u00e7\u00e3o do advogado Guilherme da Cunha Andrade, que, em uma a\u00e7\u00e3o popular, contestou os m\u00e9todos de avalia\u00e7\u00e3o utilizados pelo governo federal.<\/p>\n<p>Segundo o advogado, o m\u00e9todo usado pela Uni\u00e3o n\u00e3o considerou investimentos n\u00e3o amortizados feitos pela Cemig, companhia controlada pelo estado de Minas. Ele sustentou que o valor m\u00ednimo para o leil\u00e3o das usinas deveria ser de ao menos R$ 18 bilh\u00f5es, sob pena de se promover uma \u201cdilapida\u00e7\u00e3o\u201d do patrim\u00f4nio p\u00fablico mineiro.<\/p>\n<p><strong>Impasse jur\u00eddico<\/strong><\/p>\n<p>As quatro hidrel\u00e9tricas s\u00e3o alvo de um longo impasse jur\u00eddico, que aguarda decis\u00e3o do Supremo Tribunal Federal (STF). De um lado, a Cemig contesta a n\u00e3o renova\u00e7\u00e3o autom\u00e1tica, por mais 20 anos, de seu controle sobre as usinas, conforme cl\u00e1usulas contratuais. De outro, a Uni\u00e3o reivindica seu direito de leilo\u00e1-las, afirmando que a concess\u00e3o das usinas terminou por for\u00e7a de uma medida provis\u00f3ria publicada em 2012.<\/p>\n<p>Duas a\u00e7\u00f5es sobre o assunto s\u00e3o relatadas pelo ministro Dias Toffoli, do STF, que tentou mediar uma concilia\u00e7\u00e3o entre as partes, a partir de uma proposta de acordo apresentada pela Cemig, mas n\u00e3o obteve sucesso.<\/p>\n<p>Na decis\u00e3o da \u00faltima sexta-feira, o desembargador Souza Prudente determinou a autua\u00e7\u00e3o imediata da Ag\u00eancia Nacional de Energia El\u00e9trica (Aneel) para que seja realizada a suspens\u00e3o do leil\u00e3o.<\/p>\n<p><strong>VER PRIMEIRO<\/strong><\/p>\n<p>Receba as not\u00edcias do Aconteceu no Vale em primeira m\u00e3o. Clique em curtir no endere\u00e7o <a href=\"https:\/\/www.facebook.com\/aconteceunovale\" target=\"_blank\"><font color=\"red\">www.facebook.com\/aconteceunovale<\/font><\/a> ou no box abaixo:<\/p>\n<div class=\"fb-like\" data-href=\"https:\/\/www.facebook.com\/aconteceunovale\" data-width=\"120\" data-layout=\"standard\" data-action=\"like\" data-size=\"small\" data-show-faces=\"true\" data-share=\"true\"><\/div>\n<p><\/br><\/p>\n<p><em>(Fonte: Ag\u00eancia Brasil)<\/em><\/p>\n","protected":false},"excerpt":{"rendered":"<p>Uma liminar (decis\u00e3o provis\u00f3ria) expedida pelo Tribunal Regional Federal da 1\u00aa Regi\u00e3o (TRF1) suspendeu o leil\u00e3o de quatro hidrel\u00e9tricas da Companhia El\u00e9trica de Minas Gerais (Cemig), que estavam previstas para serem vendidas pela Uni\u00e3o dia 22 de setembro. Em busca de cumprir a meta de d\u00e9ficit fiscal deste ano, o governo pretende arrecadar ao menos [&hellip;]<\/p>\n","protected":false},"author":1,"featured_media":120342,"comment_status":"open","ping_status":"closed","sticky":false,"template":"","format":"standard","meta":{"amp_status":"","footnotes":""},"categories":[6,123],"tags":[347,109883,157836,79497,157832,157831,157835,157833,151718,28511,83350,157834],"class_list":["post-120341","post","type-post","status-publish","format-standard","has-post-thumbnail","hentry","category-br","category-gerais","tag-cemig","tag-companhia-eletrica-de-minas-gerais","tag-guilherme-da-cunha-andrade","tag-hidreletricas","tag-hidreletricas-da-cemig","tag-justica-federal-suspende-leilao-de-quatro-hidreletricas-da-cemig","tag-leilao","tag-leilao-de-hidreletricas-da-cemig","tag-souza-prudente","tag-stf","tag-trf1","tag-venda-de-hidreletricas-da-cemig"],"_links":{"self":[{"href":"https:\/\/aconteceunovale.com.br\/portal\/index.php?rest_route=\/wp\/v2\/posts\/120341","targetHints":{"allow":["GET"]}}],"collection":[{"href":"https:\/\/aconteceunovale.com.br\/portal\/index.php?rest_route=\/wp\/v2\/posts"}],"about":[{"href":"https:\/\/aconteceunovale.com.br\/portal\/index.php?rest_route=\/wp\/v2\/types\/post"}],"author":[{"embeddable":true,"href":"https:\/\/aconteceunovale.com.br\/portal\/index.php?rest_route=\/wp\/v2\/users\/1"}],"replies":[{"embeddable":true,"href":"https:\/\/aconteceunovale.com.br\/portal\/index.php?rest_route=%2Fwp%2Fv2%2Fcomments&post=120341"}],"version-history":[{"count":0,"href":"https:\/\/aconteceunovale.com.br\/portal\/index.php?rest_route=\/wp\/v2\/posts\/120341\/revisions"}],"wp:featuredmedia":[{"embeddable":true,"href":"https:\/\/aconteceunovale.com.br\/portal\/index.php?rest_route=\/wp\/v2\/media\/120342"}],"wp:attachment":[{"href":"https:\/\/aconteceunovale.com.br\/portal\/index.php?rest_route=%2Fwp%2Fv2%2Fmedia&parent=120341"}],"wp:term":[{"taxonomy":"category","embeddable":true,"href":"https:\/\/aconteceunovale.com.br\/portal\/index.php?rest_route=%2Fwp%2Fv2%2Fcategories&post=120341"},{"taxonomy":"post_tag","embeddable":true,"href":"https:\/\/aconteceunovale.com.br\/portal\/index.php?rest_route=%2Fwp%2Fv2%2Ftags&post=120341"}],"curies":[{"name":"wp","href":"https:\/\/api.w.org\/{rel}","templated":true}]}}