{"id":12032,"date":"2013-10-13T15:24:57","date_gmt":"2013-10-13T15:24:57","guid":{"rendered":"http:\/\/aconteceunovale.com.br\/portal\/?p=12032"},"modified":"2026-09-02T11:58:30","modified_gmt":"2026-09-02T14:58:30","slug":"mau-cheiro-incomoda-regiao-central-de-capelinha","status":"publish","type":"post","link":"https:\/\/aconteceunovale.com.br\/portal\/?p=12032","title":{"rendered":"Mau cheiro incomoda regiao central de Capelinha"},"content":{"rendered":"<p>Um forte odor incomoda quem trafega pela regi\u00e3o pr\u00f3xima a ag\u00eancia da Caixa Econ\u00f4mica Federal de Capelinha. Tal fato vem gerando in\u00fameras reclama\u00e7\u00f5es dos cidad\u00e3os capelinhenses que se sentem prejudicados com tal situa\u00e7\u00e3o.<\/p>\n<p>Em nota oficial enviada a Revista Avisa de Capelinha a Companhia de Saneamento de Minas Gerais (Copasa) assim esclareceu o fato relatado:<\/p>\n<p><em>\u201cA Companhia de Saneamento de Minas Gerais (Copasa) informa que as obras para corre\u00e7\u00e3o da estrutura da rede coletora de esgoto no Centro de Capelinha j\u00e1 est\u00e3o em andamento. Ser\u00e3o implantados 300 metros de rede coletora de esgoto na Av. Cl\u00f3vis Pimenta de Figueiredo e media\u00e7\u00f5es da Barraginha, amenizando os impactos ambientais na regi\u00e3o e contribuindo para a melhoria da qualidade de vida da popula\u00e7\u00e3o. Atualmente, as obras encontram-se em fase de levantamento topogr\u00e1fico. A previs\u00e3o \u00e9 que a corre\u00e7\u00e3o da rede seja conclu\u00edda em mar\u00e7o de 2014\u201d.<\/em><\/p>\n<p>Fonte: Revista Avisa<\/p>\n","protected":false},"excerpt":{"rendered":"<p>Um forte odor incomoda quem trafega pela regi\u00e3o pr\u00f3xima a ag\u00eancia da Caixa Econ\u00f4mica Federal de Capelinha. Tal fato vem gerando in\u00fameras reclama\u00e7\u00f5es dos cidad\u00e3os capelinhenses que se sentem prejudicados com tal situa\u00e7\u00e3o. Em nota oficial enviada a Revista Avisa de Capelinha a Companhia de Saneamento de Minas Gerais (Copasa) assim esclareceu o fato relatado: [&hellip;]<\/p>\n","protected":false},"author":1,"featured_media":12033,"comment_status":"open","ping_status":"open","sticky":false,"template":"","format":"standard","meta":{"amp_status":"","footnotes":""},"categories":[272535,123,120],"tags":[132,133],"class_list":["post-12032","post","type-post","status-publish","format-standard","has-post-thumbnail","hentry","category-capelinha","category-gerais","category-jequi","tag-capelinha","tag-vale-do-jequitinhonha"],"yoast_head":"<!-- This site is optimized with the Yoast SEO plugin v28.3 - https:\/\/yoast.com\/product\/yoast-seo-wordpress\/ -->\n<title>Mau cheiro incomoda regiao central de Capelinha - Aconteceu no Vale<\/title>\n<meta name=\"robots\" content=\"index, follow, max-snippet:-1, max-image-preview:large, max-video-preview:-1\" \/>\n<link rel=\"canonical\" href=\"https:\/\/aconteceunovale.com.br\/portal\/?p=12032\" \/>\n<meta property=\"og:locale\" content=\"pt_BR\" \/>\n<meta property=\"og:type\" content=\"article\" \/>\n<meta property=\"og:title\" content=\"Mau cheiro incomoda regiao central de Capelinha - Aconteceu no Vale\" \/>\n<meta property=\"og:description\" content=\"Um forte odor incomoda quem trafega pela regi\u00e3o pr\u00f3xima a ag\u00eancia da Caixa Econ\u00f4mica Federal de Capelinha. Tal fato vem gerando in\u00fameras reclama\u00e7\u00f5es dos cidad\u00e3os capelinhenses que se sentem prejudicados com tal situa\u00e7\u00e3o. Em nota oficial enviada a Revista Avisa de Capelinha a Companhia de Saneamento de Minas Gerais (Copasa) assim esclareceu o fato relatado: [&hellip;]\" \/>\n<meta property=\"og:url\" content=\"https:\/\/aconteceunovale.com.br\/portal\/?p=12032\" \/>\n<meta property=\"og:site_name\" content=\"Aconteceu no Vale\" \/>\n<meta property=\"article:publisher\" content=\"https:\/\/www.facebook.com\/aconteceunovale\/\" \/>\n<meta property=\"article:published_time\" content=\"2013-10-13T15:24:57+00:00\" \/>\n<meta property=\"article:modified_time\" content=\"2026-09-02T14:58:30+00:00\" \/>\n<meta property=\"og:image\" content=\"https:\/\/aconteceunovale.com.br\/portal\/wp-content\/uploads\/2013\/10\/mau-cheiro-capelinha.jpg\" \/>\n\t<meta property=\"og:image:width\" content=\"622\" \/>\n\t<meta property=\"og:image:height\" content=\"450\" \/>\n\t<meta property=\"og:image:type\" content=\"image\/jpeg\" \/>\n<meta name=\"author\" content=\"Aconteceu no Vale\" \/>\n<meta name=\"twitter:card\" content=\"summary_large_image\" \/>\n<meta name=\"twitter:creator\" content=\"@noticiadosvales\" \/>\n<meta name=\"twitter:site\" content=\"@noticiadosvales\" \/>\n<meta name=\"twitter:label1\" content=\"Escrito por\" \/>\n\t<meta name=\"twitter:data1\" content=\"Aconteceu no Vale\" \/>\n\t<meta name=\"twitter:label2\" content=\"Est. tempo de leitura\" \/>\n\t<meta name=\"twitter:data2\" content=\"1 minuto\" \/>\n<script type=\"application\/ld+json\" class=\"yoast-schema-graph\">{\"@context\":\"https:\\\/\\\/schema.org\",\"@graph\":[{\"@type\":\"Article\",\"@id\":\"https:\\\/\\\/aconteceunovale.com.br\\\/portal\\\/?p=12032#article\",\"isPartOf\":{\"@id\":\"https:\\\/\\\/aconteceunovale.com.br\\\/portal\\\/?p=12032\"},\"author\":{\"name\":\"Aconteceu no Vale\",\"@id\":\"https:\\\/\\\/aconteceunovale.com.br\\\/portal\\\/#\\\/schema\\\/person\\\/633529146f2c94272bef50ac2953d589\"},\"headline\":\"Mau cheiro incomoda regiao central de Capelinha\",\"datePublished\":\"2013-10-13T15:24:57+00:00\",\"dateModified\":\"2026-09-02T14:58:30+00:00\",\"mainEntityOfPage\":{\"@id\":\"https:\\\/\\\/aconteceunovale.com.br\\\/portal\\\/?p=12032\"},\"wordCount\":170,\"commentCount\":0,\"image\":{\"@id\":\"https:\\\/\\\/aconteceunovale.com.br\\\/portal\\\/?p=12032#primaryimage\"},\"thumbnailUrl\":\"https:\\\/\\\/aconteceunovale.com.br\\\/portal\\\/wp-content\\\/uploads\\\/2013\\\/10\\\/mau-cheiro-capelinha.jpg\",\"keywords\":[\"Capelinha\",\"Vale do Jequitinhonha\"],\"articleSection\":[\"Capelinha\",\"Minas Gerais\",\"Vale do Jequitinhonha\"],\"inLanguage\":\"pt-BR\",\"potentialAction\":[{\"@type\":\"CommentAction\",\"name\":\"Comment\",\"target\":[\"https:\\\/\\\/aconteceunovale.com.br\\\/portal\\\/?p=12032#respond\"]}]},{\"@type\":\"WebPage\",\"@id\":\"https:\\\/\\\/aconteceunovale.com.br\\\/portal\\\/?p=12032\",\"url\":\"https:\\\/\\\/aconteceunovale.com.br\\\/portal\\\/?p=12032\",\"name\":\"Mau cheiro incomoda regiao central de Capelinha - Aconteceu no Vale\",\"isPartOf\":{\"@id\":\"https:\\\/\\\/aconteceunovale.com.br\\\/portal\\\/#website\"},\"primaryImageOfPage\":{\"@id\":\"https:\\\/\\\/aconteceunovale.com.br\\\/portal\\\/?p=12032#primaryimage\"},\"image\":{\"@id\":\"https:\\\/\\\/aconteceunovale.com.br\\\/portal\\\/?p=12032#primaryimage\"},\"thumbnailUrl\":\"https:\\\/\\\/aconteceunovale.com.br\\\/portal\\\/wp-content\\\/uploads\\\/2013\\\/10\\\/mau-cheiro-capelinha.jpg\",\"datePublished\":\"2013-10-13T15:24:57+00:00\",\"dateModified\":\"2026-09-02T14:58:30+00:00\",\"author\":{\"@id\":\"https:\\\/\\\/aconteceunovale.com.br\\\/portal\\\/#\\\/schema\\\/person\\\/633529146f2c94272bef50ac2953d589\"},\"breadcrumb\":{\"@id\":\"https:\\\/\\\/aconteceunovale.com.br\\\/portal\\\/?p=12032#breadcrumb\"},\"inLanguage\":\"pt-BR\",\"potentialAction\":[{\"@type\":\"ReadAction\",\"target\":[\"https:\\\/\\\/aconteceunovale.com.br\\\/portal\\\/?p=12032\"]}]},{\"@type\":\"ImageObject\",\"inLanguage\":\"pt-BR\",\"@id\":\"https:\\\/\\\/aconteceunovale.com.br\\\/portal\\\/?p=12032#primaryimage\",\"url\":\"https:\\\/\\\/aconteceunovale.com.br\\\/portal\\\/wp-content\\\/uploads\\\/2013\\\/10\\\/mau-cheiro-capelinha.jpg\",\"contentUrl\":\"https:\\\/\\\/aconteceunovale.com.br\\\/portal\\\/wp-content\\\/uploads\\\/2013\\\/10\\\/mau-cheiro-capelinha.jpg\",\"width\":622,\"height\":450},{\"@type\":\"BreadcrumbList\",\"@id\":\"https:\\\/\\\/aconteceunovale.com.br\\\/portal\\\/?p=12032#breadcrumb\",\"itemListElement\":[{\"@type\":\"ListItem\",\"position\":1,\"name\":\"In\u00edcio\",\"item\":\"https:\\\/\\\/aconteceunovale.com.br\\\/portal\\\/\"},{\"@type\":\"ListItem\",\"position\":2,\"name\":\"Mau cheiro incomoda regiao central de Capelinha\"}]},{\"@type\":\"WebSite\",\"@id\":\"https:\\\/\\\/aconteceunovale.com.br\\\/portal\\\/#website\",\"url\":\"https:\\\/\\\/aconteceunovale.com.br\\\/portal\\\/\",\"name\":\"Aconteceu no Vale\",\"description\":\"Portal de Not\u00edcias\",\"potentialAction\":[{\"@type\":\"SearchAction\",\"target\":{\"@type\":\"EntryPoint\",\"urlTemplate\":\"https:\\\/\\\/aconteceunovale.com.br\\\/portal\\\/?s={search_term_string}\"},\"query-input\":{\"@type\":\"PropertyValueSpecification\",\"valueRequired\":true,\"valueName\":\"search_term_string\"}}],\"inLanguage\":\"pt-BR\"},{\"@type\":\"Person\",\"@id\":\"https:\\\/\\\/aconteceunovale.com.br\\\/portal\\\/#\\\/schema\\\/person\\\/633529146f2c94272bef50ac2953d589\",\"name\":\"Aconteceu no Vale\",\"description\":\"Equipe de reportagem do Aconteceu no Vale, portal de not\u00edcias do Vale do Jequitinhonha, em Minas Gerais. Cobrimos as 51 cidades do Vale desde 2013. Sugest\u00f5es de pauta e pedidos de corre\u00e7\u00e3o: contato@aconteceunovale.com.br\",\"sameAs\":[\"http:\\\/\\\/www.aconteceunovale.com.br\"],\"url\":\"https:\\\/\\\/aconteceunovale.com.br\\\/portal\\\/?author=1\"}]}<\/script>\n<!-- \/ Yoast SEO plugin. -->","yoast_head_json":{"title":"Mau cheiro incomoda regiao central de Capelinha - Aconteceu no Vale","robots":{"index":"index","follow":"follow","max-snippet":"max-snippet:-1","max-image-preview":"max-image-preview:large","max-video-preview":"max-video-preview:-1"},"canonical":"https:\/\/aconteceunovale.com.br\/portal\/?p=12032","og_locale":"pt_BR","og_type":"article","og_title":"Mau cheiro incomoda regiao central de Capelinha - Aconteceu no Vale","og_description":"Um forte odor incomoda quem trafega pela regi\u00e3o pr\u00f3xima a ag\u00eancia da Caixa Econ\u00f4mica Federal de Capelinha. Tal fato vem gerando in\u00fameras reclama\u00e7\u00f5es dos cidad\u00e3os capelinhenses que se sentem prejudicados com tal situa\u00e7\u00e3o. Em nota oficial enviada a Revista Avisa de Capelinha a Companhia de Saneamento de Minas Gerais (Copasa) assim esclareceu o fato relatado: [&hellip;]","og_url":"https:\/\/aconteceunovale.com.br\/portal\/?p=12032","og_site_name":"Aconteceu no Vale","article_publisher":"https:\/\/www.facebook.com\/aconteceunovale\/","article_published_time":"2013-10-13T15:24:57+00:00","article_modified_time":"2026-09-02T14:58:30+00:00","og_image":[{"width":622,"height":450,"url":"https:\/\/aconteceunovale.com.br\/portal\/wp-content\/uploads\/2013\/10\/mau-cheiro-capelinha.jpg","type":"image\/jpeg"}],"author":"Aconteceu no Vale","twitter_card":"summary_large_image","twitter_creator":"@noticiadosvales","twitter_site":"@noticiadosvales","twitter_misc":{"Escrito por":"Aconteceu no Vale","Est. tempo de leitura":"1 minuto"},"schema":{"@context":"https:\/\/schema.org","@graph":[{"@type":"Article","@id":"https:\/\/aconteceunovale.com.br\/portal\/?p=12032#article","isPartOf":{"@id":"https:\/\/aconteceunovale.com.br\/portal\/?p=12032"},"author":{"name":"Aconteceu no Vale","@id":"https:\/\/aconteceunovale.com.br\/portal\/#\/schema\/person\/633529146f2c94272bef50ac2953d589"},"headline":"Mau cheiro incomoda regiao central de Capelinha","datePublished":"2013-10-13T15:24:57+00:00","dateModified":"2026-09-02T14:58:30+00:00","mainEntityOfPage":{"@id":"https:\/\/aconteceunovale.com.br\/portal\/?p=12032"},"wordCount":170,"commentCount":0,"image":{"@id":"https:\/\/aconteceunovale.com.br\/portal\/?p=12032#primaryimage"},"thumbnailUrl":"https:\/\/aconteceunovale.com.br\/portal\/wp-content\/uploads\/2013\/10\/mau-cheiro-capelinha.jpg","keywords":["Capelinha","Vale do Jequitinhonha"],"articleSection":["Capelinha","Minas Gerais","Vale do Jequitinhonha"],"inLanguage":"pt-BR","potentialAction":[{"@type":"CommentAction","name":"Comment","target":["https:\/\/aconteceunovale.com.br\/portal\/?p=12032#respond"]}]},{"@type":"WebPage","@id":"https:\/\/aconteceunovale.com.br\/portal\/?p=12032","url":"https:\/\/aconteceunovale.com.br\/portal\/?p=12032","name":"Mau cheiro incomoda regiao central de Capelinha - Aconteceu no Vale","isPartOf":{"@id":"https:\/\/aconteceunovale.com.br\/portal\/#website"},"primaryImageOfPage":{"@id":"https:\/\/aconteceunovale.com.br\/portal\/?p=12032#primaryimage"},"image":{"@id":"https:\/\/aconteceunovale.com.br\/portal\/?p=12032#primaryimage"},"thumbnailUrl":"https:\/\/aconteceunovale.com.br\/portal\/wp-content\/uploads\/2013\/10\/mau-cheiro-capelinha.jpg","datePublished":"2013-10-13T15:24:57+00:00","dateModified":"2026-09-02T14:58:30+00:00","author":{"@id":"https:\/\/aconteceunovale.com.br\/portal\/#\/schema\/person\/633529146f2c94272bef50ac2953d589"},"breadcrumb":{"@id":"https:\/\/aconteceunovale.com.br\/portal\/?p=12032#breadcrumb"},"inLanguage":"pt-BR","potentialAction":[{"@type":"ReadAction","target":["https:\/\/aconteceunovale.com.br\/portal\/?p=12032"]}]},{"@type":"ImageObject","inLanguage":"pt-BR","@id":"https:\/\/aconteceunovale.com.br\/portal\/?p=12032#primaryimage","url":"https:\/\/aconteceunovale.com.br\/portal\/wp-content\/uploads\/2013\/10\/mau-cheiro-capelinha.jpg","contentUrl":"https:\/\/aconteceunovale.com.br\/portal\/wp-content\/uploads\/2013\/10\/mau-cheiro-capelinha.jpg","width":622,"height":450},{"@type":"BreadcrumbList","@id":"https:\/\/aconteceunovale.com.br\/portal\/?p=12032#breadcrumb","itemListElement":[{"@type":"ListItem","position":1,"name":"In\u00edcio","item":"https:\/\/aconteceunovale.com.br\/portal\/"},{"@type":"ListItem","position":2,"name":"Mau cheiro incomoda regiao central de Capelinha"}]},{"@type":"WebSite","@id":"https:\/\/aconteceunovale.com.br\/portal\/#website","url":"https:\/\/aconteceunovale.com.br\/portal\/","name":"Aconteceu no Vale","description":"Portal de Not\u00edcias","potentialAction":[{"@type":"SearchAction","target":{"@type":"EntryPoint","urlTemplate":"https:\/\/aconteceunovale.com.br\/portal\/?s={search_term_string}"},"query-input":{"@type":"PropertyValueSpecification","valueRequired":true,"valueName":"search_term_string"}}],"inLanguage":"pt-BR"},{"@type":"Person","@id":"https:\/\/aconteceunovale.com.br\/portal\/#\/schema\/person\/633529146f2c94272bef50ac2953d589","name":"Aconteceu no Vale","description":"Equipe de reportagem do Aconteceu no Vale, portal de not\u00edcias do Vale do Jequitinhonha, em Minas Gerais. Cobrimos as 51 cidades do Vale desde 2013. Sugest\u00f5es de pauta e pedidos de corre\u00e7\u00e3o: contato@aconteceunovale.com.br","sameAs":["http:\/\/www.aconteceunovale.com.br"],"url":"https:\/\/aconteceunovale.com.br\/portal\/?author=1"}]}},"_links":{"self":[{"href":"https:\/\/aconteceunovale.com.br\/portal\/index.php?rest_route=\/wp\/v2\/posts\/12032","targetHints":{"allow":["GET"]}}],"collection":[{"href":"https:\/\/aconteceunovale.com.br\/portal\/index.php?rest_route=\/wp\/v2\/posts"}],"about":[{"href":"https:\/\/aconteceunovale.com.br\/portal\/index.php?rest_route=\/wp\/v2\/types\/post"}],"author":[{"embeddable":true,"href":"https:\/\/aconteceunovale.com.br\/portal\/index.php?rest_route=\/wp\/v2\/users\/1"}],"replies":[{"embeddable":true,"href":"https:\/\/aconteceunovale.com.br\/portal\/index.php?rest_route=%2Fwp%2Fv2%2Fcomments&post=12032"}],"version-history":[{"count":1,"href":"https:\/\/aconteceunovale.com.br\/portal\/index.php?rest_route=\/wp\/v2\/posts\/12032\/revisions"}],"predecessor-version":[{"id":198995,"href":"https:\/\/aconteceunovale.com.br\/portal\/index.php?rest_route=\/wp\/v2\/posts\/12032\/revisions\/198995"}],"wp:featuredmedia":[{"embeddable":true,"href":"https:\/\/aconteceunovale.com.br\/portal\/index.php?rest_route=\/wp\/v2\/media\/12033"}],"wp:attachment":[{"href":"https:\/\/aconteceunovale.com.br\/portal\/index.php?rest_route=%2Fwp%2Fv2%2Fmedia&parent=12032"}],"wp:term":[{"taxonomy":"category","embeddable":true,"href":"https:\/\/aconteceunovale.com.br\/portal\/index.php?rest_route=%2Fwp%2Fv2%2Fcategories&post=12032"},{"taxonomy":"post_tag","embeddable":true,"href":"https:\/\/aconteceunovale.com.br\/portal\/index.php?rest_route=%2Fwp%2Fv2%2Ftags&post=12032"}],"curies":[{"name":"wp","href":"https:\/\/api.w.org\/{rel}","templated":true}]}}