{"id":12029,"date":"2013-10-13T15:05:21","date_gmt":"2013-10-13T17:05:21","guid":{"rendered":"http:\/\/aconteceunovale.com.br\/portal\/?p=12029"},"modified":"2015-11-17T08:50:25","modified_gmt":"2015-11-17T11:50:25","slug":"prefeito-e-vice-sao-cassados-e-tre-marca-nova-eleicao-em-agua-boa","status":"publish","type":"post","link":"https:\/\/aconteceunovale.com.br\/portal\/?p=12029","title":{"rendered":"Prefeito e vice s\u00e3o cassados e TRE marca nova elei\u00e7\u00e3o em \u00c1gua Boa"},"content":{"rendered":"<p>A Corte Eleitoral Mineira aprovou na \u00faltima ter\u00e7a-feira (8), uma resolu\u00e7\u00e3o que estabelece novas elei\u00e7\u00f5es no dia 1\u00ba de dezembro, para os cargos de prefeito e vice no munic\u00edpio de \u00c1gua Boa, no Vale do Rio Doce.<\/p>\n<p>O prefeito de \u00c1gua Boa, Elim\u00e1rcius Lacerda da Costa do (PPS) e seu vice Jairo Martins do (DEM) tiveram os mandatos cassados no dia 20 de junho, por abuso de poder econ\u00f4mico e capta\u00e7\u00e3o il\u00edcita de votos.<\/p>\n<p>Quem assumiu o lugar do prefeito foi Jos\u00e9 Francisco Rodrigues do (PHS), ent\u00e3o presidente da C\u00e2mara Municipal. De acordo com o TRE o prefeito e o vice aind apodem recorrer da decis\u00e3o.<\/p>\n<p>Fonte: G1<\/p>\n","protected":false},"excerpt":{"rendered":"<p>A Corte Eleitoral Mineira aprovou na \u00faltima ter\u00e7a-feira (8), uma resolu\u00e7\u00e3o que estabelece novas elei\u00e7\u00f5es no dia 1\u00ba de dezembro, para os cargos de prefeito e vice no munic\u00edpio de \u00c1gua Boa, no Vale do Rio Doce. O prefeito de \u00c1gua Boa, Elim\u00e1rcius Lacerda da Costa do (PPS) e seu vice Jairo Martins do (DEM) [&hellip;]<\/p>\n","protected":false},"author":1,"featured_media":12030,"comment_status":"open","ping_status":"open","sticky":false,"template":"","format":"standard","meta":{"amp_status":"","footnotes":""},"categories":[121],"tags":[130,4785,131,129],"class_list":["post-12029","post","type-post","status-publish","format-standard","has-post-thumbnail","hentry","category-leste","tag-agua-boa","tag-brasil","tag-minas-gerais","tag-vale-do-rio-doce"],"yoast_head":"<!-- This site is optimized with the Yoast SEO plugin v28.3 - https:\/\/yoast.com\/product\/yoast-seo-wordpress\/ -->\n<title>Prefeito e vice s\u00e3o cassados e TRE marca nova elei\u00e7\u00e3o em \u00c1gua Boa - Aconteceu no Vale<\/title>\n<meta name=\"robots\" content=\"index, follow, max-snippet:-1, max-image-preview:large, max-video-preview:-1\" \/>\n<link rel=\"canonical\" href=\"https:\/\/aconteceunovale.com.br\/portal\/?p=12029\" \/>\n<meta property=\"og:locale\" content=\"pt_BR\" \/>\n<meta property=\"og:type\" content=\"article\" \/>\n<meta property=\"og:title\" content=\"Prefeito e vice s\u00e3o cassados e TRE marca nova elei\u00e7\u00e3o em \u00c1gua Boa - Aconteceu no Vale\" \/>\n<meta property=\"og:description\" content=\"A Corte Eleitoral Mineira aprovou na \u00faltima ter\u00e7a-feira (8), uma resolu\u00e7\u00e3o que estabelece novas elei\u00e7\u00f5es no dia 1\u00ba de dezembro, para os cargos de prefeito e vice no munic\u00edpio de \u00c1gua Boa, no Vale do Rio Doce. O prefeito de \u00c1gua Boa, Elim\u00e1rcius Lacerda da Costa do (PPS) e seu vice Jairo Martins do (DEM) [&hellip;]\" \/>\n<meta property=\"og:url\" content=\"https:\/\/aconteceunovale.com.br\/portal\/?p=12029\" \/>\n<meta property=\"og:site_name\" content=\"Aconteceu no Vale\" \/>\n<meta property=\"article:publisher\" content=\"https:\/\/www.facebook.com\/aconteceunovale\/\" \/>\n<meta property=\"article:published_time\" content=\"2013-10-13T17:05:21+00:00\" \/>\n<meta property=\"article:modified_time\" content=\"2015-11-17T11:50:25+00:00\" \/>\n<meta property=\"og:image\" content=\"https:\/\/aconteceunovale.com.br\/portal\/wp-content\/uploads\/2013\/10\/Agua-Boa-037.jpg\" \/>\n\t<meta property=\"og:image:width\" content=\"672\" \/>\n\t<meta property=\"og:image:height\" content=\"450\" \/>\n\t<meta property=\"og:image:type\" content=\"image\/jpeg\" \/>\n<meta name=\"author\" content=\"Aconteceu no Vale\" \/>\n<meta name=\"twitter:card\" content=\"summary_large_image\" \/>\n<meta name=\"twitter:creator\" content=\"@noticiadosvales\" \/>\n<meta name=\"twitter:site\" content=\"@noticiadosvales\" \/>\n<meta name=\"twitter:label1\" content=\"Escrito por\" \/>\n\t<meta name=\"twitter:data1\" content=\"Aconteceu no Vale\" \/>\n\t<meta name=\"twitter:label2\" content=\"Est. tempo de leitura\" \/>\n\t<meta name=\"twitter:data2\" content=\"1 minuto\" \/>\n<script type=\"application\/ld+json\" class=\"yoast-schema-graph\">{\"@context\":\"https:\\\/\\\/schema.org\",\"@graph\":[{\"@type\":\"Article\",\"@id\":\"https:\\\/\\\/aconteceunovale.com.br\\\/portal\\\/?p=12029#article\",\"isPartOf\":{\"@id\":\"https:\\\/\\\/aconteceunovale.com.br\\\/portal\\\/?p=12029\"},\"author\":{\"name\":\"Aconteceu no Vale\",\"@id\":\"https:\\\/\\\/aconteceunovale.com.br\\\/portal\\\/#\\\/schema\\\/person\\\/633529146f2c94272bef50ac2953d589\"},\"headline\":\"Prefeito e vice s\u00e3o cassados e TRE marca nova elei\u00e7\u00e3o em \u00c1gua Boa\",\"datePublished\":\"2013-10-13T17:05:21+00:00\",\"dateModified\":\"2015-11-17T11:50:25+00:00\",\"mainEntityOfPage\":{\"@id\":\"https:\\\/\\\/aconteceunovale.com.br\\\/portal\\\/?p=12029\"},\"wordCount\":131,\"commentCount\":0,\"image\":{\"@id\":\"https:\\\/\\\/aconteceunovale.com.br\\\/portal\\\/?p=12029#primaryimage\"},\"thumbnailUrl\":\"https:\\\/\\\/aconteceunovale.com.br\\\/portal\\\/wp-content\\\/uploads\\\/2013\\\/10\\\/Agua-Boa-037.jpg\",\"keywords\":[\"\u00c1gua Boa\",\"brasil\",\"Minas Gerais\",\"Vale do Rio Doce\"],\"articleSection\":[\"Leste de Minas\"],\"inLanguage\":\"pt-BR\",\"potentialAction\":[{\"@type\":\"CommentAction\",\"name\":\"Comment\",\"target\":[\"https:\\\/\\\/aconteceunovale.com.br\\\/portal\\\/?p=12029#respond\"]}]},{\"@type\":\"WebPage\",\"@id\":\"https:\\\/\\\/aconteceunovale.com.br\\\/portal\\\/?p=12029\",\"url\":\"https:\\\/\\\/aconteceunovale.com.br\\\/portal\\\/?p=12029\",\"name\":\"Prefeito e vice s\u00e3o cassados e TRE marca nova elei\u00e7\u00e3o em \u00c1gua Boa - Aconteceu no Vale\",\"isPartOf\":{\"@id\":\"https:\\\/\\\/aconteceunovale.com.br\\\/portal\\\/#website\"},\"primaryImageOfPage\":{\"@id\":\"https:\\\/\\\/aconteceunovale.com.br\\\/portal\\\/?p=12029#primaryimage\"},\"image\":{\"@id\":\"https:\\\/\\\/aconteceunovale.com.br\\\/portal\\\/?p=12029#primaryimage\"},\"thumbnailUrl\":\"https:\\\/\\\/aconteceunovale.com.br\\\/portal\\\/wp-content\\\/uploads\\\/2013\\\/10\\\/Agua-Boa-037.jpg\",\"datePublished\":\"2013-10-13T17:05:21+00:00\",\"dateModified\":\"2015-11-17T11:50:25+00:00\",\"author\":{\"@id\":\"https:\\\/\\\/aconteceunovale.com.br\\\/portal\\\/#\\\/schema\\\/person\\\/633529146f2c94272bef50ac2953d589\"},\"breadcrumb\":{\"@id\":\"https:\\\/\\\/aconteceunovale.com.br\\\/portal\\\/?p=12029#breadcrumb\"},\"inLanguage\":\"pt-BR\",\"potentialAction\":[{\"@type\":\"ReadAction\",\"target\":[\"https:\\\/\\\/aconteceunovale.com.br\\\/portal\\\/?p=12029\"]}]},{\"@type\":\"ImageObject\",\"inLanguage\":\"pt-BR\",\"@id\":\"https:\\\/\\\/aconteceunovale.com.br\\\/portal\\\/?p=12029#primaryimage\",\"url\":\"https:\\\/\\\/aconteceunovale.com.br\\\/portal\\\/wp-content\\\/uploads\\\/2013\\\/10\\\/Agua-Boa-037.jpg\",\"contentUrl\":\"https:\\\/\\\/aconteceunovale.com.br\\\/portal\\\/wp-content\\\/uploads\\\/2013\\\/10\\\/Agua-Boa-037.jpg\",\"width\":672,\"height\":450},{\"@type\":\"BreadcrumbList\",\"@id\":\"https:\\\/\\\/aconteceunovale.com.br\\\/portal\\\/?p=12029#breadcrumb\",\"itemListElement\":[{\"@type\":\"ListItem\",\"position\":1,\"name\":\"In\u00edcio\",\"item\":\"https:\\\/\\\/aconteceunovale.com.br\\\/portal\\\/\"},{\"@type\":\"ListItem\",\"position\":2,\"name\":\"Prefeito e vice s\u00e3o cassados e TRE marca nova elei\u00e7\u00e3o em \u00c1gua Boa\"}]},{\"@type\":\"WebSite\",\"@id\":\"https:\\\/\\\/aconteceunovale.com.br\\\/portal\\\/#website\",\"url\":\"https:\\\/\\\/aconteceunovale.com.br\\\/portal\\\/\",\"name\":\"Aconteceu no Vale\",\"description\":\"Portal de Not\u00edcias\",\"potentialAction\":[{\"@type\":\"SearchAction\",\"target\":{\"@type\":\"EntryPoint\",\"urlTemplate\":\"https:\\\/\\\/aconteceunovale.com.br\\\/portal\\\/?s={search_term_string}\"},\"query-input\":{\"@type\":\"PropertyValueSpecification\",\"valueRequired\":true,\"valueName\":\"search_term_string\"}}],\"inLanguage\":\"pt-BR\"},{\"@type\":\"Person\",\"@id\":\"https:\\\/\\\/aconteceunovale.com.br\\\/portal\\\/#\\\/schema\\\/person\\\/633529146f2c94272bef50ac2953d589\",\"name\":\"Aconteceu no Vale\",\"description\":\"Equipe de reportagem do Aconteceu no Vale, portal de not\u00edcias do Vale do Jequitinhonha, em Minas Gerais. Cobrimos as 51 cidades do Vale desde 2013. Sugest\u00f5es de pauta e pedidos de corre\u00e7\u00e3o: contato@aconteceunovale.com.br\",\"sameAs\":[\"http:\\\/\\\/www.aconteceunovale.com.br\"],\"url\":\"https:\\\/\\\/aconteceunovale.com.br\\\/portal\\\/?author=1\"}]}<\/script>\n<!-- \/ Yoast SEO plugin. -->","yoast_head_json":{"title":"Prefeito e vice s\u00e3o cassados e TRE marca nova elei\u00e7\u00e3o em \u00c1gua Boa - Aconteceu no Vale","robots":{"index":"index","follow":"follow","max-snippet":"max-snippet:-1","max-image-preview":"max-image-preview:large","max-video-preview":"max-video-preview:-1"},"canonical":"https:\/\/aconteceunovale.com.br\/portal\/?p=12029","og_locale":"pt_BR","og_type":"article","og_title":"Prefeito e vice s\u00e3o cassados e TRE marca nova elei\u00e7\u00e3o em \u00c1gua Boa - Aconteceu no Vale","og_description":"A Corte Eleitoral Mineira aprovou na \u00faltima ter\u00e7a-feira (8), uma resolu\u00e7\u00e3o que estabelece novas elei\u00e7\u00f5es no dia 1\u00ba de dezembro, para os cargos de prefeito e vice no munic\u00edpio de \u00c1gua Boa, no Vale do Rio Doce. O prefeito de \u00c1gua Boa, Elim\u00e1rcius Lacerda da Costa do (PPS) e seu vice Jairo Martins do (DEM) [&hellip;]","og_url":"https:\/\/aconteceunovale.com.br\/portal\/?p=12029","og_site_name":"Aconteceu no Vale","article_publisher":"https:\/\/www.facebook.com\/aconteceunovale\/","article_published_time":"2013-10-13T17:05:21+00:00","article_modified_time":"2015-11-17T11:50:25+00:00","og_image":[{"width":672,"height":450,"url":"https:\/\/aconteceunovale.com.br\/portal\/wp-content\/uploads\/2013\/10\/Agua-Boa-037.jpg","type":"image\/jpeg"}],"author":"Aconteceu no Vale","twitter_card":"summary_large_image","twitter_creator":"@noticiadosvales","twitter_site":"@noticiadosvales","twitter_misc":{"Escrito por":"Aconteceu no Vale","Est. tempo de leitura":"1 minuto"},"schema":{"@context":"https:\/\/schema.org","@graph":[{"@type":"Article","@id":"https:\/\/aconteceunovale.com.br\/portal\/?p=12029#article","isPartOf":{"@id":"https:\/\/aconteceunovale.com.br\/portal\/?p=12029"},"author":{"name":"Aconteceu no Vale","@id":"https:\/\/aconteceunovale.com.br\/portal\/#\/schema\/person\/633529146f2c94272bef50ac2953d589"},"headline":"Prefeito e vice s\u00e3o cassados e TRE marca nova elei\u00e7\u00e3o em \u00c1gua Boa","datePublished":"2013-10-13T17:05:21+00:00","dateModified":"2015-11-17T11:50:25+00:00","mainEntityOfPage":{"@id":"https:\/\/aconteceunovale.com.br\/portal\/?p=12029"},"wordCount":131,"commentCount":0,"image":{"@id":"https:\/\/aconteceunovale.com.br\/portal\/?p=12029#primaryimage"},"thumbnailUrl":"https:\/\/aconteceunovale.com.br\/portal\/wp-content\/uploads\/2013\/10\/Agua-Boa-037.jpg","keywords":["\u00c1gua Boa","brasil","Minas Gerais","Vale do Rio Doce"],"articleSection":["Leste de Minas"],"inLanguage":"pt-BR","potentialAction":[{"@type":"CommentAction","name":"Comment","target":["https:\/\/aconteceunovale.com.br\/portal\/?p=12029#respond"]}]},{"@type":"WebPage","@id":"https:\/\/aconteceunovale.com.br\/portal\/?p=12029","url":"https:\/\/aconteceunovale.com.br\/portal\/?p=12029","name":"Prefeito e vice s\u00e3o cassados e TRE marca nova elei\u00e7\u00e3o em \u00c1gua Boa - Aconteceu no Vale","isPartOf":{"@id":"https:\/\/aconteceunovale.com.br\/portal\/#website"},"primaryImageOfPage":{"@id":"https:\/\/aconteceunovale.com.br\/portal\/?p=12029#primaryimage"},"image":{"@id":"https:\/\/aconteceunovale.com.br\/portal\/?p=12029#primaryimage"},"thumbnailUrl":"https:\/\/aconteceunovale.com.br\/portal\/wp-content\/uploads\/2013\/10\/Agua-Boa-037.jpg","datePublished":"2013-10-13T17:05:21+00:00","dateModified":"2015-11-17T11:50:25+00:00","author":{"@id":"https:\/\/aconteceunovale.com.br\/portal\/#\/schema\/person\/633529146f2c94272bef50ac2953d589"},"breadcrumb":{"@id":"https:\/\/aconteceunovale.com.br\/portal\/?p=12029#breadcrumb"},"inLanguage":"pt-BR","potentialAction":[{"@type":"ReadAction","target":["https:\/\/aconteceunovale.com.br\/portal\/?p=12029"]}]},{"@type":"ImageObject","inLanguage":"pt-BR","@id":"https:\/\/aconteceunovale.com.br\/portal\/?p=12029#primaryimage","url":"https:\/\/aconteceunovale.com.br\/portal\/wp-content\/uploads\/2013\/10\/Agua-Boa-037.jpg","contentUrl":"https:\/\/aconteceunovale.com.br\/portal\/wp-content\/uploads\/2013\/10\/Agua-Boa-037.jpg","width":672,"height":450},{"@type":"BreadcrumbList","@id":"https:\/\/aconteceunovale.com.br\/portal\/?p=12029#breadcrumb","itemListElement":[{"@type":"ListItem","position":1,"name":"In\u00edcio","item":"https:\/\/aconteceunovale.com.br\/portal\/"},{"@type":"ListItem","position":2,"name":"Prefeito e vice s\u00e3o cassados e TRE marca nova elei\u00e7\u00e3o em \u00c1gua Boa"}]},{"@type":"WebSite","@id":"https:\/\/aconteceunovale.com.br\/portal\/#website","url":"https:\/\/aconteceunovale.com.br\/portal\/","name":"Aconteceu no Vale","description":"Portal de Not\u00edcias","potentialAction":[{"@type":"SearchAction","target":{"@type":"EntryPoint","urlTemplate":"https:\/\/aconteceunovale.com.br\/portal\/?s={search_term_string}"},"query-input":{"@type":"PropertyValueSpecification","valueRequired":true,"valueName":"search_term_string"}}],"inLanguage":"pt-BR"},{"@type":"Person","@id":"https:\/\/aconteceunovale.com.br\/portal\/#\/schema\/person\/633529146f2c94272bef50ac2953d589","name":"Aconteceu no Vale","description":"Equipe de reportagem do Aconteceu no Vale, portal de not\u00edcias do Vale do Jequitinhonha, em Minas Gerais. Cobrimos as 51 cidades do Vale desde 2013. Sugest\u00f5es de pauta e pedidos de corre\u00e7\u00e3o: contato@aconteceunovale.com.br","sameAs":["http:\/\/www.aconteceunovale.com.br"],"url":"https:\/\/aconteceunovale.com.br\/portal\/?author=1"}]}},"_links":{"self":[{"href":"https:\/\/aconteceunovale.com.br\/portal\/index.php?rest_route=\/wp\/v2\/posts\/12029","targetHints":{"allow":["GET"]}}],"collection":[{"href":"https:\/\/aconteceunovale.com.br\/portal\/index.php?rest_route=\/wp\/v2\/posts"}],"about":[{"href":"https:\/\/aconteceunovale.com.br\/portal\/index.php?rest_route=\/wp\/v2\/types\/post"}],"author":[{"embeddable":true,"href":"https:\/\/aconteceunovale.com.br\/portal\/index.php?rest_route=\/wp\/v2\/users\/1"}],"replies":[{"embeddable":true,"href":"https:\/\/aconteceunovale.com.br\/portal\/index.php?rest_route=%2Fwp%2Fv2%2Fcomments&post=12029"}],"version-history":[{"count":0,"href":"https:\/\/aconteceunovale.com.br\/portal\/index.php?rest_route=\/wp\/v2\/posts\/12029\/revisions"}],"wp:featuredmedia":[{"embeddable":true,"href":"https:\/\/aconteceunovale.com.br\/portal\/index.php?rest_route=\/wp\/v2\/media\/12030"}],"wp:attachment":[{"href":"https:\/\/aconteceunovale.com.br\/portal\/index.php?rest_route=%2Fwp%2Fv2%2Fmedia&parent=12029"}],"wp:term":[{"taxonomy":"category","embeddable":true,"href":"https:\/\/aconteceunovale.com.br\/portal\/index.php?rest_route=%2Fwp%2Fv2%2Fcategories&post=12029"},{"taxonomy":"post_tag","embeddable":true,"href":"https:\/\/aconteceunovale.com.br\/portal\/index.php?rest_route=%2Fwp%2Fv2%2Ftags&post=12029"}],"curies":[{"name":"wp","href":"https:\/\/api.w.org\/{rel}","templated":true}]}}