{"id":120114,"date":"2017-08-16T15:10:54","date_gmt":"2017-08-16T17:10:54","guid":{"rendered":"http:\/\/aconteceunovale.com.br\/portal\/?p=120114"},"modified":"2017-08-16T15:10:54","modified_gmt":"2017-08-16T17:10:54","slug":"sem-adesao-municipios-da-area-mineira-da-sudene-podem-ficar-de-fora-do-garantia-safra","status":"publish","type":"post","link":"https:\/\/aconteceunovale.com.br\/portal\/?p=120114","title":{"rendered":"Sem ades\u00e3o, munic\u00edpios da \u00e1rea mineira da Sudene podem ficar de fora do Garantia Safra"},"content":{"rendered":"<p>Os munic\u00edpios da \u00e1rea mineira da Sudene que n\u00e3o aderirem ao Garantia Safra at\u00e9 o dia 30 de agosto correm o risco de n\u00e3o receberem o seguro. \u201cAs prefeituras devem ficar atentas aos prazos. At\u00e9 o momento, apenas um quarto dos 168 munic\u00edpios que integram a \u00e1rea mineira da Sudene manifestaram interesse em participar do programa\u201d, alerta a coordenadora do programa pela Emater-MG, Eunice Ferreira Santos.<\/p>\n<p>O Garantia Safra \u00e9 um programa federal que funciona como seguro pago a agricultores familiares com perdas de mais de 50% da safra devido \u00e0 seca ou excesso h\u00eddrico.  Desde o dia 1\u00ba de julho, est\u00e1 aberto o calend\u00e1rio para ades\u00e3o das prefeituras interessadas em participar do programa.<\/p>\n<p>A superintendente de Seguran\u00e7a Alimentar e Nutricional Sustent\u00e1vel da Seda, Ana Luisa Guimar\u00e3es, destaca que sem a ades\u00e3o dos munic\u00edpios, os agricultores familiares tamb\u00e9m s\u00e3o prejudicados. O prazo de ades\u00e3o dos trabalhadores rurais termina dia 21 de setembro.<\/p>\n<p>\u201cA contrapartida do munic\u00edpio \u00e9 de apenas R$ 51,00 para cada R$ 850,00 reais que ser\u00e1 recebido pelo benefici\u00e1rio. Esse recurso, al\u00e9m de buscar garantir as condi\u00e7\u00f5es de sobreviv\u00eancia m\u00ednima \u00e0s agricultoras e agricultores que foram prejudicados pela estiagem ou excesso de chuva, tamb\u00e9m contribui com a economia local, sobretudo dos pequenos munic\u00edpios. Para tanto, as prefeituras precisam manifestar interesse em aderir ao programa.\u201d, afirma.<\/p>\n<p><img decoding=\"async\" src=\"http:\/\/aconteceunovale.com.br\/portal\/wp-content\/uploads\/2017\/08\/capacitacao_safra.jpeg\" alt=\"\" \/><em>Foram realizadas capacita\u00e7\u00f5es nas regi\u00f5es de Diamantina, Montes Claros, Almenara e Te\u00f3filo Otoni (Divulga\u00e7\u00e3o\/Seda)<\/em><br \/>\n<\/br><\/p>\n<p><strong>Balan\u00e7o das capacita\u00e7\u00f5es<\/strong><\/p>\n<p>Para ampliar o acesso \u00e0 informa\u00e7\u00e3o, a Secretaria de Estado de Desenvolvimento Agr\u00e1rio (Seda) e a Emater-MG, em parceria com a Secretaria Especial de Agricultura Familiar e Desenvolvimento Agr\u00e1rio do Governo Federal, realizou uma rodada de capacita\u00e7\u00f5es nas regi\u00f5es de Diamantina, Montes Claros, Almenara e Te\u00f3filo Otoni.<\/p>\n<p>Cerca de 210 inscritos, entre coordenadores e t\u00e9cnicos locais da Emater-MG, representantes de prefeituras e dos Conselhos Municipais de Desenvolvimento Rural Sustent\u00e1vel (CMDRS), receberam a capacita\u00e7\u00e3o, representando 98 munic\u00edpios.<\/p>\n<p>Ao participar da abertura da oficina em Te\u00f3filo Otoni, no Territ\u00f3rio Mucuri, o presidente da Associa\u00e7\u00e3o dos Munic\u00edpios da Microrregi\u00e3o do Vale do Mucuri (Amuc) e prefeito do munic\u00edpio, Daniel Sucupira, afirmou que n\u00e3o ir\u00e1 medir esfor\u00e7os para mobilizar os prefeitos da regi\u00e3o.<\/p>\n<p>\u201cVamos refor\u00e7ar junto aos associados a import\u00e2ncia de as prefeituras aderirem ao programa, porque ganha todo mundo: a agricultura familiar e a economia local\u201d, disse.<\/p>\n<p>Na safra 2015\/2016, \u00faltima fechada, o valor do Garantia-Safra foi de R$ 850 por agricultor, divididos em cinco parcelas de R$ 170. Neste per\u00edodo, houve ades\u00e3o de 43.875 agricultores em 106 dos 168 munic\u00edpios que comp\u00f5em a \u00e1rea mineira da Sudene.<\/p>\n<p>A cota de agricultores familiares mineiros que poder\u00e3o aderir passou de 50 mil para 60 mil, crescimento de 20% em rela\u00e7\u00e3o ao per\u00edodo atual (2016-2017).<\/p>\n<p>O Garantia Safra \u00e9 uma das a\u00e7\u00f5es previstas na Estrat\u00e9gia de Enfrentamento da Pobreza no Campo \u2013 Novos Encontros, por meio das quais o Governo de Minas Gerais vem promovendo a cidadania no campo e levando mais qualidade de vida para os milhares de mineiros e mineiras.<\/p>\n<p><strong>VER PRIMEIRO<\/strong><\/p>\n<p>Receba as not\u00edcias do Aconteceu no Vale em primeira m\u00e3o. Clique em curtir no endere\u00e7o <a href=\"https:\/\/www.facebook.com\/aconteceunovale\" target=\"_blank\"><font color=\"red\">www.facebook.com\/aconteceunovale<\/font><\/a> ou no box abaixo:<\/p>\n<div class=\"fb-like\" data-href=\"https:\/\/www.facebook.com\/aconteceunovale\" data-width=\"120\" data-layout=\"standard\" data-action=\"like\" data-size=\"small\" data-show-faces=\"true\" data-share=\"true\"><\/div>\n<p><\/br><\/p>\n<p><em>(Fonte: Ag\u00eancia Minas)<\/em><\/p>\n","protected":false},"excerpt":{"rendered":"<p>Os munic\u00edpios da \u00e1rea mineira da Sudene que n\u00e3o aderirem ao Garantia Safra at\u00e9 o dia 30 de agosto correm o risco de n\u00e3o receberem o seguro. \u201cAs prefeituras devem ficar atentas aos prazos. At\u00e9 o momento, apenas um quarto dos 168 munic\u00edpios que integram a \u00e1rea mineira da Sudene manifestaram interesse em participar do [&hellip;]<\/p>\n","protected":false},"author":1,"featured_media":65627,"comment_status":"open","ping_status":"closed","sticky":false,"template":"","format":"standard","meta":{"amp_status":"","footnotes":""},"categories":[123],"tags":[157406,142,136410,157412,136412,157407,27813,198,25775,5294,210,157413,157409,157405,157410,157411,157404,157408,164],"class_list":["post-120114","post","type-post","status-publish","format-standard","has-post-thumbnail","hentry","category-gerais","tag-adesao-ao-garantia-safra","tag-almenara","tag-amuc","tag-ana-luisa-guimaraes","tag-associacao-dos-municipios-da-microrregiao-do-vale-do-mucuri","tag-cadastro-no-garantia-safra","tag-daniel-sucupira","tag-diamantina","tag-emater-mg","tag-garantia-safra","tag-montes-claros","tag-municipios-da-area-mineira-da-sudene-podem-ficar-de-fora-do-garantia-safra","tag-municipios-da-area-mineira-da-sudene-que-nao-aderirem-ao-garantia-safra","tag-municipios-podem-ficar-de-fora-do-garantia-safra","tag-os-municipios-da-area-mineira-da-sudene-que-nao-aderirem-ao-garantia-safra-ate-o-dia-30-de-agosto-correm-o-risco-de-nao-receberem-o-seguro","tag-seguranca-alimentar-e-nutricional-sustentavel-da-seda","tag-sem-adesao","tag-sem-adesao-municipios-podem-ficar-de-fora-do-garantia-safra","tag-teofilo-otoni"],"_links":{"self":[{"href":"https:\/\/aconteceunovale.com.br\/portal\/index.php?rest_route=\/wp\/v2\/posts\/120114","targetHints":{"allow":["GET"]}}],"collection":[{"href":"https:\/\/aconteceunovale.com.br\/portal\/index.php?rest_route=\/wp\/v2\/posts"}],"about":[{"href":"https:\/\/aconteceunovale.com.br\/portal\/index.php?rest_route=\/wp\/v2\/types\/post"}],"author":[{"embeddable":true,"href":"https:\/\/aconteceunovale.com.br\/portal\/index.php?rest_route=\/wp\/v2\/users\/1"}],"replies":[{"embeddable":true,"href":"https:\/\/aconteceunovale.com.br\/portal\/index.php?rest_route=%2Fwp%2Fv2%2Fcomments&post=120114"}],"version-history":[{"count":0,"href":"https:\/\/aconteceunovale.com.br\/portal\/index.php?rest_route=\/wp\/v2\/posts\/120114\/revisions"}],"wp:featuredmedia":[{"embeddable":true,"href":"https:\/\/aconteceunovale.com.br\/portal\/index.php?rest_route=\/wp\/v2\/media\/65627"}],"wp:attachment":[{"href":"https:\/\/aconteceunovale.com.br\/portal\/index.php?rest_route=%2Fwp%2Fv2%2Fmedia&parent=120114"}],"wp:term":[{"taxonomy":"category","embeddable":true,"href":"https:\/\/aconteceunovale.com.br\/portal\/index.php?rest_route=%2Fwp%2Fv2%2Fcategories&post=120114"},{"taxonomy":"post_tag","embeddable":true,"href":"https:\/\/aconteceunovale.com.br\/portal\/index.php?rest_route=%2Fwp%2Fv2%2Ftags&post=120114"}],"curies":[{"name":"wp","href":"https:\/\/api.w.org\/{rel}","templated":true}]}}