{"id":120112,"date":"2017-08-15T23:08:52","date_gmt":"2017-08-16T01:08:52","guid":{"rendered":"http:\/\/aconteceunovale.com.br\/portal\/?p=120112"},"modified":"2017-08-15T23:08:52","modified_gmt":"2017-08-16T01:08:52","slug":"previsao-de-salario-minimo-para-2018-cai-para-r-969","status":"publish","type":"post","link":"https:\/\/aconteceunovale.com.br\/portal\/?p=120112","title":{"rendered":"Previs\u00e3o de sal\u00e1rio m\u00ednimo para 2018 cai para R$ 969"},"content":{"rendered":"<p>A revis\u00e3o das proje\u00e7\u00f5es econ\u00f4micas para 2018 levou o governo a reduzir o sal\u00e1rio m\u00ednimo para o pr\u00f3ximo ano. O valor de R$ 979 que consta na Lei de Diretrizes Or\u00e7ament\u00e1rias (LDO) passar\u00e1 para R$ 969 durante a elabora\u00e7\u00e3o do Or\u00e7amento.<\/p>\n<p>A redu\u00e7\u00e3o ocorreu por causa da diminui\u00e7\u00e3o da proje\u00e7\u00e3o de infla\u00e7\u00e3o, que caiu de 4,5% para 4,2% pelo \u00cdndice Nacional de Pre\u00e7os ao Consumidor Amplo (IPCA). Por lei, at\u00e9 2019, o sal\u00e1rio m\u00ednimo \u00e9 definido com base no crescimento da economia de dois anos antes mais a infla\u00e7\u00e3o pelo \u00cdndice Nacional de Pre\u00e7os ao Consumidor (INPC), \u00edndice pr\u00f3ximo ao IPCA. Como o PIB recuou 3,6% em 2016, a varia\u00e7\u00e3o negativa n\u00e3o se refletir\u00e1 no sal\u00e1rio m\u00ednimo de 2018.<\/p>\n<p>De acordo com o ministro do Planejamento, Dyogo Oliveira, o valor do sal\u00e1rio m\u00ednimo pode mudar at\u00e9 o in\u00edcio do pr\u00f3ximo ano. Segundo ele, o Or\u00e7amento trabalha apenas com estimativas. \u201cO sal\u00e1rio m\u00ednimo s\u00f3 ser\u00e1 conhecido em janeiro. At\u00e9 l\u00e1, v\u00e1rias coisas podem mudar\u201d, declarou.<\/p>\n<p><strong>VER PRIMEIRO<\/strong><\/p>\n<p>Receba as not\u00edcias do Aconteceu no Vale em primeira m\u00e3o. Clique em curtir no endere\u00e7o <a href=\"https:\/\/www.facebook.com\/aconteceunovale\" target=\"_blank\"><font color=\"red\">www.facebook.com\/aconteceunovale<\/font><\/a> ou no box abaixo:<\/p>\n<div class=\"fb-like\" data-href=\"https:\/\/www.facebook.com\/aconteceunovale\" data-width=\"120\" data-layout=\"standard\" data-action=\"like\" data-size=\"small\" data-show-faces=\"true\" data-share=\"true\"><\/div>\n<p><\/br><\/p>\n<p><em>(Fonte: Ag\u00eancia Brasil)<\/em><\/p>\n","protected":false},"excerpt":{"rendered":"<p>A revis\u00e3o das proje\u00e7\u00f5es econ\u00f4micas para 2018 levou o governo a reduzir o sal\u00e1rio m\u00ednimo para o pr\u00f3ximo ano. O valor de R$ 979 que consta na Lei de Diretrizes Or\u00e7ament\u00e1rias (LDO) passar\u00e1 para R$ 969 durante a elabora\u00e7\u00e3o do Or\u00e7amento. A redu\u00e7\u00e3o ocorreu por causa da diminui\u00e7\u00e3o da proje\u00e7\u00e3o de infla\u00e7\u00e3o, que caiu de [&hellip;]<\/p>\n","protected":false},"author":1,"featured_media":103762,"comment_status":"open","ping_status":"closed","sticky":false,"template":"","format":"standard","meta":{"amp_status":"","footnotes":""},"categories":[6],"tags":[6116,42383,157401,26448,157402,157403,145162],"class_list":["post-120112","post","type-post","status-publish","format-standard","has-post-thumbnail","hentry","category-br","tag-inflacao","tag-orcamento","tag-previsao-de-salario-minimo-para-2018-cai-para-r-969","tag-salario-minimo","tag-salario-minimo-em-2018","tag-salario-minimo-para-2018","tag-valor-do-salario-minimo-em-2018"],"_links":{"self":[{"href":"https:\/\/aconteceunovale.com.br\/portal\/index.php?rest_route=\/wp\/v2\/posts\/120112","targetHints":{"allow":["GET"]}}],"collection":[{"href":"https:\/\/aconteceunovale.com.br\/portal\/index.php?rest_route=\/wp\/v2\/posts"}],"about":[{"href":"https:\/\/aconteceunovale.com.br\/portal\/index.php?rest_route=\/wp\/v2\/types\/post"}],"author":[{"embeddable":true,"href":"https:\/\/aconteceunovale.com.br\/portal\/index.php?rest_route=\/wp\/v2\/users\/1"}],"replies":[{"embeddable":true,"href":"https:\/\/aconteceunovale.com.br\/portal\/index.php?rest_route=%2Fwp%2Fv2%2Fcomments&post=120112"}],"version-history":[{"count":0,"href":"https:\/\/aconteceunovale.com.br\/portal\/index.php?rest_route=\/wp\/v2\/posts\/120112\/revisions"}],"wp:featuredmedia":[{"embeddable":true,"href":"https:\/\/aconteceunovale.com.br\/portal\/index.php?rest_route=\/wp\/v2\/media\/103762"}],"wp:attachment":[{"href":"https:\/\/aconteceunovale.com.br\/portal\/index.php?rest_route=%2Fwp%2Fv2%2Fmedia&parent=120112"}],"wp:term":[{"taxonomy":"category","embeddable":true,"href":"https:\/\/aconteceunovale.com.br\/portal\/index.php?rest_route=%2Fwp%2Fv2%2Fcategories&post=120112"},{"taxonomy":"post_tag","embeddable":true,"href":"https:\/\/aconteceunovale.com.br\/portal\/index.php?rest_route=%2Fwp%2Fv2%2Ftags&post=120112"}],"curies":[{"name":"wp","href":"https:\/\/api.w.org\/{rel}","templated":true}]}}